{"id":484893,"date":"2025-10-23T17:38:11","date_gmt":"2025-10-23T17:38:11","guid":{"rendered":"https:\/\/www.europesays.com\/fr\/484893\/"},"modified":"2025-10-23T17:38:11","modified_gmt":"2025-10-23T17:38:11","slug":"parfois-je-me-mets-en-danger-a-marseille-les-zombie-phone-ces-passants-scotches-a-leurs-portables","status":"publish","type":"post","link":"https:\/\/www.europesays.com\/fr\/484893\/","title":{"rendered":"\u00ab\u00a0Parfois, je me mets en danger\u00a0\u00bb : \u00e0 Marseille, les \u00ab\u00a0Zombie Phone\u00a0\u00bb, ces passants scotch\u00e9s \u00e0 leurs portables"},"content":{"rendered":"<p>Mardi 21 octobre, la s\u00e9curit\u00e9 routi\u00e8re d\u00e9voilait un clip de pr\u00e9vention pour lutter contre les \u00ab\u00a0Zombie Phone\u00a0\u00bb, ces passant qui traversent sans regarder la route, les yeux riv\u00e9s sur leurs smartphones. Un ph\u00e9nom\u00e8ne qui peut comporter des risques, comme \u00e0 Marseille, place Castellane. <\/p>\n<p>Vous les croisez tous les jours sans vous en rendre compte&#8230; Peut-\u00eatre m\u00eame que vous en faites partie\u00a0: <strong>les \u00ab\u00a0Zombie Phone\u00a0\u00bb, ces passants qui ne l\u00e8vent plus la t\u00eate<\/strong> tant ils sont concentr\u00e9s sur leurs t\u00e9l\u00e9phones portables. Dans un clip de pr\u00e9vention d\u00e9voil\u00e9 ce mardi 21 octobre, la S\u00e9curit\u00e9 Routi\u00e8re tire la sonnette d&rsquo;alarme car ce ph\u00e9nom\u00e8ne devient r\u00e9current.<\/p>\n<p>Un vrai fl\u00e9au<\/p>\n<p>Marseille n&rsquo;est pas \u00e9pargn\u00e9e\u00a0: place Castellane, trois jeunes amis traversent au feu rouge sans regarder aux alentours. \u00ab\u00a0Je veux juste regarder o\u00f9 est-ce qu&rsquo;on pourrait manger\u00a0\u00bb, explique Marie lorsqu&rsquo;on l&rsquo;interpelle. Plant\u00e9 \u00e0 ses c\u00f4t\u00e9s, son ami Fabien plaide coupable\u00a0: \u00ab\u00a0En fait, on vient tout juste de d\u00e9barquer \u00e0 Marseille, on est originaire de Bordeaux. Donc on essaie de se rep\u00e9rer\u00a0\u00bb. Le troisi\u00e8me larron, Arthur, a aussi son portable \u00e0 la main, mais il est conscient des enjeux. \u00ab\u00a0Oui, <strong>pr\u00e8s d&rsquo;un accident pi\u00e9ton mortel sur dix est li\u00e9 \u00e0 la d\u00e9concentration \u00e0 cause du portable<\/strong>. C&rsquo;est un vrai fl\u00e9au, et c&rsquo;est important de le savoir\u00a0\u00bb, souffle-t-il en rangeant le sien dans sa poche.<\/p>\n<p>Et il y a pire\u00a0: ceux qui sont compl\u00e8tement coup\u00e9s du monde, dans leurs bulles, souvent \u00e0 cause d&rsquo;un casque ou de leurs \u00e9couteurs. \u00ab\u00a0J&rsquo;\u00e9coute tout le temps de la musique\u00a0\u00bb, pr\u00e9cise Florian, 22 ans. \u00ab\u00a0Donc forc\u00e9ment je suis souvent dessus. Mais c&rsquo;est vrai que l&rsquo;autre jour, je me suis dit \u00ab\u00a0wow, qu&rsquo;est ce que je suis en train de faire\u00a0\u00bb. <strong>Je me mets compl\u00e8tement en danger<\/strong>\u00ab\u00a0. Un peu plus loin, on manque de percuter Amar, qui file au travail. \u00ab\u00a0Je suis toujours en train de regarder mon planning, mon GPS, ou mes messages&#8230; Il y a tout dessus, c&rsquo;est pratique\u00a0\u00bb.<\/p>\n<p>Des cons\u00e9quences lourdes<\/p>\n<p>Ces comportements \u00e0 risque provoquent de la col\u00e8re. D&rsquo;abord chez les cyclistes, comme Sandra. \u00ab\u00a0S&rsquo;ils n&rsquo;ont pas de casque et qu&rsquo;ils peuvent m&rsquo;entendre, j&rsquo;essaie de leur faire signe. Coucou, je suis l\u00e0, c&rsquo;est dangereux\u00a0! Mais pour l&rsquo;instant je n&rsquo;ai pas eu d&rsquo;accident, j&rsquo;esp\u00e8re que \u00e7a va continuer ainsi\u00a0\u00bb. Tous n&rsquo;ont pas eu cette chance. <strong>Les premiers perturb\u00e9s par cette situation, ce sont les professionnels de la route<\/strong>. C&rsquo;est le cas de St\u00e9phane, conducteur de taxi. La semaine derni\u00e8re, il pile \u00e0 cause d&rsquo;un pi\u00e9ton. Sans avoir le temps de leur faire la morale, une trottinette \u00e9lectrique conduite par un jeune le percute \u00e0 l&rsquo;arri\u00e8re. \u00ab\u00a0J&rsquo;en ai eu pour 300 euros de r\u00e9paration. Il y a une augmentation de l&rsquo;incivisme cette ann\u00e9e&#8230; Les pi\u00e9tons, les v\u00e9los, les trottinettes, les bus, les voitures. Le t\u00e9l\u00e9phone c&rsquo;est un probl\u00e8me. Le manque de civilit\u00e9 aussi, et c&rsquo;est peut-\u00eatre le pire\u00a0\u00bb.<\/p>\n","protected":false},"excerpt":{"rendered":"Mardi 21 octobre, la s\u00e9curit\u00e9 routi\u00e8re d\u00e9voilait un clip de pr\u00e9vention pour lutter contre les \u00ab\u00a0Zombie Phone\u00a0\u00bb, ces&hellip;\n","protected":false},"author":2,"featured_media":484894,"comment_status":"","ping_status":"","sticky":false,"template":"","format":"standard","meta":{"footnotes":""},"categories":[2814],"tags":[1111,11,1777,674,1011,27,884,12,882,25],"class_list":{"0":"post-484893","1":"post","2":"type-post","3":"status-publish","4":"format-standard","5":"has-post-thumbnail","7":"category-marseille","8":"tag-actu","9":"tag-actualites","10":"tag-eu","11":"tag-europe","12":"tag-fr","13":"tag-france","14":"tag-marseille","15":"tag-news","16":"tag-provence-alpes-cote-dazur","17":"tag-republique-francaise"},"share_on_mastodon":{"url":"https:\/\/pubeurope.com\/@fr\/115424703572411958","error":""},"_links":{"self":[{"href":"https:\/\/www.europesays.com\/fr\/wp-json\/wp\/v2\/posts\/484893","targetHints":{"allow":["GET"]}}],"collection":[{"href":"https:\/\/www.europesays.com\/fr\/wp-json\/wp\/v2\/posts"}],"about":[{"href":"https:\/\/www.europesays.com\/fr\/wp-json\/wp\/v2\/types\/post"}],"author":[{"embeddable":true,"href":"https:\/\/www.europesays.com\/fr\/wp-json\/wp\/v2\/users\/2"}],"replies":[{"embeddable":true,"href":"https:\/\/www.europesays.com\/fr\/wp-json\/wp\/v2\/comments?post=484893"}],"version-history":[{"count":0,"href":"https:\/\/www.europesays.com\/fr\/wp-json\/wp\/v2\/posts\/484893\/revisions"}],"wp:featuredmedia":[{"embeddable":true,"href":"https:\/\/www.europesays.com\/fr\/wp-json\/wp\/v2\/media\/484894"}],"wp:attachment":[{"href":"https:\/\/www.europesays.com\/fr\/wp-json\/wp\/v2\/media?parent=484893"}],"wp:term":[{"taxonomy":"category","embeddable":true,"href":"https:\/\/www.europesays.com\/fr\/wp-json\/wp\/v2\/categories?post=484893"},{"taxonomy":"post_tag","embeddable":true,"href":"https:\/\/www.europesays.com\/fr\/wp-json\/wp\/v2\/tags?post=484893"}],"curies":[{"name":"wp","href":"https:\/\/api.w.org\/{rel}","templated":true}]}}