{"id":484903,"date":"2025-10-23T17:44:12","date_gmt":"2025-10-23T17:44:12","guid":{"rendered":"https:\/\/www.europesays.com\/fr\/484903\/"},"modified":"2025-10-23T17:44:12","modified_gmt":"2025-10-23T17:44:12","slug":"la-derniere-etape-sur-la-butte-montmartre-a-ete-reconduite-a-une-condition","status":"publish","type":"post","link":"https:\/\/www.europesays.com\/fr\/484903\/","title":{"rendered":"la derni\u00e8re \u00e9tape sur la butte Montmartre a \u00e9t\u00e9 reconduite, \u00ab\u00a0\u00e0 une condition\u00a0\u00bb"},"content":{"rendered":"<p>            Par<br \/>\n        <strong><br \/>\n            <a href=\"https:\/\/actu.fr\/auteur\/redaction-paris\" title=\"Consulter tous les articles de R\u00e9daction Paris\" rel=\"nofollow noopener\" target=\"_blank\">R\u00e9daction Paris<\/a><br \/>\n        <\/strong><\/p>\n<p>        Publi\u00e9 le<\/p>\n<p>            23 oct. 2025 \u00e0 18h52        <\/p>\n<p>On ne va pas se le cacher, on l\u2019esp\u00e9rait tr\u00e8s fort (O.-K., on s\u2019y attendait). Ce jeudi 23 octobre 2025, le <a href=\"https:\/\/actu.fr\/evenements\/tour-de-france\/tour-de-france-2026-decouvrez-le-parcours-officiel-de-la-grande-boucle_63339889.html\" rel=\"nofollow noopener\" target=\"_blank\">parcours officiel du Tour de France 2026<\/a> a \u00e9t\u00e9 d\u00e9voil\u00e9. Alors qu\u2019on savait d\u00e9j\u00e0 que le d\u00e9part aurait lieu de Barcelone, le 4\u00a0juillet prochain, on a d\u00e9sormais la confirmation que la 21e et derni\u00e8re \u00e9tape, qui commencera \u00e0 Thoiry (Yvelines), foncera par <a href=\"https:\/\/actu.fr\/tag\/montmartre\" rel=\"nofollow noopener\" target=\"_blank\">Montmartre<\/a> avant de se conclure 131\u00a0km plus loin, sur les <a href=\"https:\/\/actu.fr\/tag\/champs-elysees\" rel=\"nofollow noopener\" target=\"_blank\">Champs-\u00c9lys\u00e9es<\/a>, le 26\u00a0juillet.<\/p>\n<p class=\" wall-content\">\u00ab\u2009C\u2019est d\u00e9sormais un passage oblig\u00e9 pour la Grande Boucle\u2009\u00bb, s\u2019est f\u00e9licit\u00e9e la <a href=\"https:\/\/actu.fr\/tag\/mairie-de-paris\" rel=\"nofollow noopener\" target=\"_blank\">Ville de Paris<\/a>, au sujet du crochet dans le 18e arrondissement, qui verra donc pour la deuxi\u00e8me ann\u00e9e cons\u00e9cutive les coureurs cyclistes s\u2019\u00e9reinter sur les fameux pav\u00e9s de la rue Lepic.<\/p>\n<p>La ligne d\u2019arriv\u00e9e \u00e9loign\u00e9e du sommet de la rue Lepic<\/p>\n<p class=\" wall-content\">Pour rappel, l\u2019id\u00e9e avait germ\u00e9 apr\u00e8s le <a href=\"https:\/\/actu.fr\/ile-de-france\/paris_75056\/jo-2024-plus-de-500-000-spectateurs-au-bord-des-routes-l-immense-succes-du-cyclisme-a-paris_61443677.html\" rel=\"nofollow noopener\" target=\"_blank\">succ\u00e8s populaire des \u00e9preuves olympiques de 2024<\/a>, et s\u2019\u00e9tait concr\u00e9tis\u00e9e l\u2019an dernier lors du Tour 2025. Avec le r\u00e9sultat que l\u2019on conna\u00eet\u2009: une \u00e9preuve tr\u00e8s sportive, des <a href=\"https:\/\/actu.fr\/ile-de-france\/paris_75056\/tour-de-france-2025-a-paris-les-folles-images-du-passage-des-cyclistes-rue-lepic-a-montmartre_62963160.html\" rel=\"nofollow noopener\" target=\"_blank\">images fortes<\/a> et un public en liesse mass\u00e9 autour du Sacr\u00e9-C\u0153ur et dans les ruelles de la Butte. Conquise, la soci\u00e9t\u00e9 organisatrice de la Grande Boucle, Amaury Sport Organisation (ASO), avait fait savoir qu\u2019elle souhaitait <a href=\"https:\/\/actu.fr\/ile-de-france\/paris_75056\/tour-de-france-conquis-les-organisateurs-veulent-revenir-a-montmartre-lors-des-prochaines-editions_62967190.html\" rel=\"nofollow noopener\" target=\"_blank\">repasser par Montmartre<\/a> dans les prochaines ann\u00e9es. N\u2019en d\u00e9plaise au double champion olympique belge Remco Evenepoel, pour qui l\u2019\u00e9tape \u00e9tait d\u00e9j\u00e0 <a href=\"https:\/\/actu.fr\/ile-de-france\/paris_75056\/tour-de-france-2025-le-double-champion-olympique-en-titre-oppose-a-un-passage-par-montmartre_62562568.html\" rel=\"nofollow noopener\" target=\"_blank\">suffisamment compliqu\u00e9e et fatigante<\/a>.<\/p>\n<p class=\" wall-content\">Si les coureurs retrouveront en juillet prochain une nouvelle triple ascension de Montmartre, ce n\u2019est toutefois pas en raison de la pression populaire ou de la volont\u00e9 des organisateurs, mais gr\u00e2ce \u00e0 l\u2019autorisation de la <a href=\"https:\/\/actu.fr\/tag\/prefecture-de-police-de-paris\" rel=\"nofollow noopener\" target=\"_blank\">pr\u00e9fecture de Police de Paris<\/a>, a indiqu\u00e9 Christian Prudhomme.<\/p>\n<p class=\" wall-content\">\n<p class=\" wall-content\">\u00ab\u2009Le pr\u00e9fet nous a dit oui pour reconduire le circuit de final de Montmartre, mais \u00e0 une condition\u2009: on ne pouvait plus passer par la rue Royale pour revenir place de la Concorde, a expliqu\u00e9 \u00e0 nos confr\u00e8res de <a href=\"https:\/\/www.franceinfo.fr\/tour-de-france\/entretien-tour-de-france-2026-autant-de-denivele-positif-a-la-veille-des-champs-elysees-c-est-du-jamais-vu-assure-christian-prudhomme_7566778.html\" rel=\"nofollow noopener\" target=\"_blank\">France Info<\/a> le directeur du Tour. Il voulait qu\u2019on revienne par l\u2019avenue Wagram et donc, le haut des Champs-\u00c9lys\u00e9es. Nous, on envisageait d\u00e9j\u00e0 d\u2019ajouter un tour complet des Champs dans le final, mais comme le peloton va arriver par l\u2019avenue Wagram, et donc la place de l\u2019\u00c9toile, \u00e7a revient presque au m\u00eame.\u2009\u00bb<\/p>\n<p class=\" wall-content\">Ce nouvel itin\u00e9raire \u00e9loigne la ligne d\u2019arriv\u00e9e du sommet de la rue Lepic. \u00ab\u2009La ligne d\u2019arriv\u00e9e sera \u00e0 environ 15\u00a0km du Sacr\u00e9-C\u0153ur, a ajout\u00e9 Christian Prudhomme, augurant que\u2009\u00bb cela laissera une chance aux sprinteurs.\u2009\u00bb<\/p>\n<p class=\" wall-content\">Personnalisez votre actualit\u00e9 en ajoutant vos villes et m\u00e9dias en favori avec <a href=\"https:\/\/moncompte.actu.fr\" title=\"D\u00e9couvez Mon Actu\" rel=\"nofollow noopener\" data-trk=\"{&quot;cta&quot;:{&quot;action&quot;:&quot;https:\\\/\\\/moncompte.actu.fr&quot;,&quot;category&quot;:&quot;mon compte&quot;,&quot;from&quot;:&quot;article footer&quot;,&quot;name&quot;:&quot;Mon actu&quot;,&quot;type&quot;:&quot;cta&quot;}}\" target=\"_blank\">Mon Actu<\/a>.<\/p>\n","protected":false},"excerpt":{"rendered":"Par R\u00e9daction Paris Publi\u00e9 le 23 oct. 2025 \u00e0 18h52 On ne va pas se le cacher, on&hellip;\n","protected":false},"author":2,"featured_media":484904,"comment_status":"","ping_status":"","sticky":false,"template":"","format":"standard","meta":{"footnotes":""},"categories":[1888],"tags":[1111,1928,11,1927,207,1777,674,1011,27,7661,12,1926,626,1925,25,60,210],"class_list":{"0":"post-484903","1":"post","2":"type-post","3":"status-publish","4":"format-standard","5":"has-post-thumbnail","7":"category-paris","8":"tag-actu","9":"tag-actu-paris","10":"tag-actualites","11":"tag-actualites-paris","12":"tag-cyclisme","13":"tag-eu","14":"tag-europe","15":"tag-fr","16":"tag-france","17":"tag-montmartre","18":"tag-news","19":"tag-news-paris","20":"tag-paris","21":"tag-paris-news","22":"tag-republique-francaise","23":"tag-sports","24":"tag-tour-de-france"},"share_on_mastodon":{"url":"https:\/\/pubeurope.com\/@fr\/115424727186415440","error":""},"_links":{"self":[{"href":"https:\/\/www.europesays.com\/fr\/wp-json\/wp\/v2\/posts\/484903","targetHints":{"allow":["GET"]}}],"collection":[{"href":"https:\/\/www.europesays.com\/fr\/wp-json\/wp\/v2\/posts"}],"about":[{"href":"https:\/\/www.europesays.com\/fr\/wp-json\/wp\/v2\/types\/post"}],"author":[{"embeddable":true,"href":"https:\/\/www.europesays.com\/fr\/wp-json\/wp\/v2\/users\/2"}],"replies":[{"embeddable":true,"href":"https:\/\/www.europesays.com\/fr\/wp-json\/wp\/v2\/comments?post=484903"}],"version-history":[{"count":0,"href":"https:\/\/www.europesays.com\/fr\/wp-json\/wp\/v2\/posts\/484903\/revisions"}],"wp:featuredmedia":[{"embeddable":true,"href":"https:\/\/www.europesays.com\/fr\/wp-json\/wp\/v2\/media\/484904"}],"wp:attachment":[{"href":"https:\/\/www.europesays.com\/fr\/wp-json\/wp\/v2\/media?parent=484903"}],"wp:term":[{"taxonomy":"category","embeddable":true,"href":"https:\/\/www.europesays.com\/fr\/wp-json\/wp\/v2\/categories?post=484903"},{"taxonomy":"post_tag","embeddable":true,"href":"https:\/\/www.europesays.com\/fr\/wp-json\/wp\/v2\/tags?post=484903"}],"curies":[{"name":"wp","href":"https:\/\/api.w.org\/{rel}","templated":true}]}}