{"id":484912,"date":"2025-10-23T17:54:00","date_gmt":"2025-10-23T17:54:00","guid":{"rendered":"https:\/\/www.europesays.com\/fr\/484912\/"},"modified":"2025-10-23T17:54:00","modified_gmt":"2025-10-23T17:54:00","slug":"revenu-dukraine-dans-sa-normandie-natale-il-montre-en-film-lautre-cote-de-la-guerre-pour-ne-pas-oublier","status":"publish","type":"post","link":"https:\/\/www.europesays.com\/fr\/484912\/","title":{"rendered":"Revenu d&rsquo;Ukraine dans sa Normandie natale, il montre en film l&rsquo;autre c\u00f4t\u00e9 de la guerre : \u00ab\u00a0Pour ne pas oublier\u00a0\u00bb"},"content":{"rendered":"<p>            Par<br \/>\n        <strong><br \/>\n            <a href=\"https:\/\/actu.fr\/auteur\/nathan-blouin\" title=\"Consulter tous les articles de Nathan Blouin\" target=\"_blank\" rel=\"noopener\">Nathan Blouin<\/a><br \/>\n        <\/strong><\/p>\n<p>        Publi\u00e9 le<\/p>\n<p>            23 oct. 2025 \u00e0 19h06        <\/p>\n<p>N\u00e9 \u00e0 <a href=\"https:\/\/actu.fr\/normandie\/landes-sur-ajon_14353\" target=\"_blank\" rel=\"noopener\">Landes-sur-Ajon<\/a>, dans le <b>Calvados<\/b>, et ancien directeur du cin\u00e9ma de <a href=\"https:\/\/actu.fr\/normandie\/vire-normandie_14762\" target=\"_blank\" rel=\"noopener\">Vire<\/a> \u2013 entre bien d\u2019autres choses \u2013 Jacky Lebas est un enfant du <b>Bocage virois<\/b> et du<b> Pr\u00e9-Bocage<\/b>. <br \/>Mais depuis 2019, c\u2019est en <b>Ukraine<\/b>, dans la ville de Jytomyr, qu\u2019il vit. \u00c0 l\u2019origine, pour y <b>r\u00e9aliser un film <\/b>sur \u00ab l\u2019histoire du pays, sa musique, ses traditions, son folklore \u00bb\u2026 Mais, comme chacun sait, les \u00e9v\u00e9nements du 24 f\u00e9vrier 2022 et leurs cons\u00e9quences ont <b>tout boulevers\u00e9 sur place<\/b>. <br \/>Et depuis, <a href=\"https:\/\/actu.fr\/normandie\/vire-normandie_14762\/depuis-lukraine-lancien-virois-jacky-lebas-retrace-une-nouvelle-annee-de-guerre_60579953.html\" target=\"_blank\" rel=\"noopener\">Jacky Lebas rend compte de l\u2019\u00e9volution de la guerre entre la Russie et l\u2019Ukraine<\/a>, aussi bien depuis chez lui, l\u00e0-bas, qu\u2019en partageant son <b>t\u00e9moignage <\/b>\u00e0 d\u2019autres pays. En particulier la France, o\u00f9 il revient r\u00e9guli\u00e8rement.<\/p>\n<blockquote class=\"ac-article-quote wall-content\">\n<p>C\u2019est un combat que je ne veux pas l\u00e2cher, parce que j\u2019ai l\u2019impression que \u00e7a n\u2019int\u00e9resse plus grand monde alors que l\u00e0-bas, c\u2019est l\u2019enfer depuis bient\u00f4t quatre ans. Dans les rues ukrainiennes, il n\u2019y a plus d\u2019hommes, plus de p\u00e8res, et par cons\u00e9quent, plus de naissances, et je crois que cela, c\u2019est encore pire que les combats eux-m\u00eames pour l\u2019apr\u00e8s.<\/p>\n<p>Jacky Lebas<\/p><\/blockquote>\n<p>De retour dans sa r\u00e9gion natale, pour partager son exp\u00e9rience<\/p>\n<p class=\" wall-content\">Mais ce n\u2019est pas cet aspect de son pays d\u2019adoption que Jacky Lebas souhaitera avant tout mettre en avant lors de sa prochaine venue dans le secteur, programm\u00e9e pour ce <b>samedi 25 octobre 2025<\/b>.<\/p>\n<p class=\" wall-content\">Le Normand est en effet de retour dans l\u2019Hexagone pour \u00ab <b>une tourn\u00e9e de plusieurs jours<\/b> \u00bb et sera m\u00eame \u00e0 cette occasion dans son Pr\u00e9-Bocage natal, \u00e0 <a href=\"https:\/\/actu.fr\/normandie\/villy-bocage_14760\" target=\"_blank\" rel=\"noopener\">Villy-Bocage<\/a>, samedi soir.<\/p>\n<blockquote class=\"ac-article-quote wall-content\">\n<p>Avec Villy-Bocage, c\u2019est le c\u0153ur qui parle, car je suis n\u00e9 \u00e0 c\u00f4t\u00e9 et c\u2019est l\u00e0 que j\u2019ai appris le piano, \u00e0 10 ans, avec le cur\u00e9. Isabelle Mialdea est aussi une amie d\u2019enfance.<\/p>\n<\/blockquote>\n<p>Montrer l\u2019Ukraine au-del\u00e0 de la guerre<\/p>\n<p class=\" wall-content\">Le lien \u00e9tait donc tout trouv\u00e9 pour arriver \u00e0 <a href=\"https:\/\/actu.fr\/normandie\/villy-bocage_14760\/calvados-a-latelier-des-spectacles-et-des-scenes-pour-denicher-les-jeunes-talents-de-la-musique_63186255.html\" target=\"_blank\" rel=\"noopener\">l\u2019espace culturel du village, l\u2019Atelier<\/a>, g\u00e9r\u00e9 par l\u2019association que pr\u00e9side Isabelle Mialdea, <b>L\u2019\u00c9tincelle<\/b>. L\u00e0, Jacky Lebas pr\u00e9sentera justement au public le film qu\u2019il avait en t\u00eate \u00e0 son arriv\u00e9e \u00e0 l\u2019Est du continent, <b>\u00ab Ukraine, la terre oubli\u00e9e \u00bb<\/b>.<\/p>\n<p>    <img   decoding=\"async\" loading=\"lazy\" class=\"size-large\" src=\"https:\/\/www.europesays.com\/fr\/wp-content\/uploads\/2025\/10\/0740d2f987f862b60d2f987f8a1f0dv-960x629.jpg\" alt=\"jacky lebas\" width=\"960\" height=\"629\"\/><br \/>\n    Le film est r\u00e9alis\u00e9 \u00e0 partir d\u2019images film\u00e9es depuis 2021. \u00a9Jacky Lebas<\/p>\n<p>Votre r\u00e9gion, votre actu !<\/p>\n<p>Recevez chaque jour les infos qui comptent pour vous.<\/p>\n<p>\t<a href=\"https:\/\/actu.fr\/newsletter\" class=\"ac-btn ac-btn--corner ac-btn--medium ac-btn--blue800\" target=\"_blank\" rel=\"noopener\">S&rsquo;incrire<\/a><\/p>\n<blockquote class=\"ac-article-quote wall-content\">\n<p>C\u2019est un film de pr\u00e8s d\u20191h30, fait \u00e0 partir d\u2019images tourn\u00e9es de 2021 \u00e0 aujourd\u2019hui, qui nous prom\u00e8ne de Kiev \u00e0 la fronti\u00e8re b\u00e9larusse, de Lviv \u00e0 Odessa, au plus profond des Carpates, dans des f\u00eates de village au sommet des montagnes, de P\u00e2ques \u00e0 No\u00ebl\u2026 Ce que je veux raconter, c\u2019est la vraie vie des Ukrainiens, au-del\u00e0 de la guerre. Plus que jamais, il faut montrer que l\u2019Ukraine est r\u00e9siliente, qu\u2019elle vit ; je rencontre des gens, je vais \u00e0 des f\u00eates, je vois des m\u00e8res qui essaient de donner une vie normale aux enfants\u2026 Tout \u00e7a, c\u2019est pour ne pas oublier.<\/p>\n<\/blockquote>\n<p class=\" wall-content\">Apr\u00e8s la diffusion de son film, le r\u00e9alisateur <b>prendra la parole pour \u00e9changer avec le public<\/b>. La participation \u00e0 la soir\u00e9e est <b>libre <\/b>: chacun pourra donner ce qu\u2019il souhaite.<\/p>\n<p>Samedi 25\u00a0octobre \u00e0 L\u2019Atelier, \u00e0 Villy-Bocage. Ouverture des portes \u00e0 20 h, d\u00e9but du film \u00e0 20 h 30. Participation libre.<\/p>\n<p class=\" wall-content\">Personnalisez votre actualit\u00e9 en ajoutant vos villes et m\u00e9dias en favori avec <a href=\"https:\/\/moncompte.actu.fr\" title=\"D\u00e9couvez Mon Actu\" rel=\"nofollow noopener\" data-trk=\"{&quot;cta&quot;:{&quot;action&quot;:&quot;https:\\\/\\\/moncompte.actu.fr&quot;,&quot;category&quot;:&quot;mon compte&quot;,&quot;from&quot;:&quot;article footer&quot;,&quot;name&quot;:&quot;Mon actu&quot;,&quot;type&quot;:&quot;cta&quot;}}\" target=\"_blank\">Mon Actu<\/a>.<\/p>\n","protected":false},"excerpt":{"rendered":"Par Nathan Blouin Publi\u00e9 le 23 oct. 2025 \u00e0 19h06 N\u00e9 \u00e0 Landes-sur-Ajon, dans le Calvados, et ancien&hellip;\n","protected":false},"author":2,"featured_media":484913,"comment_status":"","ping_status":"","sticky":false,"template":"","format":"standard","meta":{"footnotes":""},"categories":[1590],"tags":[11,5164,650,1777,674,131,12,104,220],"class_list":{"0":"post-484912","1":"post","2":"type-post","3":"status-publish","4":"format-standard","5":"has-post-thumbnail","7":"category-ukraine","8":"tag-actualites","9":"tag-calvados","10":"tag-cinema","11":"tag-eu","12":"tag-europe","13":"tag-guerre-en-ukraine","14":"tag-news","15":"tag-societe","16":"tag-ukraine"},"share_on_mastodon":{"url":"https:\/\/pubeurope.com\/@fr\/115424770754435830","error":""},"_links":{"self":[{"href":"https:\/\/www.europesays.com\/fr\/wp-json\/wp\/v2\/posts\/484912","targetHints":{"allow":["GET"]}}],"collection":[{"href":"https:\/\/www.europesays.com\/fr\/wp-json\/wp\/v2\/posts"}],"about":[{"href":"https:\/\/www.europesays.com\/fr\/wp-json\/wp\/v2\/types\/post"}],"author":[{"embeddable":true,"href":"https:\/\/www.europesays.com\/fr\/wp-json\/wp\/v2\/users\/2"}],"replies":[{"embeddable":true,"href":"https:\/\/www.europesays.com\/fr\/wp-json\/wp\/v2\/comments?post=484912"}],"version-history":[{"count":0,"href":"https:\/\/www.europesays.com\/fr\/wp-json\/wp\/v2\/posts\/484912\/revisions"}],"wp:featuredmedia":[{"embeddable":true,"href":"https:\/\/www.europesays.com\/fr\/wp-json\/wp\/v2\/media\/484913"}],"wp:attachment":[{"href":"https:\/\/www.europesays.com\/fr\/wp-json\/wp\/v2\/media?parent=484912"}],"wp:term":[{"taxonomy":"category","embeddable":true,"href":"https:\/\/www.europesays.com\/fr\/wp-json\/wp\/v2\/categories?post=484912"},{"taxonomy":"post_tag","embeddable":true,"href":"https:\/\/www.europesays.com\/fr\/wp-json\/wp\/v2\/tags?post=484912"}],"curies":[{"name":"wp","href":"https:\/\/api.w.org\/{rel}","templated":true}]}}