{"id":484915,"date":"2025-10-23T17:59:16","date_gmt":"2025-10-23T17:59:16","guid":{"rendered":"https:\/\/www.europesays.com\/fr\/484915\/"},"modified":"2025-10-23T17:59:16","modified_gmt":"2025-10-23T17:59:16","slug":"plus-de-36-950-migrants-sont-arrives-en-bateau-au-royaume-uni-en-traversant-la-manche-en-2025-deja-plus-quen-2024","status":"publish","type":"post","link":"https:\/\/www.europesays.com\/fr\/484915\/","title":{"rendered":"plus de 36\u00a0950\u00a0migrants sont arriv\u00e9s en bateau au Royaume-Uni en traversant la Manche en\u00a02025, d\u00e9j\u00e0 plus qu\u2019en\u00a02024"},"content":{"rendered":"<p>                      <img loading=\"lazy\" decoding=\"async\" src=\"https:\/\/www.europesays.com\/fr\/wp-content\/uploads\/2025\/10\/df6fc37_ftp-import-images-1-cv8prpl9uuye-5241021-01-06.jpg\" alt=\"Des migrants s\u2019avancent dans la mer pour tenter de monter \u00e0 bord de bateaux afin de traverser la Manche, au large de la plage de Gravelines, dans le nord de la France, le 27\u00a0septembre 2025.\"   width=\"664\" height=\"443\"\/>    Des migrants s\u2019avancent dans la mer pour tenter de monter \u00e0 bord de bateaux afin de traverser la Manche, au large de la plage de Gravelines, dans le nord de la France, le 27\u00a0septembre 2025.  SAMEER AL-DOUMY \/ AFP                          <\/p>\n<p class=\"article__paragraph  \">Depuis le d\u00e9but de l\u2019ann\u00e9e 2025, 36\u00a0954 migrants sont arriv\u00e9s au Royaume-Uni en traversant la Manche dans des embarcations de fortune, d\u00e9passant le nombre total d\u2019arriv\u00e9es sur l\u2019ensemble de l\u2019ann\u00e9e 2024, selon des chiffres du minist\u00e8re de l\u2019int\u00e9rieur publi\u00e9s jeudi 23\u00a0octobre.<\/p>\n<p class=\"article__paragraph  \">Ces chiffres restent cependant en de\u00e7a de ceux enregistr\u00e9s en\u00a02022, quand plus de 45\u00a0000 migrants avaient d\u00e9barqu\u00e9 sur les c\u00f4tes anglaises sur l\u2019ensemble de l\u2019ann\u00e9e, soit le chiffre le plus \u00e9lev\u00e9 depuis le d\u00e9but du ph\u00e9nom\u00e8ne en\u00a02018.<\/p>\n<p class=\"article__paragraph  \">Le gouvernement travailliste de Keir Starmer tente, en vain pour l\u2019instant, de faire baisser le nombre de migrants qui traversent la Manche \u00e0 bord de ces petites embarcations. Sur l\u2019ensemble de l\u2019ann\u00e9e 2024, 36\u00a0816 migrants \u00e9taient ainsi arriv\u00e9s sur le sol britannique.<\/p>\n<p>                                       Lire aussi le reportage |  Article r\u00e9serv\u00e9 \u00e0 nos abonn\u00e9s  <a href=\"https:\/\/www.lemonde.fr\/societe\/article\/2025\/07\/07\/dans-la-manche-les-traversees-de-migrants-ne-cessent-d-augmenter-c-est-assez-inedit-qu-il-y-ait-autant-de-gens_6619520_3224.html\" class=\"js-article-read-also catcher--favoris__link\" data-premium=\"1\" id=\"article-title-3430257\" rel=\"nofollow noopener\" target=\"_blank\">Les \u00ab\u00a0small boats\u00a0\u00bb de migrants traversant la Manche pour atteindre le Royaume-Uni se multiplient<\/a>    <\/p>\n<p>   Lire plus tard  <\/p>\n<p class=\"article__paragraph  \">Londres a conclu cet \u00e9t\u00e9 un accord avec Paris qui consiste \u00e0 renvoyer en France des migrants arriv\u00e9s au Royaume-Uni \u00e0 bord de ces embarcations, en \u00e9change de l\u2019accueil par ce pays de migrants se trouvant en France, sur le principe du \u00ab\u00a0un pour un\u00a0\u00bb.<\/p>\n<p class=\"article__paragraph  \">Depuis son entr\u00e9e en vigueur d\u00e9but ao\u00fbt, 42 migrants ont \u00e9t\u00e9 expuls\u00e9s vers la France, et 23 personnes ont \u00e9t\u00e9 accueillies au Royaume-Uni, selon le Home Office. Et un migrant qui avait \u00e9t\u00e9 renvoy\u00e9 vers la France dans le cadre de cet accord a de nouveau fait la travers\u00e9e et rejoint l\u2019Angleterre il y a quelques jours.<\/p>\n<p class=\"article__paragraph  \">Ces travers\u00e9es p\u00e9rilleuses <a href=\"https:\/\/www.lemonde.fr\/societe\/article\/2025\/10\/18\/pres-de-200-personnes-qui-tentaient-de-traverser-clandestinement-la-manche-secourues-en-vingt-quatre-heures_6648036_3224.html\" rel=\"nofollow noopener\" target=\"_blank\">ont caus\u00e9 la mort d\u2019au moins 27 migrants<\/a> depuis le d\u00e9but de l\u2019ann\u00e9e, selon un d\u00e9compte de l\u2019Agence France-Presse \u00e0 partir de donn\u00e9es officielles.<\/p>\n<p class=\"article__paragraph  \">Londres presse Paris de modifier sa doctrine d\u2019intervention afin de pouvoir intercepter ces embarcations jusqu\u2019\u00e0 300 m\u00e8tres des c\u00f4tes, et le pr\u00e9sident fran\u00e7ais, Emmanuel Macron, avait d\u00e9clar\u00e9 en juillet que l\u2019accord franco-britannique devait permettre d\u2019\u00ab\u00a0agir sur la globalit\u00e9 du dispositif maritime\u00a0\u00bb.<\/p>\n<p>                                       Lire aussi |  Article r\u00e9serv\u00e9 \u00e0 nos abonn\u00e9s  <a href=\"https:\/\/www.lemonde.fr\/societe\/article\/2025\/09\/16\/debut-de-l-application-de-l-accord-entre-le-royaume-uni-et-la-france-sur-le-renvoi-de-migrants_6641361_3224.html\" class=\"js-article-read-also catcher--favoris__link\" data-premium=\"1\" id=\"article-title-3438096\" rel=\"nofollow noopener\" target=\"_blank\">Immigration\u00a0: l\u2019accord entre le Royaume-Uni et la France sur le renvoi de migrants devrait \u00eatre mis en pratique dans les jours \u00e0 venir<\/a>    <\/p>\n<p>   Lire plus tard  <\/p>\n<p class=\"author__detail\">  Le Monde avec AFP  <\/p>\n<p>                <a href=\"https:\/\/www.lemonde.fr\/syndication\/\" class=\"reuse__content\" title=\"R\u00e9utiliser ce contenu\" target=\"_blank\" rel=\"nofollow noopener\">R\u00e9utiliser ce contenu<\/a>      <\/p>\n","protected":false},"excerpt":{"rendered":"Des migrants s\u2019avancent dans la mer pour tenter de monter \u00e0 bord de bateaux afin de traverser la&hellip;\n","protected":false},"author":2,"featured_media":484916,"comment_status":"","ping_status":"","sticky":false,"template":"","format":"standard","meta":{"footnotes":""},"categories":[1588],"tags":[11,1777,674,12,473,1853,1851,1850,1852],"class_list":{"0":"post-484915","1":"post","2":"type-post","3":"status-publish","4":"format-standard","5":"has-post-thumbnail","7":"category-royaume-uni","8":"tag-actualites","9":"tag-eu","10":"tag-europe","11":"tag-news","12":"tag-royaume-uni","13":"tag-royaume-uni-de-grande-bretagne-et-dirlande-du-nord","14":"tag-uk","15":"tag-united-kingdom","16":"tag-united-kingdom-of-great-britain-and-northern-ireland"},"share_on_mastodon":{"url":"https:\/\/pubeurope.com\/@fr\/115424786738192856","error":""},"_links":{"self":[{"href":"https:\/\/www.europesays.com\/fr\/wp-json\/wp\/v2\/posts\/484915","targetHints":{"allow":["GET"]}}],"collection":[{"href":"https:\/\/www.europesays.com\/fr\/wp-json\/wp\/v2\/posts"}],"about":[{"href":"https:\/\/www.europesays.com\/fr\/wp-json\/wp\/v2\/types\/post"}],"author":[{"embeddable":true,"href":"https:\/\/www.europesays.com\/fr\/wp-json\/wp\/v2\/users\/2"}],"replies":[{"embeddable":true,"href":"https:\/\/www.europesays.com\/fr\/wp-json\/wp\/v2\/comments?post=484915"}],"version-history":[{"count":0,"href":"https:\/\/www.europesays.com\/fr\/wp-json\/wp\/v2\/posts\/484915\/revisions"}],"wp:featuredmedia":[{"embeddable":true,"href":"https:\/\/www.europesays.com\/fr\/wp-json\/wp\/v2\/media\/484916"}],"wp:attachment":[{"href":"https:\/\/www.europesays.com\/fr\/wp-json\/wp\/v2\/media?parent=484915"}],"wp:term":[{"taxonomy":"category","embeddable":true,"href":"https:\/\/www.europesays.com\/fr\/wp-json\/wp\/v2\/categories?post=484915"},{"taxonomy":"post_tag","embeddable":true,"href":"https:\/\/www.europesays.com\/fr\/wp-json\/wp\/v2\/tags?post=484915"}],"curies":[{"name":"wp","href":"https:\/\/api.w.org\/{rel}","templated":true}]}}