{"id":484919,"date":"2025-10-23T18:01:11","date_gmt":"2025-10-23T18:01:11","guid":{"rendered":"https:\/\/www.europesays.com\/fr\/484919\/"},"modified":"2025-10-23T18:01:11","modified_gmt":"2025-10-23T18:01:11","slug":"le-psg-a-t-il-une-emprise-psychologique-en-europe","status":"publish","type":"post","link":"https:\/\/www.europesays.com\/fr\/484919\/","title":{"rendered":"Le PSG a-t-il une emprise psychologique en Europe ?"},"content":{"rendered":"<p>Le PSG a-t-il une emprise psychologique en Europe ? Sur le m\u00eame sujet<a href=\"https:\/\/rmcsport.bfmtv.com\/replay-emissions\/rothen-regale\/video-le-psg-a-t-il-une-emprise-psychologique-en-europe_VN-202510230835.html\" title=\"Le PSG a-t-il une emprise psychologique en Europe ?\" rel=\"nofollow noopener\" target=\"_blank\"><img class=\"lozad\"  width=\"16\" height=\"9\" alt=\"Le PSG a-t-il une emprise psychologique en Europe ?\"\/>en lectureLe PSG a-t-il une emprise psychologique en Europe ?<\/a><a href=\"https:\/\/rmcsport.bfmtv.com\/replay-emissions\/rothen-regale\/video-emerson-meritait-il-ses-deux-cartons-jaunes-par-un-ancien-arbitre_VN-202510230809.html\" title=\"Sporting - OM : Emerson m\u00e9ritait-il ses deux cartons jaunes ?\" rel=\"nofollow noopener\" target=\"_blank\"><img class=\"lozad\"  width=\"16\" height=\"9\" alt=\"Sporting - OM : Emerson m\u00e9ritait-il ses deux cartons jaunes ?\"\/>6:46Sporting &#8211; OM : Emerson m\u00e9ritait-il ses deux cartons jaunes ?<\/a><a href=\"https:\/\/rmcsport.bfmtv.com\/replay-emissions\/rothen-regale\/video-sporting-2-1-om-j-espere-que-marseille-ne-va-pas-le-regretter-analyse-rothen_VN-202510230798.html\" title=\"Sporting 2-1 OM : &quot;J&#039;esp\u00e8re que Marseille ne va pas le regretter&quot;, analyse Rothen\" rel=\"nofollow noopener\" target=\"_blank\"><img class=\"lozad\"  width=\"16\" height=\"9\" alt=\"Sporting 2-1 OM : &quot;J'esp\u00e8re que Marseille ne va pas le regretter&quot;, analyse Rothen\"\/>8:39Sporting 2-1 OM : \u00ab\u00a0J&rsquo;esp\u00e8re que Marseille ne va pas le regretter\u00a0\u00bb, analyse Rothen<\/a><a href=\"https:\/\/rmcsport.bfmtv.com\/replay-emissions\/rothen-regale\/video-c-est-important-pour-le-foot-francais-d-avoir-un-club-comme-le-psg-estime-pedro-miguel-pauleta_VN-202510220789.html\" title=\"&quot;C&#039;est important pour le foot fran\u00e7ais d&#039;avoir un club comme le PSG&quot; estime Pedro Miguel Pauleta\" rel=\"nofollow noopener\" target=\"_blank\"><img class=\"lozad\"  width=\"16\" height=\"9\" alt=\"&quot;C'est important pour le foot fran\u00e7ais d'avoir un club comme le PSG&quot; estime Pedro Miguel Pauleta\"\/>13:00&Prime;C&rsquo;est important pour le foot fran\u00e7ais d&rsquo;avoir un club comme le PSG\u00a0\u00bb estime Pedro Miguel Pauleta<\/a><a href=\"https:\/\/rmcsport.bfmtv.com\/replay-emissions\/rothen-regale\/video-zabarnyi-le-psg-s-attendait-certainement-a-mieux-lache-larque_VN-202510220771.html\" title=\"&quot;Zabarnyi ? Le PSG s&#039;attendait certainement \u00e0 mieux&quot;, l\u00e2che Larqu\u00e9\" rel=\"nofollow noopener\" target=\"_blank\"><img class=\"lozad\"  width=\"16\" height=\"9\" alt=\"&quot;Zabarnyi ? Le PSG s'attendait certainement \u00e0 mieux&quot;, l\u00e2che Larqu\u00e9\"\/>8:38&Prime;Zabarnyi ? Le PSG s&rsquo;attendait certainement \u00e0 mieux\u00a0\u00bb, l\u00e2che Larqu\u00e9<\/a><a href=\"https:\/\/rmcsport.bfmtv.com\/replay-emissions\/rothen-regale\/video-leverkusen-2-7-psg-tu-peux-toujours-faire-mieux-rothen-revient-sur-la-prestation-parisienne_VN-202510220742.html\" title=\"Leverkusen 2-7 PSG : \u201cTu peux toujours faire mieux\u2026\u201d, Rothen revient sur la prestation parisienne\" rel=\"nofollow noopener\" target=\"_blank\"><img class=\"lozad\"  width=\"16\" height=\"9\" alt=\"Leverkusen 2-7 PSG : \u201cTu peux toujours faire mieux\u2026\u201d, Rothen revient sur la prestation parisienne\"\/>14:24Leverkusen 2-7 PSG : \u201cTu peux toujours faire mieux\u2026\u201d, Rothen revient sur la prestation parisienne<\/a><a href=\"https:\/\/rmcsport.bfmtv.com\/replay-emissions\/rothen-regale\/video-manchester-city-c-est-risible-qu-il-dise-ca-reagit-rothen-aux-propos-de-guardiola-sur-cherki_VN-202510210877.html\" title=\"Manchester City : \u201cC&#039;est risible qu\u2019il dise \u00e7a \u201d, r\u00e9agit Rothen aux propos de Guardiola sur Cherki\" rel=\"nofollow noopener\" target=\"_blank\"><img class=\"lozad\"  width=\"16\" height=\"9\" alt=\"Manchester City : \u201cC'est risible qu\u2019il dise \u00e7a \u201d, r\u00e9agit Rothen aux propos de Guardiola sur Cherki\"\/>11:22Manchester City : \u201cC&rsquo;est risible qu\u2019il dise \u00e7a \u201d, r\u00e9agit Rothen aux propos de Guardiola sur Cherki<\/a><a href=\"https:\/\/rmcsport.bfmtv.com\/replay-emissions\/rothen-regale\/video-psg-tout-miser-sur-la-2e-partie-de-saison-un-jeu-risque_VN-202510210756.html\" title=\"PSG : Tout miser sur la 2e partie de saison, un jeu risqu\u00e9...\" rel=\"nofollow noopener\" target=\"_blank\"><img class=\"lozad\"  width=\"16\" height=\"9\" alt=\"PSG : Tout miser sur la 2e partie de saison, un jeu risqu\u00e9...\"\/>10:57PSG : Tout miser sur la 2e partie de saison, un jeu risqu\u00e9&#8230;<\/a><a href=\"https:\/\/rmcsport.bfmtv.com\/replay-emissions\/rothen-regale\/video-ligue-1-l-om-pretendant-au-titre-di-meco-est-convaincu_VN-202510200822.html\" title=\"Ligue 1 : L&#039;OM &quot;pr\u00e9tendant au titre&quot;, Di Meco est convaincu \" rel=\"nofollow noopener\" target=\"_blank\"><img class=\"lozad\"  width=\"16\" height=\"9\" alt=\"Ligue 1 : L'OM &quot;pr\u00e9tendant au titre&quot;, Di Meco est convaincu \"\/>0:35Ligue 1 : L&rsquo;OM \u00ab\u00a0pr\u00e9tendant au titre\u00a0\u00bb, Di Meco est convaincu<\/a><a href=\"https:\/\/rmcsport.bfmtv.com\/replay-emissions\/rothen-regale\/video-l-om-en-tete-de-la-ligue-1-ce-n-est-pas-anecdotique-assurent-rothen-et-di-meco_VN-202510200679.html\" title=\"L&#039;OM en t\u00eate de la Ligue 1, &quot;ce n&#039;est pas anecdotique&quot; assurent Rothen et Di Meco\" rel=\"nofollow noopener\" target=\"_blank\"><img class=\"lozad\"  width=\"16\" height=\"9\" alt=\"L'OM en t\u00eate de la Ligue 1, &quot;ce n'est pas anecdotique&quot; assurent Rothen et Di Meco\"\/>12:26L&rsquo;OM en t\u00eate de la Ligue 1, \u00ab\u00a0ce n&rsquo;est pas anecdotique\u00a0\u00bb assurent Rothen et Di Meco<\/a><a href=\"https:\/\/rmcsport.bfmtv.com\/replay-emissions\/rothen-regale\/video-fc-barcelone-lamine-yamal-de-nouveau-dans-une-tempete-mediatique-vrai-probleme-ou-acharnement_VN-202510170814.html\" title=\"FC Barcelone : Lamine Yamal de nouveau dans une temp\u00eate m\u00e9diatique... vrai probl\u00e8me ou acharnement ?\" rel=\"nofollow noopener\" target=\"_blank\"><img class=\"lozad\"  width=\"16\" height=\"9\" alt=\"FC Barcelone : Lamine Yamal de nouveau dans une temp\u00eate m\u00e9diatique... vrai probl\u00e8me ou acharnement ?\"\/>7:52FC Barcelone : Lamine Yamal de nouveau dans une temp\u00eate m\u00e9diatique&#8230; vrai probl\u00e8me ou acharnement ?<\/a><a href=\"https:\/\/rmcsport.bfmtv.com\/replay-emissions\/rothen-regale\/video-psg-goncalo-ramos-pas-au-niveau-trop-isole-rothen-et-papin-s-opposent_VN-202510170793.html\" title=\"PSG : Gon\u00e7alo Ramos pas au niveau, trop isol\u00e9 ? Rothen et Papin s&#039;opposent\" rel=\"nofollow noopener\" target=\"_blank\"><img class=\"lozad\"  width=\"16\" height=\"9\" alt=\"PSG : Gon\u00e7alo Ramos pas au niveau, trop isol\u00e9 ? Rothen et Papin s'opposent\"\/>7:24PSG : Gon\u00e7alo Ramos pas au niveau, trop isol\u00e9 ? Rothen et Papin s&rsquo;opposent<\/a><a href=\"https:\/\/rmcsport.bfmtv.com\/replay-emissions\/rothen-regale\/video-ligue-1-droits-tv-l-attitude-des-presidents-de-ligue-1-envers-la-chaine-est-elle-scandaleuse_VN-202510170761.html\" title=\"Ligue 1+ : L&#039;attitude des pr\u00e9sidents de Ligue 1 envers la cha\u00eene est-elle scandaleuse ?\" rel=\"nofollow noopener\" target=\"_blank\"><img class=\"lozad\"  width=\"16\" height=\"9\" alt=\"Ligue 1+ : L'attitude des pr\u00e9sidents de Ligue 1 envers la cha\u00eene est-elle scandaleuse ?\"\/>20:38Ligue 1+ : L&rsquo;attitude des pr\u00e9sidents de Ligue 1 envers la cha\u00eene est-elle scandaleuse ?<\/a><a href=\"https:\/\/rmcsport.bfmtv.com\/replay-emissions\/rothen-regale\/video-ol-un-belle-equipe-mais-il-y-a-des-manques-estime-rothen_VN-202510160870.html\" title=\"OL : \u201cUn belle \u00e9quipe, mais il y a des manques\u2026\u201d, estime Rothen\" rel=\"nofollow noopener\" target=\"_blank\"><img class=\"lozad\"  width=\"16\" height=\"9\" alt=\"OL : \u201cUn belle \u00e9quipe, mais il y a des manques\u2026\u201d, estime Rothen\"\/>9:59OL : \u201cUn belle \u00e9quipe, mais il y a des manques\u2026\u201d, estime Rothen<\/a><a class=\"jumpToVideo\" target=\"_blank\"><img class=\"thumbnailPreview\"\/><\/a><\/p>\n","protected":false},"excerpt":{"rendered":"Le PSG a-t-il une emprise psychologique en Europe ? Sur le m\u00eame sujeten lectureLe PSG a-t-il une emprise&hellip;\n","protected":false},"author":2,"featured_media":484920,"comment_status":"","ping_status":"","sticky":false,"template":"","format":"standard","meta":{"footnotes":""},"categories":[1586],"tags":[11,1777,674,1011,27,12,25],"class_list":{"0":"post-484919","1":"post","2":"type-post","3":"status-publish","4":"format-standard","5":"has-post-thumbnail","7":"category-europe","8":"tag-actualites","9":"tag-eu","10":"tag-europe","11":"tag-fr","12":"tag-france","13":"tag-news","14":"tag-republique-francaise"},"share_on_mastodon":{"url":"https:\/\/pubeurope.com\/@fr\/115424793987625307","error":""},"_links":{"self":[{"href":"https:\/\/www.europesays.com\/fr\/wp-json\/wp\/v2\/posts\/484919","targetHints":{"allow":["GET"]}}],"collection":[{"href":"https:\/\/www.europesays.com\/fr\/wp-json\/wp\/v2\/posts"}],"about":[{"href":"https:\/\/www.europesays.com\/fr\/wp-json\/wp\/v2\/types\/post"}],"author":[{"embeddable":true,"href":"https:\/\/www.europesays.com\/fr\/wp-json\/wp\/v2\/users\/2"}],"replies":[{"embeddable":true,"href":"https:\/\/www.europesays.com\/fr\/wp-json\/wp\/v2\/comments?post=484919"}],"version-history":[{"count":0,"href":"https:\/\/www.europesays.com\/fr\/wp-json\/wp\/v2\/posts\/484919\/revisions"}],"wp:featuredmedia":[{"embeddable":true,"href":"https:\/\/www.europesays.com\/fr\/wp-json\/wp\/v2\/media\/484920"}],"wp:attachment":[{"href":"https:\/\/www.europesays.com\/fr\/wp-json\/wp\/v2\/media?parent=484919"}],"wp:term":[{"taxonomy":"category","embeddable":true,"href":"https:\/\/www.europesays.com\/fr\/wp-json\/wp\/v2\/categories?post=484919"},{"taxonomy":"post_tag","embeddable":true,"href":"https:\/\/www.europesays.com\/fr\/wp-json\/wp\/v2\/tags?post=484919"}],"curies":[{"name":"wp","href":"https:\/\/api.w.org\/{rel}","templated":true}]}}