{"id":48492,"date":"2025-04-24T06:28:12","date_gmt":"2025-04-24T06:28:12","guid":{"rendered":"https:\/\/www.europesays.com\/fr\/48492\/"},"modified":"2025-04-24T06:28:12","modified_gmt":"2025-04-24T06:28:12","slug":"un-ol-remanie-poursuit-son-invincibilite-a-nantes","status":"publish","type":"post","link":"https:\/\/www.europesays.com\/fr\/48492\/","title":{"rendered":"un OL remani\u00e9 poursuit son invincibilit\u00e9 \u00e0 Nantes"},"content":{"rendered":"<p>                            <img width=\"770\" height=\"433\" src=\"https:\/\/www.europesays.com\/fr\/wp-content\/uploads\/2025\/04\/Dabritz-e1710586331789-770x433.jpg\" class=\"attachment-article size-article wp-post-image\" alt=\"Sara Dabritz (OL) face \u00e0 Fleury\" decoding=\"async\" fetchpriority=\"high\"  \/><\/p>\n<p>Sara Dabritz (OL) face \u00e0 Fleury \/ @FFF<\/p>\n<p>Malgr\u00e9 l\u2019absence de tr\u00e8s nombreuses joueuses, l\u2019OL f\u00e9minin n\u2019a pas craqu\u00e9 \u00e0 Nantes (0-2), mercredi soir. Gr\u00e2ce \u00e0 Sara D\u00e4britz et Leila Wandeler, les Lyonnaises restent invaincues dans cette saison r\u00e9guli\u00e8re.<\/p>\n<p>Encore un match \u00e0 tenir et l\u2019<strong>OL f\u00e9minin<\/strong> r\u00e9ussira le tour de force de n\u2019avoir pas perdu cette saison en Premi\u00e8re Ligue. N\u00e9anmoins, pour ce qui est du titre de championne de France, il faudra encore patienter un peu. Malgr\u00e9 les 10 points d\u2019avance, les Fenottes vont devoir passer par la case play-offs pour s\u2019adjuger un 18e titre de Premi\u00e8re Ligue. Cela d\u00e9butera d\u00e8s le 11 mai avec la r\u00e9ception de <strong>Dijon<\/strong>, qui a assur\u00e9 sa place de quatri\u00e8me mercredi soir lors de cette avant-derni\u00e8re journ\u00e9e de saison r\u00e9guli\u00e8re. L\u2019OL savait depuis longtemps qu\u2019il \u00e9tait assur\u00e9 de finir premier et \u00e0 <strong>Nantes<\/strong>, l\u2019objectif \u00e9tait avant tout de poursuivre ce sans-faute qui tenait depuis vingt journ\u00e9es d\u00e9j\u00e0. Mission accomplie pour les joueuses de Joe <strong>Montemurro<\/strong> gr\u00e2ce \u00e0 un succ\u00e8s 2-0 en Loire-Atlantique.<\/p>\n<p>Premier but en pro pour Wandeler<\/p>\n<p>Pourtant, sur le papier, la tache pouvait s\u2019annoncer difficile car le coach australien avait fait le choix de laisser toutes ses cadres \u00e0 la maison. Toutefois, le onze de d\u00e9part avait quand m\u00eame belle allure, bien que composer avant tout de rempla\u00e7antes. Sara D\u00e4britz \u00e9tait capitaine avec notamment une paire d\u00e9fensive <a href=\"https:\/\/www.olympique-et-lyonnais.com\/ol-feminin-dumornay-et-tarciane-parmi-les-u21-les-plus-prometteuses,356314.html\" target=\"_blank\" rel=\"noopener\">Tarciane<\/a> &#8211; <strong>Nelhage<\/strong>. Il y avait tout de m\u00eame de l\u2019exp\u00e9rience et seules les jeunes <strong>Bekhaled<\/strong>, <strong>Wandeler<\/strong> et <strong>Ouazar<\/strong> faisaient office de novice. Dans une partie maitris\u00e9e, les Fenottes ont ouvert la marque juste avant la pause gr\u00e2ce \u00e0 une belle frappe du droit de <strong>D\u00e4britz<\/strong> (0-1, 39e).<\/p>\n<p>Sans dire que cela a totalement lib\u00e9r\u00e9 les Lyonnaises, ce but a permis de g\u00e9rer au mieux le second acte avec pas mal de changements dans les dix derni\u00e8res minutes. Il faut dire que l\u2019OL avait r\u00e9ussi \u00e0 faire le break gr\u00e2ce \u00e0 la jeune Le\u00efla <strong>Wandeler<\/strong>. La Suissesse, <a href=\"https:\/\/www.olympique-et-lyonnais.com\/la-reserve-feminine-de-lol-secroule-en-cette-fin-de-saison,359805.html\" target=\"_blank\" rel=\"noopener\">buteuse en r\u00e9serve<\/a> durant le week-end pass\u00e9, a inscrit son premier but en pro \u00e0 la 74e et valider un 20e succ\u00e8s lyonnais cette saison.<\/p>\n","protected":false},"excerpt":{"rendered":"Sara Dabritz (OL) face \u00e0 Fleury \/ @FFF Malgr\u00e9 l\u2019absence de tr\u00e8s nombreuses joueuses, l\u2019OL f\u00e9minin n\u2019a pas&hellip;\n","protected":false},"author":2,"featured_media":48493,"comment_status":"","ping_status":"","sticky":false,"template":"","format":"standard","meta":{"footnotes":""},"categories":[2818],"tags":[1111,11,1777,674,1011,27,766,12,241,242,2636,25],"class_list":{"0":"post-48492","1":"post","2":"type-post","3":"status-publish","4":"format-standard","5":"has-post-thumbnail","7":"category-nantes","8":"tag-actu","9":"tag-actualites","10":"tag-eu","11":"tag-europe","12":"tag-fr","13":"tag-france","14":"tag-nantes","15":"tag-news","16":"tag-ol","17":"tag-ol-feminin","18":"tag-pays-de-la-loire","19":"tag-republique-francaise"},"share_on_mastodon":{"url":"https:\/\/pubeurope.com\/@fr\/114391528523957484","error":""},"_links":{"self":[{"href":"https:\/\/www.europesays.com\/fr\/wp-json\/wp\/v2\/posts\/48492","targetHints":{"allow":["GET"]}}],"collection":[{"href":"https:\/\/www.europesays.com\/fr\/wp-json\/wp\/v2\/posts"}],"about":[{"href":"https:\/\/www.europesays.com\/fr\/wp-json\/wp\/v2\/types\/post"}],"author":[{"embeddable":true,"href":"https:\/\/www.europesays.com\/fr\/wp-json\/wp\/v2\/users\/2"}],"replies":[{"embeddable":true,"href":"https:\/\/www.europesays.com\/fr\/wp-json\/wp\/v2\/comments?post=48492"}],"version-history":[{"count":0,"href":"https:\/\/www.europesays.com\/fr\/wp-json\/wp\/v2\/posts\/48492\/revisions"}],"wp:featuredmedia":[{"embeddable":true,"href":"https:\/\/www.europesays.com\/fr\/wp-json\/wp\/v2\/media\/48493"}],"wp:attachment":[{"href":"https:\/\/www.europesays.com\/fr\/wp-json\/wp\/v2\/media?parent=48492"}],"wp:term":[{"taxonomy":"category","embeddable":true,"href":"https:\/\/www.europesays.com\/fr\/wp-json\/wp\/v2\/categories?post=48492"},{"taxonomy":"post_tag","embeddable":true,"href":"https:\/\/www.europesays.com\/fr\/wp-json\/wp\/v2\/tags?post=48492"}],"curies":[{"name":"wp","href":"https:\/\/api.w.org\/{rel}","templated":true}]}}