{"id":484930,"date":"2025-10-23T18:09:14","date_gmt":"2025-10-23T18:09:14","guid":{"rendered":"https:\/\/www.europesays.com\/fr\/484930\/"},"modified":"2025-10-23T18:09:14","modified_gmt":"2025-10-23T18:09:14","slug":"taylor-fritz-ugo-humbert-atp-500-bale-deuxieme-tour-jeudi-23-octobre-2025-lequipe","status":"publish","type":"post","link":"https:\/\/www.europesays.com\/fr\/484930\/","title":{"rendered":"Taylor Fritz &#8211; Ugo Humbert, ATP 500, B\u00e2le, Deuxi\u00e8me tour, Jeudi 23 octobre 2025 &#8211; L&#039;\u00c9quipe"},"content":{"rendered":"<ol>\n<li><a href=\"https:\/\/news.google.com\/rss\/articles\/CBMivAFBVV95cUxQQzZ6dnZLS0VmbXF4SHdiWlhXTnhHTEpnblpHSmR4NGhjLUQxdDM3UExDR1BvcTdFMWNRTEctdzZiSGNpX1hXUU9GdWNCTnF2T3pUZHdrbTRRLUVNX3dOYTc4Q1VhYjIxV0M2Um4zMENRV3daUktxaFdVMVJLMFFEYjVwN2pVTDl1NkdxaWNyYXBqT09taV9uZjdoVzlZcWxsWlpZZ290YlhCUWN5Ti1aX0xYZEZydTA5V3YzaQ?oc=5\" target=\"_blank\" rel=\"nofollow noopener\">Taylor Fritz &#8211; Ugo Humbert, ATP 500, B\u00e2le, Deuxi\u00e8me tour, Jeudi 23 octobre 2025<\/a>&nbsp;&nbsp;L&rsquo;\u00c9quipe<\/li>\n<li><a href=\"https:\/\/news.google.com\/rss\/articles\/CBMibkFVX3lxTE5sQ0dhOWVSYVM1V1VtOEY5d0hfMGN5WTZ3b2ZEMG1oSURrcl8xSllYTGJ6eWJxNm5YenBxNi0zLTlPdHZfSTVnOEUyRTFSdkNFdGpqd21NcUJuNlhHTHJJcnRscXRPdTc0eEFZS3l3?oc=5\" target=\"_blank\" rel=\"nofollow noopener\">Tennis. Swiss Indoors de B\u00e2le : Ugo Humbert comme \u00e0 la maison<\/a>&nbsp;&nbsp;DNA.fr<\/li>\n<li><a href=\"https:\/\/news.google.com\/rss\/articles\/CBMi3gFBVV95cUxNUTRsUnFfYjdvXzFKcjk3MFVsWFJ4cU8wb0YwOE1RRGZyTVl6WC03X2tfZkZ1ZUt3cXh6SnR1NDF4eDFpdU1VOG9HNlZYUVViVF9EOHRsSzJxZTNMZHA0a0VCdExNeFRaQUJnMGgzenVSVS1PYW9GaGJoRjQyYmNTbHQ0Qk10Y0NJTWNwUS1CZTk2XzlpX2NuU1VBM2N2UGFEUmlFa185YzVCUHZQTFY2eGRNbHNHUEtKZllBOFY1WmZ6VzBhNzJRMWVRMUNNT0JmMFEzU18xMGpsclFmVEE?oc=5\" target=\"_blank\" rel=\"nofollow noopener\">ATP 500 B\u00e2le &#8211; Ugo Humbert facile contre Korda et qualifi\u00e9 pour les huiti\u00e8mes<\/a>&nbsp;&nbsp;Eurosport<\/li>\n<li><a href=\"https:\/\/news.google.com\/rss\/articles\/CBMixAFBVV95cUxQT0V4M244QkNZNlNXMU1NNGxGamEtUFc5VlNTOFpXQ0lJSzZ4OGpWSlQyU3luZkRGWExIaWdpYWFQRW53ZTVWWDBVYnBPelhQVHNRQVBuOXpCMlh1UHhVTnNzYWFYU2ZjSVRuQi11WFVuTEdXUFIzTFlDVElhOUFrMm1QYzNpeWNIVXYwTllEVEhJVllOaGdwMTQtWUd6UzRjX1RVd1pfQnV6VW9acTlqUFJNbVJFTmhlZnhTOGNtaDUxV3dJ0gHDAUFVX3lxTE5BS3YzTllkSkNRTHROWnNqOWxiY2ViSTMySW80c1R3M05NMnN0Qk5fZUlRZlZFMk4xMVlyMi1WNnREZEkxNU40MmJHRHlTX3BrSHhYZFdyUDFVZk9ERnhid0pyekVyYTJ3VkV0SVNlaG5jX0M3QUJMYi02RFljLWtsOXBqX2taZEpoT255ZDZIbnhSNmVBb1ROb0x0d2tTU1dSdkd1ZWFGcjRWczluNFFySzk0QTdVZUxQZUhYeWRnZnY2QQ?oc=5\" target=\"_blank\" rel=\"nofollow noopener\">ATP &#8211; B\u00e2le : Humbert qualifi\u00e9 pour le 2e tour, Halys sorti par Ruud : Sports &#8211; Orange<\/a>&nbsp;&nbsp;Sports &#8211; Orange<\/li>\n<li><a href=\"https:\/\/news.google.com\/rss\/articles\/CBMiqgFBVV95cUxPemJ5d2Z0RkxoRWQ0dnFGOTJMMHgtNUN3ZTZrNEhyUVoybVREVTd5Nlc2bUxRdVJSR1BqZndHem54TE5YT1B6Q2dIUGVOZlhVMGtfNEdXcjEyZ1F3ODVIdmo5SllqN1RLT1d2bGoxNW94RDRWS2RrZ01JTV9wd29qU2hkS1Z5Z3RCblJhaEpWbGxDVGVUZDc3eEJSUHBlM2dueXhCN2RnaWZ2QQ?oc=5\" target=\"_blank\" rel=\"nofollow noopener\">Tennis. Tombeur de Sebastian Korda, Ugo Humbert acc\u00e9l\u00e8re \u00e0 B\u00e2le<\/a>&nbsp;&nbsp;Le Republicain Lorrain<\/li>\n<\/ol>\n","protected":false},"excerpt":{"rendered":"Taylor Fritz &#8211; Ugo Humbert, ATP 500, B\u00e2le, Deuxi\u00e8me tour, Jeudi 23 octobre 2025&nbsp;&nbsp;L&rsquo;\u00c9quipe Tennis. Swiss Indoors de&hellip;\n","protected":false},"author":2,"featured_media":1983,"comment_status":"","ping_status":"","sticky":false,"template":"","format":"standard","meta":{"footnotes":""},"categories":[1415],"tags":[1011,27,60,1467],"class_list":{"0":"post-484930","1":"post","2":"type-post","3":"status-publish","4":"format-standard","5":"has-post-thumbnail","7":"category-tennis","8":"tag-fr","9":"tag-france","10":"tag-sports","11":"tag-tennis"},"share_on_mastodon":{"url":"https:\/\/pubeurope.com\/@fr\/115424825368699961","error":""},"_links":{"self":[{"href":"https:\/\/www.europesays.com\/fr\/wp-json\/wp\/v2\/posts\/484930","targetHints":{"allow":["GET"]}}],"collection":[{"href":"https:\/\/www.europesays.com\/fr\/wp-json\/wp\/v2\/posts"}],"about":[{"href":"https:\/\/www.europesays.com\/fr\/wp-json\/wp\/v2\/types\/post"}],"author":[{"embeddable":true,"href":"https:\/\/www.europesays.com\/fr\/wp-json\/wp\/v2\/users\/2"}],"replies":[{"embeddable":true,"href":"https:\/\/www.europesays.com\/fr\/wp-json\/wp\/v2\/comments?post=484930"}],"version-history":[{"count":0,"href":"https:\/\/www.europesays.com\/fr\/wp-json\/wp\/v2\/posts\/484930\/revisions"}],"wp:featuredmedia":[{"embeddable":true,"href":"https:\/\/www.europesays.com\/fr\/wp-json\/wp\/v2\/media\/1983"}],"wp:attachment":[{"href":"https:\/\/www.europesays.com\/fr\/wp-json\/wp\/v2\/media?parent=484930"}],"wp:term":[{"taxonomy":"category","embeddable":true,"href":"https:\/\/www.europesays.com\/fr\/wp-json\/wp\/v2\/categories?post=484930"},{"taxonomy":"post_tag","embeddable":true,"href":"https:\/\/www.europesays.com\/fr\/wp-json\/wp\/v2\/tags?post=484930"}],"curies":[{"name":"wp","href":"https:\/\/api.w.org\/{rel}","templated":true}]}}