{"id":484931,"date":"2025-10-23T18:11:11","date_gmt":"2025-10-23T18:11:11","guid":{"rendered":"https:\/\/www.europesays.com\/fr\/484931\/"},"modified":"2025-10-23T18:11:11","modified_gmt":"2025-10-23T18:11:11","slug":"fin-de-saison-confirmee-pour-m-marquez","status":"publish","type":"post","link":"https:\/\/www.europesays.com\/fr\/484931\/","title":{"rendered":"Fin de saison confirm\u00e9e pour M.M\u00e1rquez"},"content":{"rendered":"<p>Toujours touch\u00e9 \u00e0 l&rsquo;\u00e9paule suite \u00e0 sa chute en Indon\u00e9sie, Marc M\u00e1rquez (Ducati Lenovo Team) ne roulera plus en 2025.<\/p>\n<p>Le septuple Champion du Monde MotoGP\u2122 a \u00e9t\u00e9 impliqu\u00e9 dans un accident au premier tour avec Marco Bezzecchi (Aprilia Racing) \u00e0 Lombok et s&rsquo;est bless\u00e9 au coraco\u00efde ainsi qu&rsquo;aux ligaments de l&rsquo;\u00e9paule droite. Depuis, il a subi une intervention chirurgicale et est en voie de gu\u00e9rison, mais lui et le Ducati Lenovo Team ont confirm\u00e9 que sa saison \u00e9tait termin\u00e9e et qu&rsquo;il manquerait m\u00eame le Test de Valence. L&rsquo;objectif est de revenir en pleine forme l&rsquo;ann\u00e9e prochaine pour peut-\u00eatre aller chercher un huiti\u00e8me titre MotoGP\u2122.<\/p>\n<p>Le n\u00b093 ajoute toutefois que les c\u00e9l\u00e9brations pour ce Championnat ne sont pas encore termin\u00e9es et que d&rsquo;autres surprises seront bient\u00f4t d\u00e9voil\u00e9es pour les fans qui souhaitent y participer. Il confirme \u00e9galement qu&rsquo;il sera \u00e0 Valence pour le GP en tant que spectateur afin de profiter du MotoGP\u2122.<\/p>\n","protected":false},"excerpt":{"rendered":"Toujours touch\u00e9 \u00e0 l&rsquo;\u00e9paule suite \u00e0 sa chute en Indon\u00e9sie, Marc M\u00e1rquez (Ducati Lenovo Team) ne roulera plus&hellip;\n","protected":false},"author":2,"featured_media":484932,"comment_status":"","ping_status":"","sticky":false,"template":"","format":"standard","meta":{"footnotes":""},"categories":[1413],"tags":[1011,27,1457,1456,60,2032],"class_list":{"0":"post-484931","1":"post","2":"type-post","3":"status-publish","4":"format-standard","5":"has-post-thumbnail","7":"category-moto","8":"tag-fr","9":"tag-france","10":"tag-moto","11":"tag-motocycle","12":"tag-sports","13":"tag-text"},"share_on_mastodon":{"url":"https:\/\/pubeurope.com\/@fr\/115424833496596737","error":""},"_links":{"self":[{"href":"https:\/\/www.europesays.com\/fr\/wp-json\/wp\/v2\/posts\/484931","targetHints":{"allow":["GET"]}}],"collection":[{"href":"https:\/\/www.europesays.com\/fr\/wp-json\/wp\/v2\/posts"}],"about":[{"href":"https:\/\/www.europesays.com\/fr\/wp-json\/wp\/v2\/types\/post"}],"author":[{"embeddable":true,"href":"https:\/\/www.europesays.com\/fr\/wp-json\/wp\/v2\/users\/2"}],"replies":[{"embeddable":true,"href":"https:\/\/www.europesays.com\/fr\/wp-json\/wp\/v2\/comments?post=484931"}],"version-history":[{"count":0,"href":"https:\/\/www.europesays.com\/fr\/wp-json\/wp\/v2\/posts\/484931\/revisions"}],"wp:featuredmedia":[{"embeddable":true,"href":"https:\/\/www.europesays.com\/fr\/wp-json\/wp\/v2\/media\/484932"}],"wp:attachment":[{"href":"https:\/\/www.europesays.com\/fr\/wp-json\/wp\/v2\/media?parent=484931"}],"wp:term":[{"taxonomy":"category","embeddable":true,"href":"https:\/\/www.europesays.com\/fr\/wp-json\/wp\/v2\/categories?post=484931"},{"taxonomy":"post_tag","embeddable":true,"href":"https:\/\/www.europesays.com\/fr\/wp-json\/wp\/v2\/tags?post=484931"}],"curies":[{"name":"wp","href":"https:\/\/api.w.org\/{rel}","templated":true}]}}