{"id":484939,"date":"2025-10-23T18:15:14","date_gmt":"2025-10-23T18:15:14","guid":{"rendered":"https:\/\/www.europesays.com\/fr\/484939\/"},"modified":"2025-10-23T18:15:14","modified_gmt":"2025-10-23T18:15:14","slug":"nicolas-sarkozy-en-prison-carla-bruni-ne-decolere-pas-si-les-juges-avaient","status":"publish","type":"post","link":"https:\/\/www.europesays.com\/fr\/484939\/","title":{"rendered":"Nicolas Sarkozy en prison : Carla Bruni ne d\u00e9col\u00e8re pas, \u201cSi les juges avaient\u2026\u201d"},"content":{"rendered":"<p>Avant son incarc\u00e9ration, <a href=\"https:\/\/www.closermag.fr\/politique\/exclu-nicolas-sarkozy-en-prison-ce-gros-coup-prepare-en-catimini-avec-carla-bruni-3588726\" rel=\"nofollow noopener\" target=\"_blank\"><br \/>\nNicolas Sarkozy<\/a> s\u2019est confi\u00e9 dans Paris Match aux<br \/>\nc\u00f4t\u00e9s de sa femme <a href=\"https:\/\/www.closermag.fr\/politique\/exclu-nicolas-sarkozy-en-prison-ce-gros-coup-prepare-en-catimini-avec-carla-bruni-3588726\" rel=\"nofollow noopener\" target=\"_blank\"><br \/>\nCarla Bruni.<\/a> L\u2019occasion pour chacun d\u2019exprimer leur peine face<br \/>\n\u00e0 la situation. Avant d\u2019aller en prison, l\u2019ancien pr\u00e9sident a eu le<br \/>\ntemps de f\u00eater les 14 ans de sa fille <a href=\"https:\/\/www.closermag.fr\/people\/giulia-sarkozy-en-colere-cette-mauvaise-nouvelle-dont-elle-se-serait-volontiers-passee-apres-lincarceration-de-son-pere-3588870\" rel=\"nofollow noopener\" target=\"_blank\"><br \/>\nGiulia.<\/a>\u00a0<\/p>\n<p>Le parquet national financier a d\u2019ailleurs diff\u00e9r\u00e9 sa mise \u00e0<br \/>\nex\u00e9cution pour qu\u2019il puisse \u00eatre pr\u00e9sent ce week-end-l\u00e0. \u201cJ\u2019ai<br \/>\ninterdit \u00e0 mes avocats de requ\u00e9rir le moindre traitement de<br \/>\nfaveur\u201d, a-t-il pr\u00e9cis\u00e9 dans son interview. \u00c0 la veille de son<br \/>\nd\u00e9part, il est rest\u00e9 digne, malgr\u00e9 la tension. \u201cS\u2019ils sentent<br \/>\nque je suis tranquille, ils sont tranquilles\u201d, aurait-il<br \/>\nconfi\u00e9 \u00e0 ses proches lors d\u2019un d\u00eener en famille.<\/p>\n<p>Carla Bruni hors d\u2019elle<\/p>\n<p>Sa femme, Carla Bruni, n\u2019a pas cach\u00e9 sa col\u00e8re. \u201cC\u2019est une<br \/>\ninfamie, une folie, une pers\u00e9cution\u201d, a-t-elle lanc\u00e9 \u00e0<br \/>\nParis Match. Tr\u00e8s affect\u00e9e, elle a confi\u00e9 souffrir<br \/>\n\u201cphysiquement\u201d de la situation. L\u2019ex-premi\u00e8re dame a aussi<br \/>\nd\u00e9nonc\u00e9 la s\u00e9v\u00e9rit\u00e9 de la d\u00e9cision judiciaire. \u201cPourquoi<br \/>\nl\u2019avoir emprisonn\u00e9, alors qu\u2019il a fait appel et qu\u2019\u00e0 l\u2019\u00e9vidence il<br \/>\nn\u2019est pas dangereux ?\u201d, a-t-elle interrog\u00e9.<\/p>\n<p>\u201cSi les juges avaient trouv\u00e9 une preuve, je m\u2019inclinerais et<br \/>\nje dirais que mon mari a particip\u00e9 \u00e0 une corruption, mais il a \u00e9t\u00e9<br \/>\nrelax\u00e9 pour ce chef d\u2019accusation ainsi que pour financement ill\u00e9gal<br \/>\nde campagne\u201d, a-t-elle ajout\u00e9. En attendant, elle compte bien<br \/>\nlui rendre visite d\u00e8s que possible.<\/p>\n<p>Une vie derri\u00e8re les barreaux<\/p>\n<p>\u00c0 la prison de la Sant\u00e9, Nicolas Sarkozy tentera de s\u2019adapter.<br \/>\nIl a command\u00e9 un petit balai pour nettoyer sa cellule et achet\u00e9<br \/>\nquelques produits au \u201ccantinage\u201d. Il a pr\u00e9vu de lire,<br \/>\n\u00e9crire et garde le moral. \u201cJe prends cela comme une exp\u00e9rience.<br \/>\nPeut-\u00eatre me ferai-je de nouveaux amis ?\u201d, a-t-il gliss\u00e9 avec<br \/>\nironie.<\/p>\n<p>Ses lectures derri\u00e8re les barreaux seront t Le Comte de<br \/>\nMonte-Cristo, J\u00e9sus et L\u2019Anthologie de la po\u00e9sie<br \/>\nfran\u00e7aise. Il a aussi accroch\u00e9 deux photos, celles de Carla et<br \/>\nde leurs enfants, les seuls objets personnels qui lui ont \u00e9t\u00e9<br \/>\nautoris\u00e9s. \u201cOn peut l\u2019humilier, mais pas le casser\u201d, a<br \/>\nassur\u00e9 un proche.<\/p>\n<p>Un soutien qui d\u00e9passe la<br \/>\npolitique<\/p>\n<p>Depuis sa condamnation, l\u2019ancien chef de l\u2019\u00c9tat a re\u00e7u de<br \/>\nnombreux messages. Certains anonymes, d\u2019autres sign\u00e9s de<br \/>\npersonnalit\u00e9s, dont la famille Chirac. Cette lettre, sign\u00e9e<br \/>\nBernadette, Claude, Fr\u00e9d\u00e9ric Salat-Baroux et Martin, l\u2019a<br \/>\nprofond\u00e9ment \u00e9mu.<\/p>\n<p>Malgr\u00e9 les critiques, Nicolas Sarkozy garde la t\u00eate haute. Avant<br \/>\nson d\u00e9part, il a lanc\u00e9 \u00e0 <a href=\"https:\/\/www.closermag.fr\/people\/giulia-sarkozy-en-colere-cette-mauvaise-nouvelle-dont-elle-se-serait-volontiers-passee-apres-lincarceration-de-son-pere-3588870\" rel=\"nofollow noopener\" target=\"_blank\"><br \/>\nsa fille<\/a> : \u201cN\u2019oublie pas de garder la t\u00eate haute !\u201d<br \/>\nDerri\u00e8re les murs de la Sant\u00e9, <a href=\"https:\/\/www.closermag.fr\/politique\/exclu-nicolas-sarkozy-en-prison-ce-gros-coup-prepare-en-catimini-avec-carla-bruni-3588726\" rel=\"nofollow noopener\" target=\"_blank\"><br \/>\nl\u2019ancien pr\u00e9sident<\/a> s\u2019accroche \u00e0 une devise qu\u2019il aime citer :<br \/>\n\u201cAttendre et esp\u00e9rer.\u201d<\/p>\n","protected":false},"excerpt":{"rendered":"Avant son incarc\u00e9ration, Nicolas Sarkozy s\u2019est confi\u00e9 dans Paris Match aux c\u00f4t\u00e9s de sa femme Carla Bruni. L\u2019occasion&hellip;\n","protected":false},"author":2,"featured_media":484940,"comment_status":"","ping_status":"","sticky":false,"template":"","format":"standard","meta":{"footnotes":""},"categories":[1359],"tags":[12667,58,59,1011,27,14545,3091,973],"class_list":{"0":"post-484939","1":"post","2":"type-post","3":"status-publish","4":"format-standard","5":"has-post-thumbnail","7":"category-people","8":"tag-carla-bruni","9":"tag-divertissement","10":"tag-entertainment","11":"tag-fr","12":"tag-france","13":"tag-giulia-sarkozy","14":"tag-nicolas-sarkozy","15":"tag-people"},"share_on_mastodon":{"url":"https:\/\/pubeurope.com\/@fr\/115424849040064977","error":""},"_links":{"self":[{"href":"https:\/\/www.europesays.com\/fr\/wp-json\/wp\/v2\/posts\/484939","targetHints":{"allow":["GET"]}}],"collection":[{"href":"https:\/\/www.europesays.com\/fr\/wp-json\/wp\/v2\/posts"}],"about":[{"href":"https:\/\/www.europesays.com\/fr\/wp-json\/wp\/v2\/types\/post"}],"author":[{"embeddable":true,"href":"https:\/\/www.europesays.com\/fr\/wp-json\/wp\/v2\/users\/2"}],"replies":[{"embeddable":true,"href":"https:\/\/www.europesays.com\/fr\/wp-json\/wp\/v2\/comments?post=484939"}],"version-history":[{"count":0,"href":"https:\/\/www.europesays.com\/fr\/wp-json\/wp\/v2\/posts\/484939\/revisions"}],"wp:featuredmedia":[{"embeddable":true,"href":"https:\/\/www.europesays.com\/fr\/wp-json\/wp\/v2\/media\/484940"}],"wp:attachment":[{"href":"https:\/\/www.europesays.com\/fr\/wp-json\/wp\/v2\/media?parent=484939"}],"wp:term":[{"taxonomy":"category","embeddable":true,"href":"https:\/\/www.europesays.com\/fr\/wp-json\/wp\/v2\/categories?post=484939"},{"taxonomy":"post_tag","embeddable":true,"href":"https:\/\/www.europesays.com\/fr\/wp-json\/wp\/v2\/tags?post=484939"}],"curies":[{"name":"wp","href":"https:\/\/api.w.org\/{rel}","templated":true}]}}