{"id":484941,"date":"2025-10-23T18:16:12","date_gmt":"2025-10-23T18:16:12","guid":{"rendered":"https:\/\/www.europesays.com\/fr\/484941\/"},"modified":"2025-10-23T18:16:12","modified_gmt":"2025-10-23T18:16:12","slug":"face-au-louvre-une-nouvelle-fondation-cartier-concue-par-jean-nouvel-actualites","status":"publish","type":"post","link":"https:\/\/www.europesays.com\/fr\/484941\/","title":{"rendered":"Face au Louvre, une nouvelle Fondation Cartier con\u00e7ue par Jean Nouvel : Actualit\u00e9s"},"content":{"rendered":"<p class=\"lead \">La Fondation Cartier pour l&rsquo;art contemporain rejoint le c\u0153ur de Paris, face au Louvre, o\u00f9 un tout nouveau b\u00e2timent con\u00e7u par l&rsquo;architecte fran\u00e7ais Jean Nouvel ouvrira ses portes samedi au public.<\/p>\n<p class=\"lead \">Avec ses fa\u00e7ades tout en verre et 8.500 m2 d&rsquo;espaces accessibles au public, dont 6.500 m2 d&rsquo;exposition, la Fondation s&rsquo;int\u00e8gre dans un ancien ensemble haussmannien qui abritait le Louvre des antiquaires sous ses arcades.<\/p>\n<p class=\"lead \">Il fait face au prestigieux mus\u00e9e du Louvre, en pleine temp\u00eate politico-m\u00e9diatique depuis le vol spectaculaire de joyaux de la Couronne dimanche.<\/p>\n<p class=\"lead \">La Fondation, financ\u00e9e par le joaillier de luxe Cartier (groupe Richemont), esp\u00e8re profiter du flot de visiteurs du mus\u00e9e le plus fr\u00e9quent\u00e9 au monde (neuf millions en 2024) pour \u00ab\u00a0augmenter sa fr\u00e9quentation, r\u00e9pondre aux attentes de ses adeptes mais aussi d&rsquo;un nouveau public\u00a0\u00bb, a expliqu\u00e9 \u00e0 l&rsquo;AFP son directeur, le Belge Chris Dercon.<\/p>\n<p class=\"lead \"> Situ\u00e9 au c\u0153ur d&rsquo;un axe culturel \u00ab\u00a0mythique\u00a0\u00bb compos\u00e9 du \u00ab\u00a0Louvre, de la Com\u00e9die Fran\u00e7aise, du mus\u00e9e des arts d\u00e9coratifs et de la Bourse de commerce\u00a0\u00bb qui abrite la collection priv\u00e9e d&rsquo;art de l&rsquo;homme d&rsquo;affaires Fran\u00e7ois Pinault, le nouveau b\u00e2timent \u00ab\u00a0est digne de l&rsquo;ampleur de la collection et de son histoire\u00a0\u00bb, ajoute M. Dercon.<\/p>\n<p class=\"lead \">Il pr\u00e9sentera, par rotations, environ 600 \u0153uvres d&rsquo;une centaine d&rsquo;artistes contemporains appartenant \u00e0 la collection de la fondation, cr\u00e9\u00e9e en 1984 et qui en compte environ 4.500 au total.<\/p>\n<p class=\"lead \">Figurent parmi eux le Britannique Damian Hirst, les Am\u00e9ricains David Lynch, Joan Mitchell ou Patti Smith ainsi que le Congolais Ch\u00e9ri Samba ou les photographes fran\u00e7ais Raymond Depardon et malien Malick Sidib\u00e9. <\/p>\n<p class=\"lead \">&#8211; \u00ab\u00a0Travers\u00e9e du fufur\u00a0\u00bb &#8211;<\/p>\n<p class=\"lead \">A la fois cath\u00e9drale et paquebot industriel, o\u00f9 des arbres semblent saluer les visiteurs \u00e0 travers une verri\u00e8re au plafond, la Fondation a \u00e9t\u00e9 pens\u00e9e comme \u00ab\u00a0une travers\u00e9e du futur\u00a0\u00bb et \u00ab\u00a0un mus\u00e9e du XXIe si\u00e8cle\u00a0\u00bb, avait d\u00e9clar\u00e9 Jean Nouvel, 80 ans, en la pr\u00e9sentant il y a un an.<\/p>\n<p class=\"lead \">Avec cinq plateformes mobiles en acier permettant de moduler l&rsquo;espace et la lumi\u00e8re, sa conception emprunte autant \u00e0 \u00ab\u00a0celle des porte-avions qu&rsquo;au th\u00e9\u00e2tre\u00a0\u00bb, selon le c\u00e9l\u00e8bre architecte.<\/p>\n<p class=\"lead \">Parmi les d\u00e9fis techniques relev\u00e9s, des planchers de 250 m2 en moyenne et de 250 tonnes chacun ont pris place dans un espace existant et contraint.<\/p>\n<p class=\"lead \">Le b\u00e2timent dispose en outre d&rsquo;un espace p\u00e9dagogique, d&rsquo;un auditorium, d&rsquo;une librairie et d&rsquo;un espace de restauration.<\/p>\n<p class=\"lead \">Le co\u00fbt global a \u00e9t\u00e9 chiffr\u00e9 \u00e0 \u00ab\u00a0230 millions d&rsquo;euros\u00a0\u00bb par Alain Dominique Perrin, pr\u00e9sident de la fondation.<\/p>\n<p class=\"lead \">La premi\u00e8re exposition, intitul\u00e9e \u00ab\u00a0Exposition g\u00e9n\u00e9rale\u00a0\u00bb, ouvre samedi. Elle retrace le parcours de la collection \u00e0 travers des \u0153uvres et \u00e9v\u00e9nements embl\u00e9matiques ayant marqu\u00e9 l&rsquo;histoire de la fondation n\u00e9e \u00e0 Jouy-en-Josas (Yvelines).<\/p>\n<p class=\"lead \">Jean Nouvel avait d\u00e9j\u00e0 con\u00e7u son premier b\u00e2timent parisien, tout en verre, situ\u00e9 dans le 14e arrondissement et inaugur\u00e9 en 1994, qui \u00e9tait devenu \u00ab\u00a0un peu trop petit\u00a0\u00bb, selon M. Dercon.<\/p>\n<p class=\"lead \">Depuis sa cr\u00e9ation, la fondation a organis\u00e9 \u00ab\u00a0plus 300 expositions en France et \u00e0 l&rsquo;\u00e9tranger\u00a0\u00bb et a accueilli pr\u00e8s de 1.000 \u00ab\u00a0soir\u00e9es nomades\u00a0\u00bb avec des artistes dans tous les domaines artistiques, dont la troupe d&rsquo;humoristes Les Deschiens \u00e0 ses d\u00e9buts.<\/p>\n<p class=\"lead \">La derni\u00e8re exposition dans son ancien b\u00e2timent, o\u00f9 le bail \u00e9choit en 2026, a attir\u00e9 220.000 visiteurs autour de l&rsquo;artiste textile colombienne Olga de Amaral.<\/p>\n<p class=\"small font-weight-bold text-gray3 \"> publi\u00e9 le 23 octobre \u00e0 17h09, AFP<\/p>\n<p>                             Partager<\/p>\n","protected":false},"excerpt":{"rendered":"La Fondation Cartier pour l&rsquo;art contemporain rejoint le c\u0153ur de Paris, face au Louvre, o\u00f9 un tout nouveau&hellip;\n","protected":false},"author":2,"featured_media":484942,"comment_status":"","ping_status":"","sticky":false,"template":"","format":"standard","meta":{"footnotes":""},"categories":[1358],"tags":[1350,3734,1348,1384,1385,1386,58,59,3293,1011,27],"class_list":{"0":"post-484941","1":"post","2":"type-post","3":"status-publish","4":"format-standard","5":"has-post-thumbnail","7":"category-arts-et-design","8":"tag-architecture","9":"tag-art","10":"tag-arts","11":"tag-arts-and-design","12":"tag-arts-et-design","13":"tag-design","14":"tag-divertissement","15":"tag-entertainment","16":"tag-exposition","17":"tag-fr","18":"tag-france"},"share_on_mastodon":{"url":"https:\/\/pubeurope.com\/@fr\/115424853005112414","error":""},"_links":{"self":[{"href":"https:\/\/www.europesays.com\/fr\/wp-json\/wp\/v2\/posts\/484941","targetHints":{"allow":["GET"]}}],"collection":[{"href":"https:\/\/www.europesays.com\/fr\/wp-json\/wp\/v2\/posts"}],"about":[{"href":"https:\/\/www.europesays.com\/fr\/wp-json\/wp\/v2\/types\/post"}],"author":[{"embeddable":true,"href":"https:\/\/www.europesays.com\/fr\/wp-json\/wp\/v2\/users\/2"}],"replies":[{"embeddable":true,"href":"https:\/\/www.europesays.com\/fr\/wp-json\/wp\/v2\/comments?post=484941"}],"version-history":[{"count":0,"href":"https:\/\/www.europesays.com\/fr\/wp-json\/wp\/v2\/posts\/484941\/revisions"}],"wp:featuredmedia":[{"embeddable":true,"href":"https:\/\/www.europesays.com\/fr\/wp-json\/wp\/v2\/media\/484942"}],"wp:attachment":[{"href":"https:\/\/www.europesays.com\/fr\/wp-json\/wp\/v2\/media?parent=484941"}],"wp:term":[{"taxonomy":"category","embeddable":true,"href":"https:\/\/www.europesays.com\/fr\/wp-json\/wp\/v2\/categories?post=484941"},{"taxonomy":"post_tag","embeddable":true,"href":"https:\/\/www.europesays.com\/fr\/wp-json\/wp\/v2\/tags?post=484941"}],"curies":[{"name":"wp","href":"https:\/\/api.w.org\/{rel}","templated":true}]}}