{"id":484943,"date":"2025-10-23T18:17:24","date_gmt":"2025-10-23T18:17:24","guid":{"rendered":"https:\/\/www.europesays.com\/fr\/484943\/"},"modified":"2025-10-23T18:17:24","modified_gmt":"2025-10-23T18:17:24","slug":"saint-germain-lespinasse-le-plein-de-nouveautes-a-la-bibliotheque","status":"publish","type":"post","link":"https:\/\/www.europesays.com\/fr\/484943\/","title":{"rendered":"Saint-Germain-Lespinasse. Le plein de nouveaut\u00e9s \u00e0 la biblioth\u00e8que"},"content":{"rendered":"<p>Les b\u00e9n\u00e9voles se sont rendues \u00e0 la m\u00e9diath\u00e8que de Neulise pour \u00e9changer 300\u00a0livres (romans, documentaires adultes, romans, documentaires, BD et albums enfants).<\/p>\n<p>La biblioth\u00e8que a aussi \u00e9t\u00e9 r\u00e9am\u00e9nag\u00e9e afin de d\u00e9gager de l\u2019espace et de proposer un accueil plus convivial.<\/p>\n<p class=\"note\">Les b\u00e9n\u00e9voles attendent les lecteurs aux heures de permanences\u00a0: le mardi de 16\u00a0h\u00a030 \u00e0 18\u00a0heures, le vendredi de 16\u00a0h\u00a030 \u00e0 18\u00a0heures et le samedi de 9\u00a0h\u00a030 \u00e0 11\u00a0h\u00a030.<\/p>\n","protected":false},"excerpt":{"rendered":"Les b\u00e9n\u00e9voles se sont rendues \u00e0 la m\u00e9diath\u00e8que de Neulise pour \u00e9changer 300\u00a0livres (romans, documentaires adultes, romans, documentaires,&hellip;\n","protected":false},"author":2,"featured_media":484944,"comment_status":"","ping_status":"","sticky":false,"template":"","format":"standard","meta":{"footnotes":""},"categories":[1357],"tags":[1379,1687,58,16734,59,1011,27,1380,2410,24131,40461],"class_list":{"0":"post-484943","1":"post","2":"type-post","3":"status-publish","4":"format-standard","5":"has-post-thumbnail","7":"category-livres","8":"tag-books","9":"tag-culture-loisirs","10":"tag-divertissement","11":"tag-edition-loire-nord","12":"tag-entertainment","13":"tag-fr","14":"tag-france","15":"tag-livres","16":"tag-livres-bd","17":"tag-renaison-bassin","18":"tag-saint-germain-lespinasse"},"share_on_mastodon":{"url":"https:\/\/pubeurope.com\/@fr\/115424857183540934","error":""},"_links":{"self":[{"href":"https:\/\/www.europesays.com\/fr\/wp-json\/wp\/v2\/posts\/484943","targetHints":{"allow":["GET"]}}],"collection":[{"href":"https:\/\/www.europesays.com\/fr\/wp-json\/wp\/v2\/posts"}],"about":[{"href":"https:\/\/www.europesays.com\/fr\/wp-json\/wp\/v2\/types\/post"}],"author":[{"embeddable":true,"href":"https:\/\/www.europesays.com\/fr\/wp-json\/wp\/v2\/users\/2"}],"replies":[{"embeddable":true,"href":"https:\/\/www.europesays.com\/fr\/wp-json\/wp\/v2\/comments?post=484943"}],"version-history":[{"count":0,"href":"https:\/\/www.europesays.com\/fr\/wp-json\/wp\/v2\/posts\/484943\/revisions"}],"wp:featuredmedia":[{"embeddable":true,"href":"https:\/\/www.europesays.com\/fr\/wp-json\/wp\/v2\/media\/484944"}],"wp:attachment":[{"href":"https:\/\/www.europesays.com\/fr\/wp-json\/wp\/v2\/media?parent=484943"}],"wp:term":[{"taxonomy":"category","embeddable":true,"href":"https:\/\/www.europesays.com\/fr\/wp-json\/wp\/v2\/categories?post=484943"},{"taxonomy":"post_tag","embeddable":true,"href":"https:\/\/www.europesays.com\/fr\/wp-json\/wp\/v2\/tags?post=484943"}],"curies":[{"name":"wp","href":"https:\/\/api.w.org\/{rel}","templated":true}]}}