{"id":484948,"date":"2025-10-23T18:20:19","date_gmt":"2025-10-23T18:20:19","guid":{"rendered":"https:\/\/www.europesays.com\/fr\/484948\/"},"modified":"2025-10-23T18:20:19","modified_gmt":"2025-10-23T18:20:19","slug":"video-ils-reproduisent-les-bronzes-font-du-ski-dans-le-metro-de-toulouse-et-font-le-buzz-pour-leurs-restos","status":"publish","type":"post","link":"https:\/\/www.europesays.com\/fr\/484948\/","title":{"rendered":"VID\u00c9O. Ils reproduisent \u00ab\u00a0Les bronz\u00e9s font du ski\u00a0\u00bb dans le m\u00e9tro de Toulouse et font le buzz pour leurs restos"},"content":{"rendered":"<p>            Par<br \/>\n        <strong><br \/>\n            <a href=\"https:\/\/actu.fr\/auteur\/hugo-hancewicz\" title=\"Consulter tous les articles de Hugo Hancewicz\" target=\"_blank\" rel=\"noopener\">Hugo Hancewicz<\/a><br \/>\n        <\/strong><\/p>\n<p>        Publi\u00e9 le<\/p>\n<p>            23 oct. 2025 \u00e0 18h24        <\/p>\n<p>Les Friches Gourmande se transforment pour l\u2019hiver\u2009! D\u00e8s le mardi 28\u00a0octobre 2025 \u00e0 Gramont et le mardi 4\u00a0novembre 2025 \u00e0 Montaudran, pergolas et parasols laisseront place \u00e0 des t\u00e9l\u00e9cabines, igloos, chamallows fondants,<strong> raclettes r\u00e9confortantes<\/strong> et G\u00e9n\u00e9pi des montagnes, pour une immersion totale au c\u0153ur des Trois Vall\u00e9es\u2026 sans quitter la Ville rose. Pour annoncer ce changement de saison, l\u2019institution toulousaine a vu les choses en grand (et en dr\u00f4le)\u2009! La Friche Gourmande a rejou\u00e9 une sc\u00e8ne culte du film <strong>\u00ab\u2009Les Bronz\u00e9s font du ski\u2009\u00bb<\/strong>, mais fa\u00e7on m\u00e9tro de <a href=\"https:\/\/actu.fr\/toulouse\/\" target=\"_blank\" rel=\"noopener\">Toulouse<\/a> et gare Matabiau. Une version locale pleine d\u2019humour qui donne d\u00e9j\u00e0 le ton.<\/p>\n<p>Une communication soign\u00e9e<\/p>\n<p class=\" wall-content\">Depuis 2020, la ZAC de <a href=\"https:\/\/actu.fr\/occitanie\/toulouse_31555\/nouveaux-immeubles-parc-passerelle-en-2025-ce-quartier-au-bord-du-peripherique-va-evoluer_62019631.html\" target=\"_blank\" rel=\"noopener\">Montaudran<\/a> accueille les gourmands et amateurs d\u2019exp\u00e9riences conviviales gr\u00e2ce \u00e0 La Friche Gourmande. Fort de son succ\u00e8s, le restaurant a ouvert en avril dernier <a href=\"https:\/\/actu.fr\/occitanie\/toulouse_31555\/une-deuxieme-friche-gourmande-debarque-a-toulouse-avec-une-immense-terrasse-esprit-annees-70_62453856.html\" target=\"_blank\" rel=\"noopener\">sa deuxi\u00e8me adresse<\/a> toulousaine dans le quartier de Gramont, fid\u00e8le \u00e0 sa philosophie\u2009: <strong>m\u00ealer bonne cuisine et ambiance chaleureuse<\/strong>.<\/p>\n<p class=\" wall-content\">Comme chaque saison, cette institution toulousaine adapte sa d\u00e9coration et sa carte <strong>aux temp\u00e9ratures du moment<\/strong>, transformant ses terrasses estivales en v\u00e9ritables stations de ski urbaines.<\/p>\n<p class=\" wall-content\">Et cette ann\u00e9e, La Friche Gourmande a soign\u00e9 sa <strong>communication<\/strong> en reproduisant en vid\u00e9o la cultissime sc\u00e8ne de l\u2019iconique <strong>Jean-Claude Dusse<\/strong> dans les transports parisiens, mais version toulousaine. Fou rire garanti\u2009!<\/p>\n<p class=\" wall-content\"><a href=\"https:\/\/www.instagram.com\/p\/DPuDKs1AhyZ\/embed\" title=\"Ouvrir le lien sur Instagram\" target=\"_blank\" rel=\"noopener\">Visualiser le contenu sur Instagram<\/a><\/p>\n<p>Des ambiances r\u00e9tro<\/p>\n<p class=\" wall-content\">Chaque adresse propose sa propre interpr\u00e9tation de l\u2019hiver. D\u2019un c\u00f4t\u00e9, <strong>ambiance disco des ann\u00e9es 70<\/strong> \u00e0 Gramont et de l\u2019autre, <strong>d\u00e9cor r\u00e9tro des ann\u00e9es 90<\/strong> \u00e0 Montaudran. Une mani\u00e8re originale de plonger dans l\u2019hiver et de faire vivre aux fricheurs une exp\u00e9rience ludique et gourmande, entre saveurs montagnardes et clins d\u2019\u0153il nostalgiques.<\/p>\n<p>Vid\u00e9os : en ce moment sur ActuLe retour des fameuses soir\u00e9es \u00ab\u2009Winter\u2009\u00bb<\/p>\n<p class=\" wall-content\">Dans l\u2019assiette, les adeptes de la Friche Gourmande retrouveront des plats r\u00e9confortants et de saison\u2009: raclette, tartiflette, fromage fondant,<strong> burger montagnard<\/strong> ou encore vin chaud.<\/p>\n<p>Votre r\u00e9gion, votre actu !<\/p>\n<p>Recevez chaque jour les infos qui comptent pour vous.<\/p>\n<p>\t<a href=\"https:\/\/actu.fr\/newsletter\" class=\"ac-btn ac-btn--corner ac-btn--medium ac-btn--blue800\" target=\"_blank\" rel=\"noopener\">S&rsquo;incrire<\/a><\/p>\n<p class=\" wall-content\">Et l\u2019ambiance ne s\u2019arr\u00eate pas aux d\u00e9cors et aux plats\u2009! \u00c0 Montaudran comme \u00e0 Gramont, les soir\u00e9es s\u2019animent du jeudi au samedi avec des DJ sets <strong>\u00e0 partir de 22\u00a0heures<\/strong>.<\/p>\n<p class=\" wall-content\">Cette ann\u00e9e les deux Friches Gourmandes soignent aussi leur programmation culturelle et ludique. Chaque mois, les deux \u00e9tablissements proposent une s\u00e9rie d\u2019\u00e9v\u00e9nements \u00e9clectiques allant du <strong>comedy clubs<\/strong>, aux tournois de fl\u00e9chettes, en passant par les retransmissions des grands matchs de foot et de rugby ou encore des soir\u00e9es \u00e0 th\u00e8me.<\/p>\n<p><strong>Infos pratiques<\/strong><br \/>La Friche Gourmande Montaudran \u2013 10 Impasse Didier-Daurat, 31\u2009400 Toulouse<br \/>La Friche Gourmande Gramont \u2013 11 Rue Henri Jansou, 31200 Toulouse<\/p>\n<p class=\" wall-content\">Personnalisez votre actualit\u00e9 en ajoutant vos villes et m\u00e9dias en favori avec <a href=\"https:\/\/moncompte.actu.fr\" title=\"D\u00e9couvez Mon Actu\" rel=\"nofollow noopener\" data-trk=\"{&quot;cta&quot;:{&quot;action&quot;:&quot;https:\\\/\\\/moncompte.actu.fr&quot;,&quot;category&quot;:&quot;mon compte&quot;,&quot;from&quot;:&quot;article footer&quot;,&quot;name&quot;:&quot;Mon actu&quot;,&quot;type&quot;:&quot;cta&quot;}}\" target=\"_blank\">Mon Actu<\/a>.<\/p>\n<p>                    <script async src=\"\/\/www.instagram.com\/embed.js\"><\/script><\/p>\n","protected":false},"excerpt":{"rendered":"Par Hugo Hancewicz Publi\u00e9 le 23 oct. 2025 \u00e0 18h24 Les Friches Gourmande se transforment pour l\u2019hiver\u2009! D\u00e8s&hellip;\n","protected":false},"author":2,"featured_media":484949,"comment_status":"","ping_status":"","sticky":false,"template":"","format":"standard","meta":{"footnotes":""},"categories":[1354],"tags":[58,59,1346,1011,27,1652,1360,1341],"class_list":{"0":"post-484948","1":"post","2":"type-post","3":"status-publish","4":"format-standard","5":"has-post-thumbnail","7":"category-films","8":"tag-divertissement","9":"tag-entertainment","10":"tag-films","11":"tag-fr","12":"tag-france","13":"tag-loisirs-culture","14":"tag-movies","15":"tag-sortir-a-toulouse"},"share_on_mastodon":{"url":"https:\/\/pubeurope.com\/@fr\/115424868919056293","error":""},"_links":{"self":[{"href":"https:\/\/www.europesays.com\/fr\/wp-json\/wp\/v2\/posts\/484948","targetHints":{"allow":["GET"]}}],"collection":[{"href":"https:\/\/www.europesays.com\/fr\/wp-json\/wp\/v2\/posts"}],"about":[{"href":"https:\/\/www.europesays.com\/fr\/wp-json\/wp\/v2\/types\/post"}],"author":[{"embeddable":true,"href":"https:\/\/www.europesays.com\/fr\/wp-json\/wp\/v2\/users\/2"}],"replies":[{"embeddable":true,"href":"https:\/\/www.europesays.com\/fr\/wp-json\/wp\/v2\/comments?post=484948"}],"version-history":[{"count":0,"href":"https:\/\/www.europesays.com\/fr\/wp-json\/wp\/v2\/posts\/484948\/revisions"}],"wp:featuredmedia":[{"embeddable":true,"href":"https:\/\/www.europesays.com\/fr\/wp-json\/wp\/v2\/media\/484949"}],"wp:attachment":[{"href":"https:\/\/www.europesays.com\/fr\/wp-json\/wp\/v2\/media?parent=484948"}],"wp:term":[{"taxonomy":"category","embeddable":true,"href":"https:\/\/www.europesays.com\/fr\/wp-json\/wp\/v2\/categories?post=484948"},{"taxonomy":"post_tag","embeddable":true,"href":"https:\/\/www.europesays.com\/fr\/wp-json\/wp\/v2\/tags?post=484948"}],"curies":[{"name":"wp","href":"https:\/\/api.w.org\/{rel}","templated":true}]}}