{"id":484957,"date":"2025-10-23T18:25:15","date_gmt":"2025-10-23T18:25:15","guid":{"rendered":"https:\/\/www.europesays.com\/fr\/484957\/"},"modified":"2025-10-23T18:25:15","modified_gmt":"2025-10-23T18:25:15","slug":"il-fait-une-mauvaise-manip-sur-son-portefeuille-de-cryptomonnaies-et-perd-les-economies-dune-vie","status":"publish","type":"post","link":"https:\/\/www.europesays.com\/fr\/484957\/","title":{"rendered":"Il fait une mauvaise manip sur son portefeuille de cryptomonnaies et perd les \u00e9conomies d\u2019une vie"},"content":{"rendered":"<p>Aux <a href=\"https:\/\/www.20minutes.fr\/monde\/etats-unis\/\" class=\"c-link c-link--is-underlined\" target=\"_blank\" rel=\"noopener\">\u00c9tats-Unis<\/a>, un retrait\u00e9 a eu la mauvaise surprise de se faire voler toutes ses \u00e9conomies en quelques minutes. Celles-ci \u00e9taient sous forme de XPR, une <a href=\"https:\/\/www.20minutes.fr\/20-mint\/cryptomonnaies\/\" class=\"c-link c-link--is-underlined\" target=\"_blank\" rel=\"noopener\">cryptomonnaie<\/a>.\u00a0L\u2019homme en d\u00e9tenait 1,2\u00a0million, pour une valeur de 3,87\u00a0millions de dollars, soit un peu plus de 2,48\u00a0millions d\u2019euros.<\/p>\n<p>Une m\u00e9saventure que l\u2019homme a racont\u00e9e dans une vid\u00e9o publi\u00e9e sur YouTube, rapporte <a href=\"https:\/\/www.bfmtv.com\/crypto\/je-pensais-que-j-avais-bien-protege-mes-cryptomonnaies-un-retraite-americain-se-fait-voler-3-millions-de-dollars-de-xrp-en-quelques-minutes_AV-202510220533.html\" target=\"_blank\" class=\"c-link c-link--is-underlined\" rel=\"noopener\">BFM Crypto<\/a>. \u00ab\u00a0C\u2019\u00e9tait toutes nos \u00e9conomies avec ma femme, je ne sais pas ce que nous allons faire [\u2026] Je pensais que j\u2019avais bien prot\u00e9g\u00e9 mes cryptomonnaies\u00a0\u00bb, assure la <a href=\"https:\/\/www.20minutes.fr\/dossier\/victime\" class=\"c-link c-link--is-underlined\" target=\"_blank\" rel=\"noopener\">victime<\/a>, qui achetait des XPR depuis huit ans.<\/p>\n<p class=\"mb-xxl@xs color-ultramarine font-weight-semi-bold@xs font-source-serif-pro heading-s@xs\">L\u2019acc\u00e8s \u00e0 ce contenu a \u00e9t\u00e9 bloqu\u00e9 afin de respecter votre choix de consentement<\/p>\n<p class=\"mb-m@xs text-l@xs\">En cliquant sur\u00ab J\u2019accepte \u00bb, vous acceptez le d\u00e9p\u00f4t de cookies par des services externes et aurez ainsi acc\u00e8s aux contenus de nos partenaires.<\/p>\n<p class=\"mb-xl@xs text-s@xs\">Plus d\u2019informations sur la page<a href=\"https:\/\/www.20minutes.fr\/gestion-cookies\" class=\"mx-xxs@xs color-ultramarine\" target=\"_blank\" rel=\"noopener\">Politique de gestion des cookies<\/a><\/p>\n<p>J\u2019accepteDu portefeuille froid au chaud<\/p>\n<p>Son argent \u00e9tait plac\u00e9 sur un portefeuille virtuel, Ellipal. Deux utilisations sont possibles\u00a0: un portefeuille \u00ab\u00a0froid\u00a0\u00bb, non connect\u00e9 \u00e0 Internet et qui permet de conserver ses biens, et un portefeuille dit \u00ab\u00a0chaud\u00a0\u00bb, connect\u00e9 \u00e0 Internet et permettant de r\u00e9aliser des op\u00e9rations. Or, ce dernier expose \u00e0 plus de risques, dont des <a href=\"https:\/\/www.20minutes.fr\/dossier\/cyberattaque\" class=\"c-link c-link--is-underlined\" target=\"_blank\" rel=\"noopener\">cyberattaques<\/a>.<\/p>\n<p>C\u2019est exactement ce qui est arriv\u00e9 au retrait\u00e9. Il pensait que ses XRP se trouvaient \u00e0 l\u2019abri sur un portefeuille froid. Une mauvaise manipulation les aurait envoy\u00e9es dans le portefeuille chaud, que des malfrats ont attaqu\u00e9 sans h\u00e9siter. Ce sont d\u2019abord 10 XRP qui ont \u00e9t\u00e9 vol\u00e9s, comme une sorte de test. Les <a href=\"https:\/\/www.20minutes.fr\/dossier\/voleur\" class=\"c-link c-link--is-underlined\" target=\"_blank\" rel=\"noopener\">voleurs<\/a> ont ensuite d\u00e9rob\u00e9 l\u2019enti\u00e8ret\u00e9 du portefeuille.<\/p>\n<p>Pas de remboursement<\/p>\n<p>L\u2019<a href=\"https:\/\/www.20minutes.fr\/dossier\/argent\" class=\"c-link c-link--is-underlined\" target=\"_blank\" rel=\"noopener\">argent<\/a> aurait \u00e9t\u00e9 transf\u00e9r\u00e9 vers des dizaines d\u2019autres adresses cryptos avant d\u2019\u00eatre blanchi. Un moyen qui rend quasiment impossible la possibilit\u00e9 de le retrouver un jour. M\u00eame si elle soutient la victime, la soci\u00e9t\u00e9 Ellipal a indiqu\u00e9 dans un communiqu\u00e9 qu\u2019elle ne pouvait rembourser les fonds d\u00e9rob\u00e9s.<\/p>\n<\/p>\n<p>En plus, le retrait\u00e9 a mis trop de temps \u00e0 d\u00e9noncer le vol. \u00ab\u00a0La probabilit\u00e9 que cette victime puisse r\u00e9cup\u00e9rer ses fonds est plut\u00f4t faible en raison d\u2019un retard dans la d\u00e9claration du vol aux personnes comp\u00e9tentes du secteur priv\u00e9\u00a0\u00bb, a indiqu\u00e9 un enqu\u00eateur. Les forces de l\u2019ordre, dont le <a href=\"https:\/\/www.20minutes.fr\/dossier\/fbi\" class=\"c-link c-link--is-underlined\" target=\"_blank\" rel=\"noopener\">FBI<\/a>, sont peu sp\u00e9cialis\u00e9es dans le vol de cryptomonnaie, rendant les enqu\u00eates plus difficiles.<\/p>\n","protected":false},"excerpt":{"rendered":"Aux \u00c9tats-Unis, un retrait\u00e9 a eu la mauvaise surprise de se faire voler toutes ses \u00e9conomies en quelques&hellip;\n","protected":false},"author":2,"featured_media":484958,"comment_status":"","ping_status":"","sticky":false,"template":"","format":"standard","meta":{"footnotes":""},"categories":[6],"tags":[47,35,5687,2481,33,34,73,1011,27],"class_list":{"0":"post-484957","1":"post","2":"type-post","3":"status-publish","4":"format-standard","5":"has-post-thumbnail","7":"category-economie","8":"tag-actualite","9":"tag-business","10":"tag-crypto-monnaie","11":"tag-cyberattaque","12":"tag-economie","13":"tag-economy","14":"tag-etats-unis","15":"tag-fr","16":"tag-france"},"share_on_mastodon":{"url":"","error":""},"_links":{"self":[{"href":"https:\/\/www.europesays.com\/fr\/wp-json\/wp\/v2\/posts\/484957","targetHints":{"allow":["GET"]}}],"collection":[{"href":"https:\/\/www.europesays.com\/fr\/wp-json\/wp\/v2\/posts"}],"about":[{"href":"https:\/\/www.europesays.com\/fr\/wp-json\/wp\/v2\/types\/post"}],"author":[{"embeddable":true,"href":"https:\/\/www.europesays.com\/fr\/wp-json\/wp\/v2\/users\/2"}],"replies":[{"embeddable":true,"href":"https:\/\/www.europesays.com\/fr\/wp-json\/wp\/v2\/comments?post=484957"}],"version-history":[{"count":0,"href":"https:\/\/www.europesays.com\/fr\/wp-json\/wp\/v2\/posts\/484957\/revisions"}],"wp:featuredmedia":[{"embeddable":true,"href":"https:\/\/www.europesays.com\/fr\/wp-json\/wp\/v2\/media\/484958"}],"wp:attachment":[{"href":"https:\/\/www.europesays.com\/fr\/wp-json\/wp\/v2\/media?parent=484957"}],"wp:term":[{"taxonomy":"category","embeddable":true,"href":"https:\/\/www.europesays.com\/fr\/wp-json\/wp\/v2\/categories?post=484957"},{"taxonomy":"post_tag","embeddable":true,"href":"https:\/\/www.europesays.com\/fr\/wp-json\/wp\/v2\/tags?post=484957"}],"curies":[{"name":"wp","href":"https:\/\/api.w.org\/{rel}","templated":true}]}}