{"id":484959,"date":"2025-10-23T18:26:13","date_gmt":"2025-10-23T18:26:13","guid":{"rendered":"https:\/\/www.europesays.com\/fr\/484959\/"},"modified":"2025-10-23T18:26:13","modified_gmt":"2025-10-23T18:26:13","slug":"deux-avions-militaires-russes-penetrent-brievement-dans-lespace-aerien-de-la-lituanie","status":"publish","type":"post","link":"https:\/\/www.europesays.com\/fr\/484959\/","title":{"rendered":"Deux avions militaires russes p\u00e9n\u00e8trent bri\u00e8vement dans l\u2019espace a\u00e9rien de la Lituanie"},"content":{"rendered":"<p>\n    Un chasseur Su-30 et un avion ravitailleur Il-78 ont franchi la fronti\u00e8re vers 16 heures ce jeudi pendant environ dix-huit secondes, indique l\u2019arm\u00e9e lituanienne.<\/p>\n<p class=\"fig-paragraph\">Deux avions militaires russes ont p\u00e9n\u00e9tr\u00e9 jeudi dans l\u2019espace a\u00e9rien de la\u00a0<a href=\"http:\/\/www.lefigaro.fr\/international\/lituanie-demission-de-la-ministre-de-la-defense-apres-un-differend-sur-le-budget-20251022\" target=\"_blank\" data-fig-type=\"NewsFlash\" rel=\"noopener\" data-gtm-custom-categorie=\"navigation\" data-gtm-custom-action=\"crossclick\" data-gtm-custom-label=\"Contextuel\" data-gtm-event=\"customEventSPE\" data-fig-domain=\"LEFIGARO\">Lituanie<\/a>, membre de l\u2019OTAN, pendant environ dix-huit secondes, a annonc\u00e9 l\u2019arm\u00e9e lituanienne.<\/p>\n<p class=\"fig-paragraph\">Les deux appareils \u2014 un chasseur Su-30 et un avion ravitailleur Il-78 \u2014 participaient probablement \u00e0 un exercice d\u2019entra\u00eenement au ravitaillement en vol lorsqu\u2019ils ont franchi la fronti\u00e8re vers 16 heures (heure de Paris), en provenance de l\u2019enclave russe de\u00a0<a href=\"http:\/\/www.lefigaro.fr\/international\/kaliningrad-ce-bastion-strategique-russe-sous-sanctions-europeennes-20250302\" target=\"_blank\" data-fig-type=\"Article\" rel=\"noopener\" data-gtm-custom-categorie=\"navigation\" data-gtm-custom-action=\"crossclick\" data-gtm-custom-label=\"Contextuel\" data-gtm-event=\"customEventSPE\" data-fig-domain=\"LEFIGARO\">Kaliningrad<\/a>, selon la m\u00eame source.<\/p>\n<p>                                    <a class=\"fig-a11y-skip a11y-hidden\" href=\"#fig-a11y-skip-main-inarticle\"><br \/>\n        Passer la publicit\u00e9<br \/>\n    <\/a><\/p>\n<p class=\"fig-paragraph\">Des chasseurs Eurofighter Typhoon espagnols de la mission de police a\u00e9rienne de l\u2019OTAN dans les \u00c9tats baltes ont \u00e9t\u00e9 imm\u00e9diatement d\u00e9ploy\u00e9s et patrouillent actuellement dans la zone, a pr\u00e9cis\u00e9 l\u2019arm\u00e9e lituanienne.<\/p>\n","protected":false},"excerpt":{"rendered":"Un chasseur Su-30 et un avion ravitailleur Il-78 ont franchi la fronti\u00e8re vers 16 heures ce jeudi pendant&hellip;\n","protected":false},"author":2,"featured_media":484960,"comment_status":"","ping_status":"","sticky":false,"template":"","format":"standard","meta":{"footnotes":""},"categories":[5],"tags":[11,1011,27,14,2050,12,136,28],"class_list":{"0":"post-484959","1":"post","2":"type-post","3":"status-publish","4":"format-standard","5":"has-post-thumbnail","7":"category-international","8":"tag-actualites","9":"tag-fr","10":"tag-france","11":"tag-international","12":"tag-lituanie","13":"tag-news","14":"tag-otan","15":"tag-world"},"share_on_mastodon":{"url":"https:\/\/pubeurope.com\/@fr\/115424892361304159","error":""},"_links":{"self":[{"href":"https:\/\/www.europesays.com\/fr\/wp-json\/wp\/v2\/posts\/484959","targetHints":{"allow":["GET"]}}],"collection":[{"href":"https:\/\/www.europesays.com\/fr\/wp-json\/wp\/v2\/posts"}],"about":[{"href":"https:\/\/www.europesays.com\/fr\/wp-json\/wp\/v2\/types\/post"}],"author":[{"embeddable":true,"href":"https:\/\/www.europesays.com\/fr\/wp-json\/wp\/v2\/users\/2"}],"replies":[{"embeddable":true,"href":"https:\/\/www.europesays.com\/fr\/wp-json\/wp\/v2\/comments?post=484959"}],"version-history":[{"count":0,"href":"https:\/\/www.europesays.com\/fr\/wp-json\/wp\/v2\/posts\/484959\/revisions"}],"wp:featuredmedia":[{"embeddable":true,"href":"https:\/\/www.europesays.com\/fr\/wp-json\/wp\/v2\/media\/484960"}],"wp:attachment":[{"href":"https:\/\/www.europesays.com\/fr\/wp-json\/wp\/v2\/media?parent=484959"}],"wp:term":[{"taxonomy":"category","embeddable":true,"href":"https:\/\/www.europesays.com\/fr\/wp-json\/wp\/v2\/categories?post=484959"},{"taxonomy":"post_tag","embeddable":true,"href":"https:\/\/www.europesays.com\/fr\/wp-json\/wp\/v2\/tags?post=484959"}],"curies":[{"name":"wp","href":"https:\/\/api.w.org\/{rel}","templated":true}]}}