{"id":484961,"date":"2025-10-23T18:27:10","date_gmt":"2025-10-23T18:27:10","guid":{"rendered":"https:\/\/www.europesays.com\/fr\/484961\/"},"modified":"2025-10-23T18:27:10","modified_gmt":"2025-10-23T18:27:10","slug":"pourquoi-la-france-doit-etre-prete-a-un-choc-avec-la-russie-a-lhorizon-2029","status":"publish","type":"post","link":"https:\/\/www.europesays.com\/fr\/484961\/","title":{"rendered":"Pourquoi la France doit \u00eatre \u00ab\u00a0pr\u00eate \u00e0 un choc\u00a0\u00bb avec la Russie \u00e0 l\u2019horizon 2029"},"content":{"rendered":"<p>        <img decoding=\"async\" loading=\"lazy\" src=\"https:\/\/www.europesays.com\/fr\/wp-content\/uploads\/2025\/10\/bb3c2e7_1658620736662-62aafb032500008e1f32de35.jpg\"  width=\"728\" height=\"410\" alt=\"Emmanuel Macron et Vladimir Poutine lors d'un sommet Normandie sur l'Ukraine, \u00e0 Paris, le 2 d\u00e9cembre 2019\"\/>  <\/p>\n<p>CHARLES PLATIAU via REUTERS<\/p>\n<p>Emmanuel Macron et Vladimir Poutine lors d&rsquo;un sommet Normandie sur l&rsquo;Ukraine, \u00e0 Paris, le 2 d\u00e9cembre 2019<\/p>\n<p class=\"asset asset-text\">ARMEE &#8211; L\u2019arm\u00e9e fran\u00e7aise doit \u00eatre \u00ab\u00a0pr\u00eate \u00e0 un choc <a href=\"https:\/\/www.huffingtonpost.fr\/international\/article\/guerre-en-ukraine-trump-espere-faire-plier-poutine-avec-ses-sanctions-enormes-contre-moscou_256306.html\" target=\"_blank\" rel=\"noopener\">dans trois, quatre ans\u00a0\u00bb face \u00e0 la Russie<\/a>. Ces mots, loin d\u2019\u00eatre rassurants, sont ceux du g\u00e9n\u00e9ral Fabien Mandon, chef d\u2019\u00e9tat-major des arm\u00e9es. Le plus haut grad\u00e9 fran\u00e7ais a fait cette d\u00e9claration mercredi devant les d\u00e9put\u00e9s de la commission de la D\u00e9fense pour les sensibiliser au n\u00e9cessaire <a href=\"https:\/\/www.huffingtonpost.fr\/economie\/article\/ces-entreprises-francaises-qui-ont-tout-a-gagner-d-une-defense-europeenne_247095.html\" target=\"_blank\" rel=\"noopener\">\u00ab\u00a0l\u2019effort de r\u00e9armement\u00a0\u00bb<\/a> du pays, Ce jeudi 23\u00a0octobre, ce discours a \u00e9t\u00e9 repris par d\u2019autres interlocuteurs pour sensibiliser sur l\u2019imminence d\u2019une confrontation avec la Russie et, surtout, appuyer le projet de budget de la d\u00e9fense.<\/p>\n<p class=\"asset asset-text\">C\u2019est notamment le cas de Pierre Schill, chef d\u2019\u00e9tat-major de l\u2019arm\u00e9e de terre. Auditionn\u00e9 ce jeudi \u00e0 l\u2019Assembl\u00e9e nationale <a href=\"https:\/\/www.huffingtonpost.fr\/politique\/article\/comment-emmanuel-macron-peut-il-parler-effort-de-defense-face-a-la-rigueur-budgetaire-annoncee_252495.html\" target=\"_blank\" rel=\"noopener\">sur le budget 2026<\/a> pr\u00e9sent\u00e9 par le Premier ministre S\u00e9bastien Lecornu, il a brandi la menace d\u2019\u00ab\u00a0un retour des empires\u00a0\u00bb.<\/p>\n<p class=\"asset asset-text\">\u00ab\u00a0Nous assistons \u00e0 un changement d\u2019air, un retour des empires qui doit dicter notre posture. Pour \u00eatre libre, il faut \u00eatre craint. Pour \u00eatre craint, il faut \u00eatre fort. Et j\u2019ajouterais, pour l\u2019arm\u00e9e de terre, il faut savoir se tenir pr\u00eat. Et le faire savoir, \u00e0 nos alli\u00e9s comme \u00e0 nos adversaires\u00a0\u00bb, a-t-il d\u00e9clar\u00e9. Ainsi, il estime que \u00ab\u00a0le projet de loi de finances pour 2026 donne les moyens\u00a0\u00bb \u00e0 la France de \u00ab\u00a0peser sur son destin\u00a0\u00bb.<\/p>\n<p>    \u00ab\u00a0Le danger est l\u00e0\u00a0\u00bb    <\/p>\n<p class=\"asset asset-text\">Le projet de budget de la d\u00e9fense\u00a0pr\u00e9voit de le porter \u00e0 57,1\u00a0milliards d\u2019euros pour 2026, soit une hausse de 13\u00a0%, portant l\u2019effort budg\u00e9taire pour les arm\u00e9es \u00e0 2,2\u00a0% du PIB, selon la ministre fran\u00e7aise des Arm\u00e9es Catherine Vautrin.<\/p>\n<p class=\"asset asset-text\">Michel Olhagaray, ancien directeur du Centre des hautes \u00e9tudes militaires, a \u00e9galement pris la parole sur franceinfo ce jeudi pour soutenir cet effort\u00a0: \u00ab\u00a0Cela fait tr\u00e8s longtemps que, sur les plateaux t\u00e9l\u00e9, les militaires disent que la menace [d\u2019une guerre totale en Europe] est l\u00e0 et que nous ne sommes pas pr\u00eats. Il y a quatre ou cinq ans, on \u00e9tait \u00e0 poil\u00a0!\u00a0\u00bb<\/p>\n<p> La lecture de ce contenu est susceptible d\u2019entra\u00eener un d\u00e9p\u00f4t de cookies de la part de l\u2019op\u00e9rateur tiers qui l\u2019h\u00e9berge. Compte-tenu des choix que vous avez exprim\u00e9s en mati\u00e8re de d\u00e9p\u00f4t de cookies, nous avons bloqu\u00e9 l\u2019affichage de ce contenu. Si vous souhaitez y acc\u00e9der, vous devez accepter la cat\u00e9gorie de cookies \u201cContenus tiers\u201d en cliquant sur le bouton ci-dessous. <\/p>\n<p> Lire la Vid\u00e9o        <\/p>\n<p class=\"asset asset-text\">Et de poursuivre\u00a0: \u00ab\u00a0Les arm\u00e9es le savent depuis longtemps, nos chefs le savent et le disent depuis longtemps aux hommes politiques. Il faut que les Fran\u00e7ais sachent que le danger est l\u00e0. Il n\u2019est pas in\u00e9luctable, mais il faut \u00eatre puissant pour le dissuader. Si on n\u2019est pas puissant, on est une proie et c\u2019est ce que nous sommes actuellement.\u00a0\u00bb<\/p>\n<p>    2029, une ann\u00e9e charni\u00e8re    <\/p>\n<p class=\"asset asset-text\">Mais pourquoi cette \u00e9ch\u00e9ance de \u00ab\u00a0quatre ou cinq ans\u00a0\u00bb, alors que la Russie s\u2019acharne actuellement <a href=\"https:\/\/www.huffingtonpost.fr\/international\/article\/ou-poutine-va-detruire-l-ukraine-trump-a-mis-un-gros-coup-de-pression-a-zelensky-lors-de-leur-echange_256175.html\" target=\"_blank\" rel=\"noopener\">sur l\u2019Ukraine<\/a>\u00a0? Ce sont les services secrets allemands qui ont avanc\u00e9 l\u2019\u00e9ch\u00e9ance de 2029 la semaine pass\u00e9e, mettant en<strong> <\/strong>garde contre la Russie, pr\u00eate selon eux \u00e0 \u00ab\u00a0entrer en conflit militaire direct avec l\u2019Otan\u00a0\u00bb.<\/p>\n<p class=\"asset asset-text\">En effet, le 13\u00a0octobre dernier, Martin J\u00e4ger, le nouveau patron de l\u2019Agence f\u00e9d\u00e9rale de renseignement (BND), a lanc\u00e9 une mise en garde lors d\u2019une audition devant les d\u00e9put\u00e9s allemands. \u00ab\u00a0Nous ne devons pas nous reposer sur nos lauriers en pensant qu\u2019une attaque russe \u00e9ventuelle n\u2019aura pas lieu avant 2029 au plus t\u00f4t. Nous sommes d\u00e9j\u00e0 dans le feu de l\u2019action aujourd\u2019hui.\u00a0\u00bb<\/p>\n<p class=\"asset asset-text\">Comme le soulignent <a href=\"https:\/\/www.lesechos.fr\/monde\/europe\/il-faut-se-preparer-a-une-aggravation-de-la-situation-lalerte-des-services-secrets-allemands-face-a-la-russie-2191933\" target=\"_blank\" rel=\"noopener\" title=\"Nouvelle fen\u00eatre\">Les \u00c9chos<\/a>, jusque-l\u00e0, l\u2019ann\u00e9e 2029 \u00e9tait d\u00e9j\u00e0 consid\u00e9r\u00e9e par les agences de renseignement comme une ann\u00e9e charni\u00e8re, de bascule, o\u00f9 la Russie aurait les capacit\u00e9s militaires de se lancer dans un conflit d\u2019envergure avec l\u2019Otan. \u00ab\u00a0Ceci compte tenu de l\u2019attrition [l\u2019usure] des hommes et des \u00e9quipements pour\u00a0la guerre en Ukraine\u00a0\u00bb, pr\u00e9cise le quotidien. Mais cela pourrait arriver m\u00eame avant cette ann\u00e9e-l\u00e0.<\/p>\n<p class=\"asset asset-text\">En effet, visiblement, Moscou estime avoir \u00ab\u00a0des chances r\u00e9alistes d\u2019\u00e9tendre sa zone d\u2019influence vers l\u2019ouest\u00a0\u00bb et \u00ab\u00a0n\u2019h\u00e9sitera pas, si n\u00e9cessaire, \u00e0 entrer en conflit militaire direct avec l\u2019Otan\u00a0\u00bb, pointe Martin J\u00e4ger. Le Kremlin teste d\u2019ailleurs d\u00e9j\u00e0 son adversaire pour observer ses r\u00e9actions en utilisant <a href=\"https:\/\/www.huffingtonpost.fr\/international\/article\/quelle-est-la-strategie-de-la-russie-derriere-les-incursions-de-drones_255457.html\" target=\"_blank\" rel=\"noopener\">des moyens hybrides, comme les\u00a0survols de drones<\/a>, les sabotages, et des campagnes de d\u00e9sinformation et d\u2019influence. Le nombre de ces \u00e9v\u00e9nements en augmentation accro\u00eet la pression sur la d\u00e9fense qui craint une escalade.<\/p>\n<p>                     De l\u2019importance de renvoyer une image forte    <\/p>\n<p class=\"asset asset-text\">Moscou a la \u00ab\u00a0perception d\u2019une Europe collectivement faible\u00a0\u00bb, selon le g\u00e9n\u00e9ral Mandon, qui observe une \u00ab\u00a0d\u00e9sinhibition du recours \u00e0 la force\u00a0\u00bb c\u00f4t\u00e9 russe. Pourtant, \u00ab\u00a0on a tout pour \u00eatre s\u00fbrs de nous\u00a0\u00bb, a-t-il martel\u00e9, rappelant que du point de vue \u00e9conomique, d\u00e9mographique ou industriel, les Europ\u00e9ens l\u2019emportaient sur la Russie.<\/p>\n<p class=\"asset asset-text\">\u00ab\u00a0Le premier objectif que j\u2019ai donn\u00e9 aux arm\u00e9es, c\u2019est de se tenir pr\u00eates \u00e0 un choc dans trois, quatre ans qui serait une forme de test \u2013 peut-\u00eatre le test existe d\u00e9j\u00e0 sous des formes hybrides \u2013 mais peut-\u00eatre [quelque chose de] plus violent\u00a0\u00bb, a d\u00e9clar\u00e9 le g\u00e9n\u00e9ral qui a pris la t\u00eate des arm\u00e9es fran\u00e7aises le 1er\u00a0septembre.<\/p>\n<p class=\"asset asset-text\">\u00ab\u00a0La Russie est un pays qui peut \u00eatre tent\u00e9 de poursuivre la guerre sur notre continent, et c\u2019est l\u2019\u00e9l\u00e9ment d\u00e9terminant dans ce que je pr\u00e9pare.\u00a0\u00bb L\u2019augmentation du budget militaire est donc pour lui \u00ab\u00a0fondamentale, d\u00e9j\u00e0 dans les perceptions\u00a0\u00bb.<\/p>\n<p class=\"asset asset-text\">\u00ab\u00a0Si nos rivaux potentiels, nos adversaires per\u00e7oivent que nous consacrons un effort pour nous d\u00e9fendre et que nous avons cette d\u00e9termination, alors il peut renoncer. S\u2019il a le sentiment qu\u2019on n\u2019est pas pr\u00eat \u00e0 se d\u00e9fendre, je ne vois pas ce qui peut l\u2019arr\u00eater\u00a0\u00bb, a-t-il d\u00e9velopp\u00e9.<\/p>\n","protected":false},"excerpt":{"rendered":"CHARLES PLATIAU via REUTERS Emmanuel Macron et Vladimir Poutine lors d&rsquo;un sommet Normandie sur l&rsquo;Ukraine, \u00e0 Paris, le&hellip;\n","protected":false},"author":2,"featured_media":484962,"comment_status":"","ping_status":"","sticky":false,"template":"","format":"standard","meta":{"footnotes":""},"categories":[4],"tags":[11,1003,554,1011,27,131,12,25,132],"class_list":{"0":"post-484961","1":"post","2":"type-post","3":"status-publish","4":"format-standard","5":"has-post-thumbnail","7":"category-france","8":"tag-actualites","9":"tag-budget","10":"tag-defense","11":"tag-fr","12":"tag-france","13":"tag-guerre-en-ukraine","14":"tag-news","15":"tag-republique-francaise","16":"tag-russie"},"share_on_mastodon":{"url":"https:\/\/pubeurope.com\/@fr\/115424896949940248","error":""},"_links":{"self":[{"href":"https:\/\/www.europesays.com\/fr\/wp-json\/wp\/v2\/posts\/484961","targetHints":{"allow":["GET"]}}],"collection":[{"href":"https:\/\/www.europesays.com\/fr\/wp-json\/wp\/v2\/posts"}],"about":[{"href":"https:\/\/www.europesays.com\/fr\/wp-json\/wp\/v2\/types\/post"}],"author":[{"embeddable":true,"href":"https:\/\/www.europesays.com\/fr\/wp-json\/wp\/v2\/users\/2"}],"replies":[{"embeddable":true,"href":"https:\/\/www.europesays.com\/fr\/wp-json\/wp\/v2\/comments?post=484961"}],"version-history":[{"count":0,"href":"https:\/\/www.europesays.com\/fr\/wp-json\/wp\/v2\/posts\/484961\/revisions"}],"wp:featuredmedia":[{"embeddable":true,"href":"https:\/\/www.europesays.com\/fr\/wp-json\/wp\/v2\/media\/484962"}],"wp:attachment":[{"href":"https:\/\/www.europesays.com\/fr\/wp-json\/wp\/v2\/media?parent=484961"}],"wp:term":[{"taxonomy":"category","embeddable":true,"href":"https:\/\/www.europesays.com\/fr\/wp-json\/wp\/v2\/categories?post=484961"},{"taxonomy":"post_tag","embeddable":true,"href":"https:\/\/www.europesays.com\/fr\/wp-json\/wp\/v2\/tags?post=484961"}],"curies":[{"name":"wp","href":"https:\/\/api.w.org\/{rel}","templated":true}]}}