{"id":484965,"date":"2025-10-23T18:29:23","date_gmt":"2025-10-23T18:29:23","guid":{"rendered":"https:\/\/www.europesays.com\/fr\/484965\/"},"modified":"2025-10-23T18:29:23","modified_gmt":"2025-10-23T18:29:23","slug":"la-fouillouse-formatik-forme-les-professionnels-a-la-cybersecurite","status":"publish","type":"post","link":"https:\/\/www.europesays.com\/fr\/484965\/","title":{"rendered":"La Fouillouse. Formatik forme les professionnels \u00e0 la cybers\u00e9curit\u00e9"},"content":{"rendered":"<p>Depuis quelques ann\u00e9es, un nouveau type de terrorisme est apparu dans nos soci\u00e9t\u00e9s\u00a0: les cyberattaques. Elles visent les banques, les h\u00f4pitaux, les grandes soci\u00e9t\u00e9s\u2026 Autant d\u2019agressions d\u2019un nouveau genre avec demandes de ran\u00e7ons \u00e0 la cl\u00e9.\u00a0Jusqu\u2019alors bien d\u00e9munies pour se prot\u00e9ger de ce piratage, les soci\u00e9t\u00e9s s\u2019\u00e9quipent aujourd\u2019hui d\u2019outils de pr\u00e9ventions et int\u00e8grent dans leurs effectifs des sp\u00e9cialistes de la cybers\u00e9curit\u00e9. Depuis 2023 \u00e0 La Fouillouse, Formatik, l\u2019\u00e9cole lanc\u00e9e par deux associ\u00e9s S\u00e9bastien Giovannini et David Cartailler, forment ces&#8230;<\/p>\n","protected":false},"excerpt":{"rendered":"Depuis quelques ann\u00e9es, un nouveau type de terrorisme est apparu dans nos soci\u00e9t\u00e9s\u00a0: les cyberattaques. Elles visent les&hellip;\n","protected":false},"author":2,"featured_media":484966,"comment_status":"","ping_status":"","sticky":false,"template":"","format":"standard","meta":{"footnotes":""},"categories":[9653],"tags":[1111,11,2430,7539,1057,1777,674,5016,1011,27,12296,12,25,4001,9664],"class_list":{"0":"post-484965","1":"post","2":"type-post","3":"status-publish","4":"format-standard","5":"has-post-thumbnail","7":"category-saint-etienne","8":"tag-actu","9":"tag-actualites","10":"tag-auvergne-rhone-alpes","11":"tag-edition-loire-sud","12":"tag-education","13":"tag-eu","14":"tag-europe","15":"tag-formation-orientation","16":"tag-fr","17":"tag-france","18":"tag-la-fouillouse","19":"tag-news","20":"tag-republique-francaise","21":"tag-saint-etienne","22":"tag-saint-etienne-bassin"},"share_on_mastodon":{"url":"https:\/\/pubeurope.com\/@fr\/115424903962720775","error":""},"_links":{"self":[{"href":"https:\/\/www.europesays.com\/fr\/wp-json\/wp\/v2\/posts\/484965","targetHints":{"allow":["GET"]}}],"collection":[{"href":"https:\/\/www.europesays.com\/fr\/wp-json\/wp\/v2\/posts"}],"about":[{"href":"https:\/\/www.europesays.com\/fr\/wp-json\/wp\/v2\/types\/post"}],"author":[{"embeddable":true,"href":"https:\/\/www.europesays.com\/fr\/wp-json\/wp\/v2\/users\/2"}],"replies":[{"embeddable":true,"href":"https:\/\/www.europesays.com\/fr\/wp-json\/wp\/v2\/comments?post=484965"}],"version-history":[{"count":0,"href":"https:\/\/www.europesays.com\/fr\/wp-json\/wp\/v2\/posts\/484965\/revisions"}],"wp:featuredmedia":[{"embeddable":true,"href":"https:\/\/www.europesays.com\/fr\/wp-json\/wp\/v2\/media\/484966"}],"wp:attachment":[{"href":"https:\/\/www.europesays.com\/fr\/wp-json\/wp\/v2\/media?parent=484965"}],"wp:term":[{"taxonomy":"category","embeddable":true,"href":"https:\/\/www.europesays.com\/fr\/wp-json\/wp\/v2\/categories?post=484965"},{"taxonomy":"post_tag","embeddable":true,"href":"https:\/\/www.europesays.com\/fr\/wp-json\/wp\/v2\/tags?post=484965"}],"curies":[{"name":"wp","href":"https:\/\/api.w.org\/{rel}","templated":true}]}}