{"id":484979,"date":"2025-10-23T18:39:59","date_gmt":"2025-10-23T18:39:59","guid":{"rendered":"https:\/\/www.europesays.com\/fr\/484979\/"},"modified":"2025-10-23T18:39:59","modified_gmt":"2025-10-23T18:39:59","slug":"que-faire-pres-de-montpellier-ce-week-end-voici-5-idees-de-sorties-pour-ces-25-et-26-octobre","status":"publish","type":"post","link":"https:\/\/www.europesays.com\/fr\/484979\/","title":{"rendered":"Que faire pr\u00e8s de Montpellier ce week-end ? Voici 5 id\u00e9es de sorties pour ces 25 et 26 octobre"},"content":{"rendered":"<p>            Par<br \/>\n        <strong><br \/>\n            <a href=\"https:\/\/actu.fr\/auteur\/lea-pippinato\" title=\"Consulter tous les articles de L\u00e9a Pippinato\" target=\"_blank\" rel=\"noopener\">L\u00e9a Pippinato<\/a><br \/>\n        <\/strong><\/p>\n<p>        Publi\u00e9 le<\/p>\n<p>            23 oct. 2025 \u00e0 20h34        <\/p>\n<p>\u00c0 <strong>Montpellier<\/strong>, l\u2019automne n\u2019endort pas les envies de sortie. Bien au contraire. Les temp\u00e9ratures restent douces, les journ\u00e9es encore longues, et les \u00e9v\u00e9nements se multiplient avant la Toussaint. <strong>Ce dernier week-end d\u2019octobre<\/strong> offre un cocktail parfait entre d\u00e9tente, \u00e9motions et curiosit\u00e9. Dans les salles, sur la mer, au c\u0153ur de la ville ou dans les villages alentours, l\u2019\u00e9nergie bat son plein.<\/p>\n<p>La soir\u00e9e supporters : le c\u0153ur du Castelnau Basket bat plus fort<\/p>\n<p class=\" wall-content\"><strong>Quoi ?<\/strong> Soir\u00e9e supporters gratuite avec deux matchs du Castelnau Basket<\/p>\n<p class=\" wall-content\"><strong>Quand ?<\/strong> Samedi 25 octobre. Coup d\u2019envoi \u00e0 17h puis \u00e0 20h<\/p>\n<p class=\" wall-content\"><strong>O\u00f9 ?<\/strong> Palais des Sports Jacques Chaban Delmas, salle Ren\u00e9 Alauze, Castelnau-le-Lez<\/p>\n<p class=\" wall-content\"><strong>Pourquoi y aller ?<\/strong> <a href=\"https:\/\/actu.fr\/occitanie\/castelnau-le-lez_34057\/pres-de-montpellier-soiree-gratuite-pour-encourager-les-equipes-du-castelnau-basket_63341374.html\" target=\"_blank\" rel=\"noopener\">La premi\u00e8re soir\u00e9e supporters du club r\u00e9unit toute la famille basket.<\/a> \u00c0 17h, l\u2019\u00e9quipe de Nationale 3 f\u00e9minine, huiti\u00e8me au classement, coach\u00e9e par Ruben Paniagua avec Jacques Lacombe, re\u00e7oit Caluire et Cuire, leader invaincu. \u00c0 20h, la Nationale 3 masculine, cinqui\u00e8me, coach\u00e9e par Jonathan Caloni avec J\u00e9r\u00e9my Geneste, affronte Montbrison, troisi\u00e8me et favori \u00e0 la mont\u00e9e en Nationale 2. Deux affiches \u00e0 gros enjeux. Ambiance assur\u00e9e par Dancerz Studio. Le club pr\u00e9sente plus de 100 enfants, joueuses et joueurs. Un tir du milieu de terrain pimente la soir\u00e9e. Restauration avec des produits de circuits courts et de partenaires locaux. Une tombola permet de gagner 100 euros d\u2019achats chez un partenaire castelnauvien.<\/p>\n<p><strong>&gt;<\/strong> Entr\u00e9e gratuite. Restauration payante sur place. Animations tout au long de la soir\u00e9e<\/p>\n<p>Vid\u00e9os : en ce moment sur Actu<\/p>\n<p>    <img   decoding=\"async\" loading=\"lazy\" src=\"https:\/\/www.europesays.com\/fr\/wp-content\/uploads\/2025\/10\/castelnau-960x640.jpg\" alt=\"Les tribunes du palais des Sports de Castelnau-le-Lez pr\u00eates \u00e0 vibrer pour les \u00e9quipes locales.\" width=\"960\" height=\"640\"\/><br \/>\n    Les tribunes du palais des Sports de Castelnau-le-Lez pr\u00eates \u00e0 vibrer pour les \u00e9quipes locales. (\u00a9Ville de Castelnau-le-Lez)La Grande-Motte : voguer pour la cause d\u2019Octobre Rose<\/p>\n<p class=\" wall-content\"><strong>Quoi ?<\/strong> Sortie en mer solidaire au profit de la lutte contre le cancer du sein<\/p>\n<p>Votre r\u00e9gion, votre actu !<\/p>\n<p>Recevez chaque jour les infos qui comptent pour vous.<\/p>\n<p>\t<a href=\"https:\/\/actu.fr\/newsletter\" class=\"ac-btn ac-btn--corner ac-btn--medium ac-btn--blue800\" target=\"_blank\" rel=\"noopener\">S&rsquo;incrire<\/a><\/p>\n<p class=\" wall-content\"><strong>Quand ?<\/strong> Samedi 25 octobre. Embarquement entre 9h30 et 10h<\/p>\n<p class=\" wall-content\"><strong>O\u00f9 ?<\/strong> Quai d\u2019accueil du port de La Grande-Motte<\/p>\n<p class=\" wall-content\"><strong>Pourquoi y aller ? <\/strong>\u00c0 La Grande-Motte, le large devient solidaire. La SNSM, l\u2019APPGM et Evidence unissent leurs forces pour organiser une sortie en mer au profit de la Ligue contre le cancer. L\u2019objectif : sensibiliser, pr\u00e9venir, soutenir la recherche. <strong>Dix euros symboliques<\/strong> suffisent pour embarquer et participer \u00e0 la lutte contre le cancer du sein. L\u2019int\u00e9gralit\u00e9 des fonds sera revers\u00e9e. Une belle occasion d\u2019allier plaisir, solidarit\u00e9 et air marin, sous le signe d\u2019Octobre Rose.<\/p>\n<p><strong>&gt;<\/strong> 10 euros par personne. R\u00e9servation obligatoire au <strong>06 64 89 38 25<\/strong><\/p>\n<p>    <img   decoding=\"async\" loading=\"lazy\" src=\"https:\/\/www.europesays.com\/fr\/wp-content\/uploads\/2025\/10\/capture-decran-2025-10-23-a-151838-960x640.png\" alt=\"Dix euros pour embarquer, un grand pas pour la recherche et la pr\u00e9vention.\" width=\"960\" height=\"640\"\/><br \/>\n    Dix euros pour embarquer, un grand pas pour la recherche et la pr\u00e9vention. (\u00a9Canva)La Folie Divine en f\u00eate : le Pestelario Festival c\u00e9l\u00e8bre la cr\u00e9ativit\u00e9<\/p>\n<p class=\" wall-content\"><strong>Quoi ?<\/strong> Premi\u00e8re \u00e9dition du Pestelario Festival<\/p>\n<p class=\" wall-content\"><strong>Quand ?<\/strong> Du 24 au 26 octobre<\/p>\n<p class=\" wall-content\"><strong>O\u00f9 ?<\/strong> Espace Pestelario, 5 rue L\u00e9onard de Vinci, quartier de la Lironde, Montpellier<\/p>\n<p class=\" wall-content\"><strong>Pourquoi y aller ?<\/strong> Au pied du b\u00e2timent embl\u00e9matique de la Folie Divine, un nouveau rendez-vous voit le jour : <a href=\"https:\/\/actu.fr\/occitanie\/montpellier_34172\/montpellier-l-espace-pestelario-devoile-un-nouveau-festival-audacieux-et-sensoriel_63321306.html\" target=\"_blank\" rel=\"noopener\">le Pestelario Festival.<\/a> Trois jours d\u2019animations m\u00ealant art, mode, gastronomie et musique. L\u2019\u00e9v\u00e9nement s\u2019annonce comme un concentr\u00e9 d\u2019\u00e9nergie cr\u00e9ative, imagin\u00e9 pour les Montpelli\u00e9rains par des Montpelli\u00e9rains.<\/p>\n<p class=\" wall-content\">L\u2019Espace Pestelario, qui r\u00e9unit le salon de coiffure Jean Vallon et le glacier-chocolatier La Fabrique Givr\u00e9e, devient une sc\u00e8ne \u00e0 ciel ouvert. Le lieu, dont le nom \u00e9voque la plus ancienne appellation de Montpellier, \u00ab\u00a0Monte Pestelario\u00a0\u00bb, se veut un tremplin pour la cr\u00e9ation locale. Le programme est dense : ateliers de beatmaking, d\u2019improvisation, de danse, artisanat, beaut\u00e9, Head Spa, sourcils et paillettes. Les gourmets d\u00e9gusteront vins, bi\u00e8res, caviar, cocktails et glaces artisanales. Les familles ne sont pas oubli\u00e9es : ateliers enfants avec Cultura Saint-Aun\u00e8s, expositions d\u2019art, photo th\u00e9rapie, tatouage, yoga, pilates et power dance.\u00a0<\/p>\n<p><strong>&gt;<\/strong> Pass 1 jour 4 euros. Pass 3 jours 6 euros. Gratuit pour les moins de 12 ans<\/p>\n<p><a href=\"https:\/\/www.instagram.com\/p\/DPn7kAhCuUr\/embed\" title=\"Ouvrir le lien sur Instagram\" target=\"_blank\" rel=\"noopener\">Visualiser le contenu sur Instagram<\/a><\/p>\n<p>Le Cr\u00e8s : la f\u00eate foraine reprend vie aux ar\u00e8nes<\/p>\n<p class=\" wall-content\"><strong>Quoi ?<\/strong> F\u00eate foraine dans les ar\u00e8nes r\u00e9nov\u00e9es<\/p>\n<p class=\" wall-content\"><strong>Quand ?<\/strong> Du mercredi 22 au dimanche 26 octobre, de 14h \u00e0 19h<\/p>\n<p class=\" wall-content\"><strong>O\u00f9 ?<\/strong> Ar\u00e8nes du Cr\u00e8s, place du Pont Trinquat<\/p>\n<p class=\" wall-content\"><strong>Pourquoi y aller ?<\/strong> Les ar\u00e8nes du Cr\u00e8s reprennent vie. Ferm\u00e9es pendant plusieurs mois pour r\u00e9novation, elles accueillent d\u00e9sormais la grande f\u00eate foraine annuelle. Le site se transforme en parc d\u2019attractions \u00e9ph\u00e9m\u00e8re, ouvert gratuitement \u00e0 tous. Au programme : auto-tamponneuses, palais du rire, trampolines, sauts \u00e9lastiques et man\u00e8ges pour enfants. Les plus habiles tenteront leur chance aux stands de tir, aux pinces ou \u00e0 la p\u00eache aux canards.\u00a0L\u2019endroit parfait pour passer un apr\u00e8s-midi sans stress, entre cris de joie et odeur de barbe \u00e0 papa.<\/p>\n<p><strong>&gt;<\/strong> Entr\u00e9e libre. Attractions payantes. Ouvert tous les jours de 14h \u00e0 19h<\/p>\n<p>Le Crit\u00e9rium des C\u00e9vennes : 185 kilom\u00e8tres d\u2019adr\u00e9naline<\/p>\n<p class=\" wall-content\"><strong>Quoi ?<\/strong> Rallye automobile mythique. 185 km d\u2019\u00e9preuves chronom\u00e9tr\u00e9es sur 13 sp\u00e9ciales. Versions historiques \u00e0 144 km<\/p>\n<p class=\" wall-content\"><strong>Quand ?<\/strong> Du 24 au 26 octobre 2025. \u00c9tapes du vendredi au dimanche<\/p>\n<p class=\" wall-content\"><strong>O\u00f9 ?<\/strong> Circuit Fun Kart de Brissac, Saint-Hippolyte-du-Fort et alentours. Arriv\u00e9e \u00e0 Montpellier<\/p>\n<p class=\" wall-content\"><strong>Pourquoi y aller ?<\/strong> Le Crit\u00e9rium des C\u00e9vennes revient pour une 66\u1d49 \u00e9dition qui s\u2019annonce spectaculaire. Trois jours de course, 185 kilom\u00e8tres d\u2019\u00e9preuves sp\u00e9ciales et un format repens\u00e9 pour plus de fluidit\u00e9. Les v\u00e9rifications, essais et d\u00e9parts se concentrent cette ann\u00e9e autour de Saint-Hippolyte-du-Fort et du circuit Fun Kart de Brissac. Vendredi 24 octobre, les \u00e9quipages s\u2019\u00e9lanceront d\u00e8s 12h30. Arriv\u00e9e pr\u00e9vue \u00e0 21h54. Samedi 25, d\u00e9part \u00e0 7h50, arriv\u00e9e \u00e0 18h14. Dimanche 26, <strong>derni\u00e8re \u00e9tape d\u00e8s 7h40<\/strong> avant l\u2019arriv\u00e9e finale \u00e0 Montpellier, \u00e0 l\u2019H\u00f4tel de Ville, vers 11h51. Le rallye historique suivra un parcours l\u00e9g\u00e8rement r\u00e9duit \u00e0 144 km L\u2019\u00e9v\u00e9nement reste gratuit pour les spectateurs, qui pourront se placer sur les zones s\u00e9curis\u00e9es tout au long du parcours.<\/p>\n<p><strong>&gt;<\/strong> Entr\u00e9e libre<\/p>\n<p>    <img   decoding=\"async\" loading=\"lazy\" src=\"https:\/\/www.europesays.com\/fr\/wp-content\/uploads\/2025\/10\/criterium-des-cevennes-sarah-rum-960x640.jpg\" alt=\"Le Crit\u00e9rium des C\u00e9vennes reprend la route avec 185 km d\u2019\u00e9preuves spectaculaires.\" width=\"960\" height=\"640\"\/><br \/>\n    Le Crit\u00e9rium des C\u00e9vennes reprend la route avec 185 km d\u2019\u00e9preuves spectaculaires. (\u00a9M\u00e9tropolitain \/ CN)<\/p>\n<p class=\" wall-content\">Personnalisez votre actualit\u00e9 en ajoutant vos villes et m\u00e9dias en favori avec <a href=\"https:\/\/moncompte.actu.fr\" title=\"D\u00e9couvez Mon Actu\" rel=\"nofollow noopener\" data-trk=\"{&quot;cta&quot;:{&quot;action&quot;:&quot;https:\\\/\\\/moncompte.actu.fr&quot;,&quot;category&quot;:&quot;mon compte&quot;,&quot;from&quot;:&quot;article footer&quot;,&quot;name&quot;:&quot;Mon actu&quot;,&quot;type&quot;:&quot;cta&quot;}}\" target=\"_blank\">Mon Actu<\/a>.<\/p>\n<p>                    <script async src=\"\/\/www.instagram.com\/embed.js\"><\/script><\/p>\n","protected":false},"excerpt":{"rendered":"Par L\u00e9a Pippinato Publi\u00e9 le 23 oct. 2025 \u00e0 20h34 \u00c0 Montpellier, l\u2019automne n\u2019endort pas les envies de&hellip;\n","protected":false},"author":2,"featured_media":484980,"comment_status":"","ping_status":"","sticky":false,"template":"","format":"standard","meta":{"footnotes":""},"categories":[9599],"tags":[1111,11,1777,674,11501,1011,27,1652,2208,12,2680,54321,25,517],"class_list":{"0":"post-484979","1":"post","2":"type-post","3":"status-publish","4":"format-standard","5":"has-post-thumbnail","7":"category-montpellier","8":"tag-actu","9":"tag-actualites","10":"tag-eu","11":"tag-europe","12":"tag-fete-foraine","13":"tag-fr","14":"tag-france","15":"tag-loisirs-culture","16":"tag-montpellier","17":"tag-news","18":"tag-occitanie","19":"tag-octobre-rose","20":"tag-republique-francaise","21":"tag-sport"},"share_on_mastodon":{"url":"https:\/\/pubeurope.com\/@fr\/115424948719728501","error":""},"_links":{"self":[{"href":"https:\/\/www.europesays.com\/fr\/wp-json\/wp\/v2\/posts\/484979","targetHints":{"allow":["GET"]}}],"collection":[{"href":"https:\/\/www.europesays.com\/fr\/wp-json\/wp\/v2\/posts"}],"about":[{"href":"https:\/\/www.europesays.com\/fr\/wp-json\/wp\/v2\/types\/post"}],"author":[{"embeddable":true,"href":"https:\/\/www.europesays.com\/fr\/wp-json\/wp\/v2\/users\/2"}],"replies":[{"embeddable":true,"href":"https:\/\/www.europesays.com\/fr\/wp-json\/wp\/v2\/comments?post=484979"}],"version-history":[{"count":0,"href":"https:\/\/www.europesays.com\/fr\/wp-json\/wp\/v2\/posts\/484979\/revisions"}],"wp:featuredmedia":[{"embeddable":true,"href":"https:\/\/www.europesays.com\/fr\/wp-json\/wp\/v2\/media\/484980"}],"wp:attachment":[{"href":"https:\/\/www.europesays.com\/fr\/wp-json\/wp\/v2\/media?parent=484979"}],"wp:term":[{"taxonomy":"category","embeddable":true,"href":"https:\/\/www.europesays.com\/fr\/wp-json\/wp\/v2\/categories?post=484979"},{"taxonomy":"post_tag","embeddable":true,"href":"https:\/\/www.europesays.com\/fr\/wp-json\/wp\/v2\/tags?post=484979"}],"curies":[{"name":"wp","href":"https:\/\/api.w.org\/{rel}","templated":true}]}}