{"id":484981,"date":"2025-10-23T18:42:17","date_gmt":"2025-10-23T18:42:17","guid":{"rendered":"https:\/\/www.europesays.com\/fr\/484981\/"},"modified":"2025-10-23T18:42:17","modified_gmt":"2025-10-23T18:42:17","slug":"cest-les-vacances-voici-de-nouveaux-bars-a-tester-a-rouen-pour-une-bonne-soiree","status":"publish","type":"post","link":"https:\/\/www.europesays.com\/fr\/484981\/","title":{"rendered":"C&rsquo;est les vacances ! Voici de nouveaux bars \u00e0 tester \u00e0 Rouen pour une bonne soir\u00e9e"},"content":{"rendered":"<p>            Par<br \/>\n        <strong><br \/>\n            <a href=\"https:\/\/actu.fr\/auteur\/julien-bouteiller\" title=\"Consulter tous les articles de Julien Bouteiller\" target=\"_blank\" rel=\"noopener\">Julien Bouteiller<\/a><br \/>\n        <\/strong><\/p>\n<p>        Publi\u00e9 le<\/p>\n<p>            23 oct. 2025 \u00e0 20h12        <\/p>\n<p>Si vous \u00eates parmi les chanceux qui sont en <strong>vacances<\/strong>, vous aurez peut-\u00eatre envie d\u2019en profiter pour sortir un peu. Pour vous aider, la r\u00e9daction de\u00a076actu vous a concoct\u00e9 une <strong>petite liste de nouveaux bars \u00e0 tester<\/strong> \u00e0 <a href=\"https:\/\/actu.fr\/tag\/bon-plan-a-rouen\" target=\"_blank\" rel=\"noopener\">Rouen<\/a>. Vous n\u2019avez plus qu\u2019\u00e0 faire votre s\u00e9lection\u2009!<\/p>\n<p>Les nouveaux bars \u00e0 tester \u00e0 Rouen<\/p>\n<ul class=\" wall-content\">\n<li><a href=\"https:\/\/actu.fr\/normandie\/rouen_76540\/decouvrez-jaja-le-bar-a-vin-qui-remplace-le-p-tit-verdot-a-rouen_63325669.html\" target=\"_blank\" rel=\"noopener\">Jaja, 11 rue du P\u00e8re Adam<\/a>\u2009: \u00e0 la place du P\u2019tit Verdot, on retrouve un nouveau bar \u00e0 vin qui proposera 75 r\u00e9f\u00e9rences fran\u00e7aises et des planches savoureuses de produits locaux.<\/li>\n<li><a href=\"https:\/\/actu.fr\/normandie\/rouen_76540\/en-exclusivite-les-premieres-images-du-fury-defendu-futur-bar-a-l-ambiance-postapocalyptique-sur-rouen_63149537.html\" target=\"_blank\" rel=\"noopener\">Le Fury D\u00e9fendu, 2 quai Pierre-Corneille<\/a>\u2009: ambiance post-apocalyptique, d\u00e9co super travaill\u00e9e, grosse surface\u2026 Ce sont les ingr\u00e9dients de ce bar qui fait la part belle aux concerts.<\/li>\n<li><a href=\"https:\/\/actu.fr\/normandie\/rouen_76540\/quinze-ans-plus-tard-un-grand-et-mythique-bar-de-pirates-fait-son-retour-a-rouen_63079961.html\" target=\"_blank\" rel=\"noopener\">Le Clipper, 11 rue des Boucheries Saint-Ouen<\/a>\u2009: c\u2019est une renaissance, apr\u00e8s la fermeture de ce bar de copains, qui propose une d\u00e9co chaleureuse et faite \u00e0 la main, pour d\u00e9guster vins, spiritueux, cocktails ou sodas.<\/li>\n<li><a href=\"https:\/\/actu.fr\/normandie\/rouen_76540\/un-avion-au-plafond-decouvrez-le-tarmac-nouveau-bar-de-la-place-saint-marc-a-rouen_63103109.html\" target=\"_blank\" rel=\"noopener\">Le Tarmac, 106 rue Martainville<\/a>\u2009: ici la soir\u00e9e d\u00e9colle sous un plafond orn\u00e9 d\u2019un avion, avec de la musique, de bonnes boissons et la sympathique \u00e9quipe d\u00e9j\u00e0 derri\u00e8re le Farfelu.<\/li>\n<li><a href=\"https:\/\/actu.fr\/normandie\/rouen_76540\/en-plein-coeur-de-rouen-un-bar-a-vin-a-la-bonne-franquette-va-remplacer-un-restaurant-emblematique_63303322.html\" target=\"_blank\" rel=\"noopener\">Au 2e, 220 rue Martainville<\/a>\u2009: dans l\u2019ancien restaurant Chez C\u00e9dric, l\u2019\u00e9quipe de l\u2019Auberge Saint-Maclou a cr\u00e9\u00e9 un bar \u00e0 vin \u00ab\u2009\u00e0 la bonne franquette\u2009\u00bb, o\u00f9 l\u2019on pourra aussi se sustenter (entre autres) d\u2019une bonne c\u00f4te de b\u0153uf.<\/li>\n<li><a href=\"https:\/\/actu.fr\/normandie\/rouen_76540\/rouen-decouvrez-edo-un-nouveau-bar-pour-vous-sentir-comme-au-japon_62605112.html\" target=\"_blank\" rel=\"noopener\">Edo, 1 rue de la Vicomt\u00e9<\/a>\u2009: inspir\u00e9 des izayakas, l\u2019\u00e9quivalent japonais de nos bistrots, on retrouve ici une ambiance unique, plong\u00e9e dans la culture nippone, des cocktails \u00e0 la street food servie sur place.<\/li>\n<\/ul>\n<p>Suivez l\u2019actualit\u00e9 de Rouen <a href=\"https:\/\/www.whatsapp.com\/channel\/0029VaKfnf99hXF2ddApFB1D\" target=\"_blank\" rel=\"noopener\">sur notre cha\u00eene WhatsApp<\/a> et <a href=\"https:\/\/www.tiktok.com\/@76actu.fr?lang=fr\" target=\"_blank\" rel=\"noopener\">sur notre compte TikTok<\/a><\/p>\n<p class=\" wall-content\">Personnalisez votre actualit\u00e9 en ajoutant vos villes et m\u00e9dias en favori avec <a href=\"https:\/\/moncompte.actu.fr\" title=\"D\u00e9couvez Mon Actu\" rel=\"nofollow noopener\" data-trk=\"{&quot;cta&quot;:{&quot;action&quot;:&quot;https:\\\/\\\/moncompte.actu.fr&quot;,&quot;category&quot;:&quot;mon compte&quot;,&quot;from&quot;:&quot;article footer&quot;,&quot;name&quot;:&quot;Mon actu&quot;,&quot;type&quot;:&quot;cta&quot;}}\" target=\"_blank\">Mon Actu<\/a>.<\/p>\n<p>                    <script async src=\"\/\/www.tiktok.com\/embed.js\"><\/script><\/p>\n","protected":false},"excerpt":{"rendered":"Par Julien Bouteiller Publi\u00e9 le 23 oct. 2025 \u00e0 20h12 Si vous \u00eates parmi les chanceux qui sont&hellip;\n","protected":false},"author":2,"featured_media":484982,"comment_status":"","ping_status":"","sticky":false,"template":"","format":"standard","meta":{"footnotes":""},"categories":[9587],"tags":[1111,11,9086,1777,674,1011,27,1652,12,5161,3147,25,9590],"class_list":{"0":"post-484981","1":"post","2":"type-post","3":"status-publish","4":"format-standard","5":"has-post-thumbnail","7":"category-rouen","8":"tag-actu","9":"tag-actualites","10":"tag-bon-plan-a-rouen","11":"tag-eu","12":"tag-europe","13":"tag-fr","14":"tag-france","15":"tag-loisirs-culture","16":"tag-news","17":"tag-normandie","18":"tag-nouveaux-commerces","19":"tag-republique-francaise","20":"tag-rouen"},"share_on_mastodon":{"url":"","error":""},"_links":{"self":[{"href":"https:\/\/www.europesays.com\/fr\/wp-json\/wp\/v2\/posts\/484981","targetHints":{"allow":["GET"]}}],"collection":[{"href":"https:\/\/www.europesays.com\/fr\/wp-json\/wp\/v2\/posts"}],"about":[{"href":"https:\/\/www.europesays.com\/fr\/wp-json\/wp\/v2\/types\/post"}],"author":[{"embeddable":true,"href":"https:\/\/www.europesays.com\/fr\/wp-json\/wp\/v2\/users\/2"}],"replies":[{"embeddable":true,"href":"https:\/\/www.europesays.com\/fr\/wp-json\/wp\/v2\/comments?post=484981"}],"version-history":[{"count":0,"href":"https:\/\/www.europesays.com\/fr\/wp-json\/wp\/v2\/posts\/484981\/revisions"}],"wp:featuredmedia":[{"embeddable":true,"href":"https:\/\/www.europesays.com\/fr\/wp-json\/wp\/v2\/media\/484982"}],"wp:attachment":[{"href":"https:\/\/www.europesays.com\/fr\/wp-json\/wp\/v2\/media?parent=484981"}],"wp:term":[{"taxonomy":"category","embeddable":true,"href":"https:\/\/www.europesays.com\/fr\/wp-json\/wp\/v2\/categories?post=484981"},{"taxonomy":"post_tag","embeddable":true,"href":"https:\/\/www.europesays.com\/fr\/wp-json\/wp\/v2\/tags?post=484981"}],"curies":[{"name":"wp","href":"https:\/\/api.w.org\/{rel}","templated":true}]}}