{"id":484991,"date":"2025-10-23T18:47:19","date_gmt":"2025-10-23T18:47:19","guid":{"rendered":"https:\/\/www.europesays.com\/fr\/484991\/"},"modified":"2025-10-23T18:47:19","modified_gmt":"2025-10-23T18:47:19","slug":"200-personnes-dont-de-nombreux-enfants-evacues-dun-campement-2","status":"publish","type":"post","link":"https:\/\/www.europesays.com\/fr\/484991\/","title":{"rendered":"200 personnes dont de nombreux enfants \u00e9vacu\u00e9s d\u2019un campement"},"content":{"rendered":"<p> \u00abTout est tremp\u00e9, les b\u00e2ches sont poreuses ou trop petites. Des enfants sont malades, les couvertures se transforment en tapis.\u00a0\u00bb Ce t\u00e9moignage d\u2019un b\u00e9n\u00e9vole en disait long sur l\u2019\u00e9tat d\u2019insalubrit\u00e9 au sein du campement du parc de Maurepas, \u00e0 <a href=\"https:\/\/www.20minutes.fr\/rennes\/\" class=\"c-link c-link--is-underlined\" target=\"_blank\" rel=\"noopener\">Rennes<\/a> (Ille-et-Vilaine). Apr\u00e8s une \u00e9ni\u00e8me nuit dans la <a href=\"https:\/\/www.20minutes.fr\/dossier\/pluie\" class=\"c-link c-link--is-underlined\" target=\"_blank\" rel=\"noopener\">pluie <\/a>et le vent, les quelque 200 personnes qui survivaient dans des tentes de fortune <a href=\"https:\/\/www.ouest-france.fr\/bretagne\/rennes-35000\/pres-de-200-personnes-qui-logeaient-dans-un-parc-sur-le-point-detre-evacuees-a-rennes-f9b502de-afdc-11f0-ad64-c51ff7d9b96e\" rel=\"nofollow noopener\" target=\"_blank\" class=\"c-link c-link--is-underlined\">ont \u00e9t\u00e9 \u00e9vacu\u00e9es ce jeudi matin<\/a>. Alors que <a href=\"https:\/\/www.20minutes.fr\/societe\/4181039-20251023-direct-tempete-benjamin-grosse-partie-littoral-vigilance-orange-vents-violents\" class=\"c-link c-link--is-underlined\" target=\"_blank\" rel=\"noopener\">la temp\u00eate Benjamin soufflait fort sur la Bretagne<\/a>, des familles enti\u00e8res ont pass\u00e9 une derni\u00e8re nuit sur ce campement de fortune \u00e9tabli il y a huit mois.<\/p>\n<p>Ce jeudi, le camp a \u00e9t\u00e9 \u00e9vacu\u00e9. \u00ab\u00a0Au terme de l\u2019op\u00e9ration, 196 personnes ont \u00e9t\u00e9 mises \u00e0 l\u2019abri\u00a0\u00bb, assure la pr\u00e9fecture d\u2019<a href=\"https:\/\/www.20minutes.fr\/dossier\/ille_et_vilaine\" class=\"c-link c-link--is-underlined\" target=\"_blank\" rel=\"noopener\">Ille-et-Vilaine<\/a>. Parmi elles, au moins 72 enfants survivaient dans des conditions tr\u00e8s pr\u00e9caires. \u00ab\u00a0Les personnes recens\u00e9es ont \u00e9t\u00e9 invit\u00e9es \u00e0 quitter le campement de leur propre initiative et \u00e0 rejoindre les moyens de transport pr\u00e9vus sur place pour accompagner leurs d\u00e9placements vers les h\u00e9bergements propos\u00e9s\u00a0\u00bb, expliquent les services de la pr\u00e9fecture, pr\u00e9cisant que les situations seront \u00e9valu\u00e9es \u00ab\u00a0au cas par cas\u00a0\u00bb. Parmi les personnes qui s\u2019y trouvaient, bon nombre sont en attente d\u2019une <a href=\"https:\/\/www.20minutes.fr\/dossier\/demandeurs_d_asile\" class=\"c-link c-link--is-underlined\" target=\"_blank\" rel=\"noopener\">demande d\u2019asile<\/a>.<\/p>\n<p>Une intervention devenue indispensable en raison des conditions d\u2019insalubrit\u00e9 dans lesquelles les migrants vivaient depuis des semaines, voire des mois. Dans un communiqu\u00e9, le syndicat Sud Solidaires 35 d\u00e9plore que \u00ab\u00a0malgr\u00e9 les solutions d\u2019h\u00e9bergement propos\u00e9es\u00a0\u00bb, les habitants \u00ab\u00a0n\u2019ont pas eu le droit de r\u00e9cup\u00e9rer toutes leurs affaires\u00a0\u00bb. Et demande que \u00ab\u00a0les besoins fondamentaux\u00a0\u00bb des habitants soient respect\u00e9s.<\/p>\n","protected":false},"excerpt":{"rendered":"\u00abTout est tremp\u00e9, les b\u00e2ches sont poreuses ou trop petites. Des enfants sont malades, les couvertures se transforment&hellip;\n","protected":false},"author":2,"featured_media":484992,"comment_status":"","ping_status":"","sticky":false,"template":"","format":"standard","meta":{"footnotes":""},"categories":[2821],"tags":[1111,47,11,829,41256,1777,674,5220,1011,27,848,13248,1251,12,4459,8916,584,25,104,5221,7747],"class_list":{"0":"post-484991","1":"post","2":"type-post","3":"status-publish","4":"format-standard","5":"has-post-thumbnail","7":"category-rennes","8":"tag-actu","9":"tag-actualite","10":"tag-actualites","11":"tag-bretagne","12":"tag-campement","13":"tag-eu","14":"tag-europe","15":"tag-evacuation","16":"tag-fr","17":"tag-france","18":"tag-ille-et-vilaine","19":"tag-mal-logement","20":"tag-migrants","21":"tag-news","22":"tag-pluie","23":"tag-prefecture","24":"tag-rennes","25":"tag-republique-francaise","26":"tag-societe","27":"tag-squat","28":"tag-tempete"},"share_on_mastodon":{"url":"https:\/\/pubeurope.com\/@fr\/115424974870883076","error":""},"_links":{"self":[{"href":"https:\/\/www.europesays.com\/fr\/wp-json\/wp\/v2\/posts\/484991","targetHints":{"allow":["GET"]}}],"collection":[{"href":"https:\/\/www.europesays.com\/fr\/wp-json\/wp\/v2\/posts"}],"about":[{"href":"https:\/\/www.europesays.com\/fr\/wp-json\/wp\/v2\/types\/post"}],"author":[{"embeddable":true,"href":"https:\/\/www.europesays.com\/fr\/wp-json\/wp\/v2\/users\/2"}],"replies":[{"embeddable":true,"href":"https:\/\/www.europesays.com\/fr\/wp-json\/wp\/v2\/comments?post=484991"}],"version-history":[{"count":0,"href":"https:\/\/www.europesays.com\/fr\/wp-json\/wp\/v2\/posts\/484991\/revisions"}],"wp:featuredmedia":[{"embeddable":true,"href":"https:\/\/www.europesays.com\/fr\/wp-json\/wp\/v2\/media\/484992"}],"wp:attachment":[{"href":"https:\/\/www.europesays.com\/fr\/wp-json\/wp\/v2\/media?parent=484991"}],"wp:term":[{"taxonomy":"category","embeddable":true,"href":"https:\/\/www.europesays.com\/fr\/wp-json\/wp\/v2\/categories?post=484991"},{"taxonomy":"post_tag","embeddable":true,"href":"https:\/\/www.europesays.com\/fr\/wp-json\/wp\/v2\/tags?post=484991"}],"curies":[{"name":"wp","href":"https:\/\/api.w.org\/{rel}","templated":true}]}}