{"id":484993,"date":"2025-10-23T18:48:11","date_gmt":"2025-10-23T18:48:11","guid":{"rendered":"https:\/\/www.europesays.com\/fr\/484993\/"},"modified":"2025-10-23T18:48:11","modified_gmt":"2025-10-23T18:48:11","slug":"un-enfant-de-huit-ans-transporte-a-lhopital-apres-un-accident-avec-le-tram","status":"publish","type":"post","link":"https:\/\/www.europesays.com\/fr\/484993\/","title":{"rendered":"un enfant de huit ans transport\u00e9 \u00e0 l&rsquo;h\u00f4pital apr\u00e8s un accident avec le tram"},"content":{"rendered":"<p>            Par<br \/>\n        <strong><br \/>\n            <a href=\"https:\/\/actu.fr\/auteur\/thomas-blanc\" title=\"Consulter tous les articles de Thomas Blanc\" target=\"_blank\" rel=\"noopener\">Thomas Blanc<\/a><br \/>\n        <\/strong><\/p>\n<p>        Publi\u00e9 le<\/p>\n<p>            23 oct. 2025 \u00e0 19h12        <\/p>\n<p>Ce jeudi 23\u00a0octobre, aux alentours de 16h50, les <a href=\"https:\/\/actu.fr\/tag\/pompiers\" target=\"_blank\" rel=\"noopener\">pompiers<\/a> sont intervenus avenue du Neuhof \u00e0 <a href=\"https:\/\/actu.fr\/strasbourg\/\" target=\"_blank\" rel=\"noopener\">Strasbourg<\/a> pour porter secours \u00e0 un <strong>jeune enfant de huit ans qui s\u2019est retrouv\u00e9 bloqu\u00e9 sous le tramway<\/strong>.<\/p>\n<p>Un jeune de huit ans transport\u00e9 au CHU de Hautepierre apr\u00e8s un accident avec le tram<\/p>\n<p class=\" wall-content\">D\u2019apr\u00e8s la <a href=\"https:\/\/actu.fr\/tag\/compagnie-des-transports-strasbourgeois-cts\" target=\"_blank\" rel=\"noopener\">Compagnie des Transports Strasbourgeois (CTS)<\/a>, le <strong>jeune gar\u00e7on circulait \u00e0 v\u00e9lo<\/strong> accompagn\u00e9 d\u2019un ami en trottinette. Ils sont subitement pass\u00e9s devant une rame de tramway de la ligne C pr\u00e8s de l\u2019arr\u00eat Saint-Christophe, le chauffeur <strong>n\u2019a pas pu \u00e9viter la collision<\/strong>.<\/p>\n<p class=\" wall-content\">Les pompiers indiquent \u00e0 Actu Strasbourg que le jeune cycliste a \u00e9t\u00e9 extirp\u00e9 de sous le tram <strong>sans blessure corporelle grave<\/strong>. Il a tout de m\u00eame \u00e9t\u00e9 <strong>transport\u00e9 au CHU<\/strong> de Hautepierre.<\/p>\n<p class=\" wall-content\">Le chauffeur du tramway, choqu\u00e9, a \u00e9t\u00e9 <strong>test\u00e9 n\u00e9gatif \u00e0 tous les contr\u00f4les<\/strong> d\u2019alcool et de stup\u00e9fiant. La circulation du tram a <strong>\u00e9t\u00e9 interrompue environ une heure<\/strong> sur la ligne apr\u00e8s la station Kibitzenau.<\/p>\n<p class=\" wall-content\">Personnalisez votre actualit\u00e9 en ajoutant vos villes et m\u00e9dias en favori avec <a href=\"https:\/\/moncompte.actu.fr\" title=\"D\u00e9couvez Mon Actu\" rel=\"nofollow noopener\" data-trk=\"{&quot;cta&quot;:{&quot;action&quot;:&quot;https:\\\/\\\/moncompte.actu.fr&quot;,&quot;category&quot;:&quot;mon compte&quot;,&quot;from&quot;:&quot;article footer&quot;,&quot;name&quot;:&quot;Mon actu&quot;,&quot;type&quot;:&quot;cta&quot;}}\" target=\"_blank\">Mon Actu<\/a>.<\/p>\n","protected":false},"excerpt":{"rendered":"Par Thomas Blanc Publi\u00e9 le 23 oct. 2025 \u00e0 19h12 Ce jeudi 23\u00a0octobre, aux alentours de 16h50, les&hellip;\n","protected":false},"author":2,"featured_media":484994,"comment_status":"","ping_status":"","sticky":false,"template":"","format":"standard","meta":{"footnotes":""},"categories":[2820],"tags":[119,1111,11,7344,1777,674,118,1011,27,775,12,1311,25,640],"class_list":{"0":"post-484993","1":"post","2":"type-post","3":"status-publish","4":"format-standard","5":"has-post-thumbnail","7":"category-strasbourg","8":"tag-accident","9":"tag-actu","10":"tag-actualites","11":"tag-compagnie-des-transports-strasbourgeois-cts","12":"tag-eu","13":"tag-europe","14":"tag-faits-divers","15":"tag-fr","16":"tag-france","17":"tag-grand-est","18":"tag-news","19":"tag-pompiers","20":"tag-republique-francaise","21":"tag-strasbourg"},"share_on_mastodon":{"url":"https:\/\/pubeurope.com\/@fr\/115424978824153281","error":""},"_links":{"self":[{"href":"https:\/\/www.europesays.com\/fr\/wp-json\/wp\/v2\/posts\/484993","targetHints":{"allow":["GET"]}}],"collection":[{"href":"https:\/\/www.europesays.com\/fr\/wp-json\/wp\/v2\/posts"}],"about":[{"href":"https:\/\/www.europesays.com\/fr\/wp-json\/wp\/v2\/types\/post"}],"author":[{"embeddable":true,"href":"https:\/\/www.europesays.com\/fr\/wp-json\/wp\/v2\/users\/2"}],"replies":[{"embeddable":true,"href":"https:\/\/www.europesays.com\/fr\/wp-json\/wp\/v2\/comments?post=484993"}],"version-history":[{"count":0,"href":"https:\/\/www.europesays.com\/fr\/wp-json\/wp\/v2\/posts\/484993\/revisions"}],"wp:featuredmedia":[{"embeddable":true,"href":"https:\/\/www.europesays.com\/fr\/wp-json\/wp\/v2\/media\/484994"}],"wp:attachment":[{"href":"https:\/\/www.europesays.com\/fr\/wp-json\/wp\/v2\/media?parent=484993"}],"wp:term":[{"taxonomy":"category","embeddable":true,"href":"https:\/\/www.europesays.com\/fr\/wp-json\/wp\/v2\/categories?post=484993"},{"taxonomy":"post_tag","embeddable":true,"href":"https:\/\/www.europesays.com\/fr\/wp-json\/wp\/v2\/tags?post=484993"}],"curies":[{"name":"wp","href":"https:\/\/api.w.org\/{rel}","templated":true}]}}