{"id":485004,"date":"2025-10-23T18:54:13","date_gmt":"2025-10-23T18:54:13","guid":{"rendered":"https:\/\/www.europesays.com\/fr\/485004\/"},"modified":"2025-10-23T18:54:13","modified_gmt":"2025-10-23T18:54:13","slug":"une-fille-de-10-ans-se-tire-dessus-avec-un-fusil-a-plomb-dans-un-centre-de-tir","status":"publish","type":"post","link":"https:\/\/www.europesays.com\/fr\/485004\/","title":{"rendered":"une fille de 10 ans se tire dessus avec un fusil \u00e0 plomb dans un centre de tir"},"content":{"rendered":"<p>            Par<br \/>\n        <strong><br \/>\n            <a href=\"https:\/\/actu.fr\/auteur\/redaction-bordeaux\" title=\"Consulter tous les articles de R\u00e9daction Bordeaux\" rel=\"nofollow noopener\" target=\"_blank\">R\u00e9daction Bordeaux<\/a><br \/>\n        <\/strong><\/p>\n<p>        Publi\u00e9 le<\/p>\n<p>            23 oct. 2025 \u00e0 19h41        <\/p>\n<p>Jeudi 23\u00a0octobre 2025, dans l\u2019apr\u00e8s-midi, un incident s\u2019est produit dans un centre de tir \u00e0 <a href=\"https:\/\/actu.fr\/nouvelle-aquitaine\/libourne_33243\" rel=\"nofollow noopener\" target=\"_blank\">Libourne<\/a> (Gironde) o\u00f9 les <a href=\"https:\/\/actu.fr\/nouvelle-aquitaine\/pugnac_33341\/gironde-un-controle-routier-permet-aux-gendarmes-d-interpeller-par-hasard-un-cambrioleur_63226799.html\" rel=\"nofollow noopener\" target=\"_blank\">gendarmes<\/a> se sont rendus. Une fille de 10\u00a0ans s\u2019est tir\u00e9e dessus, par inadvertance, avec <strong>un fusil \u00e0 plomb<\/strong>.<\/p>\n<p class=\" wall-content\">Touch\u00e9e \u00e0 l\u2019arcade, elle a \u00e9t\u00e9 <strong>transport\u00e9e<\/strong> vers le CHU Pellegrin \u00e0 Bordeaux. Ses yeux, couverts par des lunettes de protection, n\u2019ont pas \u00e9t\u00e9 touch\u00e9s dans cet incident.<\/p>\n<p class=\" wall-content\">Personnalisez votre actualit\u00e9 en ajoutant vos villes et m\u00e9dias en favori avec <a href=\"https:\/\/moncompte.actu.fr\" title=\"D\u00e9couvez Mon Actu\" rel=\"nofollow noopener\" data-trk=\"{&quot;cta&quot;:{&quot;action&quot;:&quot;https:\\\/\\\/moncompte.actu.fr&quot;,&quot;category&quot;:&quot;mon compte&quot;,&quot;from&quot;:&quot;article footer&quot;,&quot;name&quot;:&quot;Mon actu&quot;,&quot;type&quot;:&quot;cta&quot;}}\" target=\"_blank\">Mon Actu<\/a>.<\/p>\n","protected":false},"excerpt":{"rendered":"Par R\u00e9daction Bordeaux Publi\u00e9 le 23 oct. 2025 \u00e0 19h41 Jeudi 23\u00a0octobre 2025, dans l\u2019apr\u00e8s-midi, un incident s\u2019est&hellip;\n","protected":false},"author":2,"featured_media":199167,"comment_status":"","ping_status":"","sticky":false,"template":"","format":"standard","meta":{"footnotes":""},"categories":[2817],"tags":[1111,11,1997,1777,674,118,1011,27,3381,12,2219,25],"class_list":{"0":"post-485004","1":"post","2":"type-post","3":"status-publish","4":"format-standard","5":"has-post-thumbnail","7":"category-bordeaux","8":"tag-actu","9":"tag-actualites","10":"tag-bordeaux","11":"tag-eu","12":"tag-europe","13":"tag-faits-divers","14":"tag-fr","15":"tag-france","16":"tag-gendarmerie","17":"tag-news","18":"tag-nouvelle-aquitaine","19":"tag-republique-francaise"},"share_on_mastodon":{"url":"https:\/\/pubeurope.com\/@fr\/115425002424127161","error":""},"_links":{"self":[{"href":"https:\/\/www.europesays.com\/fr\/wp-json\/wp\/v2\/posts\/485004","targetHints":{"allow":["GET"]}}],"collection":[{"href":"https:\/\/www.europesays.com\/fr\/wp-json\/wp\/v2\/posts"}],"about":[{"href":"https:\/\/www.europesays.com\/fr\/wp-json\/wp\/v2\/types\/post"}],"author":[{"embeddable":true,"href":"https:\/\/www.europesays.com\/fr\/wp-json\/wp\/v2\/users\/2"}],"replies":[{"embeddable":true,"href":"https:\/\/www.europesays.com\/fr\/wp-json\/wp\/v2\/comments?post=485004"}],"version-history":[{"count":0,"href":"https:\/\/www.europesays.com\/fr\/wp-json\/wp\/v2\/posts\/485004\/revisions"}],"wp:featuredmedia":[{"embeddable":true,"href":"https:\/\/www.europesays.com\/fr\/wp-json\/wp\/v2\/media\/199167"}],"wp:attachment":[{"href":"https:\/\/www.europesays.com\/fr\/wp-json\/wp\/v2\/media?parent=485004"}],"wp:term":[{"taxonomy":"category","embeddable":true,"href":"https:\/\/www.europesays.com\/fr\/wp-json\/wp\/v2\/categories?post=485004"},{"taxonomy":"post_tag","embeddable":true,"href":"https:\/\/www.europesays.com\/fr\/wp-json\/wp\/v2\/tags?post=485004"}],"curies":[{"name":"wp","href":"https:\/\/api.w.org\/{rel}","templated":true}]}}