{"id":485014,"date":"2025-10-23T19:01:13","date_gmt":"2025-10-23T19:01:13","guid":{"rendered":"https:\/\/www.europesays.com\/fr\/485014\/"},"modified":"2025-10-23T19:01:13","modified_gmt":"2025-10-23T19:01:13","slug":"quatre-hommes-juges-pour-lenlevement-de-deux-mineurs-qui-illustre-la-violence-inherente-aux-trafics-de-drogue","status":"publish","type":"post","link":"https:\/\/www.europesays.com\/fr\/485014\/","title":{"rendered":"quatre hommes jug\u00e9s pour l\u2019enl\u00e8vement de deux mineurs qui illustre la \u00abviolence inh\u00e9rente\u00bb aux trafics de drogue"},"content":{"rendered":"<p>\n    Les quatre individus sont accus\u00e9s d\u2019avoir bri\u00e8vement enlev\u00e9, le 14 juillet 2019, deux mineurs dans le coffre de leur voiture vers un secteur isol\u00e9 de la cit\u00e9 des Oliviers.<\/p>\n<p class=\"fig-paragraph\">Enl\u00e8vements et s\u00e9questrations avec comme toile de fond un des plus gros r\u00e9seaux de stup\u00e9fiants \u00e0\u00a0<a href=\"http:\/\/www.lefigaro.fr\/actualite-france\/benoit-payan-prefere-diviser-a-marseille-la-mairie-interdit-une-projection-de-sacre-coeur-au-nom-de-la-laicite-20251023\" target=\"_blank\" data-fig-type=\"Article\" rel=\"noopener\" data-gtm-custom-categorie=\"navigation\" data-gtm-custom-action=\"crossclick\" data-gtm-custom-label=\"Contextuel\" data-gtm-event=\"customEventSPE\" data-fig-domain=\"LEFIGARO\">Marseille<\/a>: quatre hommes \u00e9taient jug\u00e9s jeudi pour le rapt de deux mineurs, niant les accusations dans une affaire mettant en lumi\u00e8re \u00abla violence\u00bb des r\u00e9seaux des quartiers Nord. Les faits remontent \u00e0 l&rsquo;\u00e9t\u00e9 2019. Dans la cit\u00e9 des Oliviers, au c\u0153ur d&rsquo;un quartier d\u00e9sh\u00e9rit\u00e9 du 13e arrondissement, un des plus gros points de deal de Marseille est d\u00e9mantel\u00e9 par la police.<\/p>\n<p class=\"fig-paragraph\">Les quatre hommes qui comparaissaient devant le tribunal correctionnel sont accus\u00e9s d&rsquo;avoir bri\u00e8vement enlev\u00e9, le 14 juillet 2019, deux mineurs transport\u00e9s dans le coffre de leur voiture vers un secteur isol\u00e9. L&rsquo;ADN d&rsquo;une des victimes a \u00e9t\u00e9 retrouv\u00e9 sur la moquette du coffre. Et celui d&rsquo;un des agresseurs sur le volant et le levier de vitesse.<\/p>\n<p>                                    <a class=\"fig-a11y-skip a11y-hidden\" href=\"#fig-a11y-skip-main-inarticle\"><br \/>\n        Passer la publicit\u00e9<br \/>\n    <\/a><\/p>\n<p class=\"fig-paragraph\">C&rsquo;est un \u00abrenseignement anonyme\u00bb qui inscrit l&rsquo;enl\u00e8vement dans le cadre du trafic: les deux jeunes auraient tent\u00e9 de \u00abdoubler\u00bb les responsables du r\u00e9seau en vendant des stup\u00e9fiants \u00abpour leur propre compte\u00bb, a rappel\u00e9 la pr\u00e9sidente du tribunal jeudi. Les enl\u00e8vements sont des \u00abrepr\u00e9sailles\u00bb illustrant \u00abla violence inh\u00e9rente au trafic\u00bb, fustige la procureure.<\/p>\n<p>\u00abEntre 60.000 et 80.000 euros par jour\u00bb<\/p>\n<p class=\"fig-paragraph\">La magistrate rappelle que le chiffre d&rsquo;affaires du point de vente des Oliviers \u00e9tait estim\u00e9 \u00abentre 60.000 et 80.000 euros par jour.\u00bb \u00abLes trafiquants prennent tr\u00e8s au s\u00e9rieux les tentatives de concurrence et n&rsquo;h\u00e9sitent pas \u00e0 recourir \u00e0 des tentatives radicales pour dissuader ceux qui viennent empi\u00e9ter sur leur territoire\u00bb, a-t-elle poursuivi.<\/p>\n<p class=\"fig-paragraph\">Une des victimes a \u00e9t\u00e9 bless\u00e9e par balle au pied par un ravisseur, qui \u00e0 plusieurs reprises tentait de charger son pistolet enray\u00e9. Leur entreprise est finalement interrompue par une personne qui promenait son chien. Dans ce proc\u00e8s, o\u00f9 tout le monde patauge plus ou moins dans le trafic, plusieurs zones d&rsquo;ombres: les deux victimes, d\u00e9tenues dans d&rsquo;autres affaires, n&rsquo;ont jamais identifi\u00e9 les ravisseurs.<\/p>\n<p class=\"fig-paragraph\">Les pr\u00e9venus, qui comparaissent d\u00e9tenus, nient toute implication. Le parquet a requis jusqu&rsquo;\u00e0 dix ans d&#8217;emprisonnement avec maintien en d\u00e9tention et une interdiction de s\u00e9jour \u00e0 Marseille pendant cinq ans. Mehdi A., 29 ans, est accus\u00e9 d&rsquo;avoir \u00e9t\u00e9 au volant du v\u00e9hicule. Ex-vendeur dans un magasin de chaussure, il dit avoir plong\u00e9 dans le trafic en 2020 car il n&rsquo;y avait \u00abplus d&rsquo;\u00e9chappatoire\u00bb, en raison de la crise \u00e9conomique d\u00e9clench\u00e9e par le Covid. En mars 2024, la justice l&rsquo;avait condamn\u00e9 \u00e0 cinq ans de prison, le consid\u00e9rant comme responsable \u00abde la fili\u00e8re coca\u00efne et MDMA\u00bb des Oliviers.<\/p>\n","protected":false},"excerpt":{"rendered":"Les quatre individus sont accus\u00e9s d\u2019avoir bri\u00e8vement enlev\u00e9, le 14 juillet 2019, deux mineurs dans le coffre de&hellip;\n","protected":false},"author":2,"featured_media":485015,"comment_status":"","ping_status":"","sticky":false,"template":"","format":"standard","meta":{"footnotes":""},"categories":[2814],"tags":[1111,11,1777,674,1011,27,884,12,882,25,887],"class_list":{"0":"post-485014","1":"post","2":"type-post","3":"status-publish","4":"format-standard","5":"has-post-thumbnail","7":"category-marseille","8":"tag-actu","9":"tag-actualites","10":"tag-eu","11":"tag-europe","12":"tag-fr","13":"tag-france","14":"tag-marseille","15":"tag-news","16":"tag-provence-alpes-cote-dazur","17":"tag-republique-francaise","18":"tag-trafic-de-drogue"},"share_on_mastodon":{"url":"https:\/\/pubeurope.com\/@fr\/115425029899473971","error":""},"_links":{"self":[{"href":"https:\/\/www.europesays.com\/fr\/wp-json\/wp\/v2\/posts\/485014","targetHints":{"allow":["GET"]}}],"collection":[{"href":"https:\/\/www.europesays.com\/fr\/wp-json\/wp\/v2\/posts"}],"about":[{"href":"https:\/\/www.europesays.com\/fr\/wp-json\/wp\/v2\/types\/post"}],"author":[{"embeddable":true,"href":"https:\/\/www.europesays.com\/fr\/wp-json\/wp\/v2\/users\/2"}],"replies":[{"embeddable":true,"href":"https:\/\/www.europesays.com\/fr\/wp-json\/wp\/v2\/comments?post=485014"}],"version-history":[{"count":0,"href":"https:\/\/www.europesays.com\/fr\/wp-json\/wp\/v2\/posts\/485014\/revisions"}],"wp:featuredmedia":[{"embeddable":true,"href":"https:\/\/www.europesays.com\/fr\/wp-json\/wp\/v2\/media\/485015"}],"wp:attachment":[{"href":"https:\/\/www.europesays.com\/fr\/wp-json\/wp\/v2\/media?parent=485014"}],"wp:term":[{"taxonomy":"category","embeddable":true,"href":"https:\/\/www.europesays.com\/fr\/wp-json\/wp\/v2\/categories?post=485014"},{"taxonomy":"post_tag","embeddable":true,"href":"https:\/\/www.europesays.com\/fr\/wp-json\/wp\/v2\/tags?post=485014"}],"curies":[{"name":"wp","href":"https:\/\/api.w.org\/{rel}","templated":true}]}}