{"id":485020,"date":"2025-10-23T19:04:20","date_gmt":"2025-10-23T19:04:20","guid":{"rendered":"https:\/\/www.europesays.com\/fr\/485020\/"},"modified":"2025-10-23T19:04:20","modified_gmt":"2025-10-23T19:04:20","slug":"amenagement-regional-la-region-soutient-trois-projets-de-saint-gratien","status":"publish","type":"post","link":"https:\/\/www.europesays.com\/fr\/485020\/","title":{"rendered":"Am\u00e9nagement r\u00e9gional : la R\u00e9gion soutient trois projets de Saint-Gratien"},"content":{"rendered":"<p><img loading=\"lazy\" decoding=\"async\" alt=\"\u00a9Ville de Saint-Gratien - Benjamin Chkroun, conseiller r\u00e9gional d\u2019\u00cele-de-France,   et Julien Bachard, maire de Saint-Gratien, tenant le Contrat d\u2019Am\u00e9nagement R\u00e9gional (CAR) sign\u00e9.\" data-zoom-src=\"https:\/\/www.europesays.com\/fr\/wp-content\/uploads\/2025\/10\/initial-signature-car-st-gratien-1.jpg\" data-zoomable=\"\" height=\"702\" src=\"https:\/\/www.europesays.com\/fr\/wp-content\/uploads\/2025\/10\/initial-signature-car-st-gratien-1.jpg\" width=\"1248\"\/>  <\/p>\n<p class=\"article-desc\">\u00a9Ville de Saint-Gratien &#8211; Benjamin Chkroun, conseiller r\u00e9gional d\u2019\u00cele-de-France, et Julien Bachard, maire de Saint-Gratien, tenant le Contrat d\u2019Am\u00e9nagement R\u00e9gional (CAR) sign\u00e9. <\/p>\n<p>Le 13 octobre dernier, <strong>Benjamin Chkroun<\/strong>, <strong>conseiller r\u00e9gional d\u2019\u00cele-de-France<\/strong>, a sign\u00e9 un <a href=\"https:\/\/mesinfos.fr\/ile-de-france\/val-d-oise-signature-de-deux-contrats-d-amenagements-regionaux-pour-18-million-d-euros-226660.html\" rel=\"noopener\" target=\"_blank\">Contrat d\u2019Am\u00e9nagement R\u00e9gional<\/a><strong> (CAR)<\/strong> avec la ville de Saint-Gratien en pr\u00e9sence de son maire, <strong>Julien Bachard.<\/strong> <\/p>\n<p>D\u2019un montant <strong>d\u2019un million d\u2019euros<\/strong>, cette enveloppe permettra de <strong>financer trois projets majeurs<\/strong> : la r\u00e9habilitation du centre culturel du Parc et de ses abords, l\u2019isolation thermique et la s\u00e9curisation des vitrages de l\u2019H\u00f4tel de Ville et la cr\u00e9ation d\u2019un local communal. <\/p>\n<p>\u00ab\u00a0\ud835\ude0a\ud835\ude26 \ud835\ude24\ud835\ude30\ud835\ude2f\ud835\ude35\ud835\ude33\ud835\ude22\ud835\ude35 \ud835\ude2a\ud835\ude2d\ud835\ude2d\ud835\ude36\ud835\ude34\ud835\ude35\ud835\ude33\ud835\ude26 \ud835\ude31\ud835\ude22\ud835\ude33\ud835\ude27\ud835\ude22\ud835\ude2a\ud835\ude35\ud835\ude26\ud835\ude2e\ud835\ude26\ud835\ude2f\ud835\ude35 \ud835\ude2d\u2019\ud835\ude26\ud835\ude2f\ud835\ude28\ud835\ude22\ud835\ude28\ud835\ude26\ud835\ude2e\ud835\ude26\ud835\ude2f\ud835\ude35 \ud835\ude24\ud835\ude30\ud835\ude2f\ud835\ude24\ud835\ude33\ud835\ude26\ud835\ude35 \ud835\ude25\ud835\ude26 \ud835\ude2d\ud835\ude22 \ud835\ude19\ud835\ude26\u0301\ud835\ude28\ud835\ude2a\ud835\ude30\ud835\ude2f \ud835\ude22\u0300 \ud835\ude2f\ud835\ude30\ud835\ude34 \ud835\ude24\ud835\ude30\u0302\ud835\ude35\ud835\ude26\u0301\ud835\ude34 \ud835\ude31\ud835\ude30\ud835\ude36\ud835\ude33 \ud835\ude22\ud835\ude2e\ud835\ude26\u0301\ud835\ude2d\ud835\ude2a\ud835\ude30\ud835\ude33\ud835\ude26\ud835\ude33 \ud835\ude2d\ud835\ude26 \ud835\ude32\ud835\ude36\ud835\ude30\ud835\ude35\ud835\ude2a\ud835\ude25\ud835\ude2a\ud835\ude26\ud835\ude2f \ud835\ude25\ud835\ude26\ud835\ude34 \ud835\ude29\ud835\ude22\ud835\ude23\ud835\ude2a\ud835\ude35\ud835\ude22\ud835\ude2f\ud835\ude35\ud835\ude34 \ud835\ude26\ud835\ude35 \ud835\ude27\ud835\ude22\ud835\ude2a\ud835\ude33\ud835\ude26 \ud835\ude22\ud835\ude37\ud835\ude22\ud835\ude2f\ud835\ude24\ud835\ude26\ud835\ude33 \ud835\ude2f\ud835\ude30\ud835\ude35\ud835\ude33\ud835\ude26 \ud835\ude35\ud835\ude26\ud835\ude33\ud835\ude33\ud835\ude2a\ud835\ude35\ud835\ude30\ud835\ude2a\ud835\ude33\ud835\ude26\u00a0\u00bb, a indiqu\u00e9 le maire de Saint-Gratien. <\/p>\n<p>R\u00e9habilitation compl\u00e8te du b\u00e2timent du XIX\u1d49 si\u00e8cle accueillant le centre culturel du Parc <\/p>\n<p>Premier projet soutenu par ce <a href=\"https:\/\/mesinfos.fr\/ile-de-france\/jean-philippe-dugoin-clement-bienfaiteur-au-nom-de-la-region-179973.html\" rel=\"noopener\" target=\"_blank\">CAR<\/a>, <strong>le centre culturel du Parc<\/strong>, situ\u00e9 au 16 avenue Danielle-Casanova. Log\u00e9 dans un ancien b\u00e2timent du XIX\u1d49 si\u00e8cle, il accueille les activit\u00e9s culturelles, artistiques, sportives et ludiques propos\u00e9es par des associations et le service culturel de la Ville. N\u2019ayant fait l\u2019objet d\u2019aucune r\u00e9novation, le <strong>b\u00e2timent est tr\u00e8s v\u00e9tuste<\/strong>, souffre d\u2019un <strong>mauvais confort thermique<\/strong> et est <strong>inadapt\u00e9<\/strong> aux usages actuels. <\/p>\n<p>Le projet pr\u00e9voit donc le <strong>remplacement des menuiseries<\/strong> et l\u2019installation d\u2019une <strong>isolation thermique<\/strong> (int\u00e9rieure ou ext\u00e9rieure), ainsi que le renforcement de <strong>l\u2019isolation de la toiture terrasse et des combles.<\/strong> L\u2019ajout d\u2019une pompe \u00e0 chaleur (PAC) air\/eau et de panneaux photovolta\u00efques permet d\u2019atteindre <strong>une r\u00e9duction de la consommation \u00e9nerg\u00e9tique de 74 %.<\/strong> Des travaux de peinture et de ravalement ont \u00e9galement \u00e9t\u00e9 act\u00e9s, ainsi que l\u2019utilisation maximale de mat\u00e9riaux biosourc\u00e9s. Enfin, des <strong>travaux de terrassement<\/strong> et la <strong>d\u00e9simperm\u00e9abilisation du parvis ext\u00e9rieur<\/strong> seront r\u00e9alis\u00e9s pour limiter les \u00e9vacuations d\u2019eau pluviale vers les r\u00e9seaux d\u2019assainissement.<\/p>\n<p>La <strong>R\u00e9gion \u00cele-de-France<\/strong> participe \u00e0 cette r\u00e9habilitation compl\u00e8te \u00e0 hauteur de <strong>850 000 euros<\/strong>. <\/p>\n<p> Isolation thermique et s\u00e9curisation des vitrages de l\u2019H\u00f4tel de ville <\/p>\n<p>Deuxi\u00e8me projet \u00e0 \u00eatre financ\u00e9, <strong>l\u2019isolation thermique de l\u2019H\u00f4tel de ville<\/strong>, qui a d\u00e9j\u00e0 b\u00e9n\u00e9fici\u00e9 de travaux d&rsquo;entretien pour am\u00e9liorer l\u2019accueil des habitants. Dans cette optique, toutes les <strong>menuiseries seront remplac\u00e9es<\/strong> par des mod\u00e8les plus performants, incluant du <strong>double vitrage<\/strong> \u00e0 lame d\u2019air en argon de 14 mm pour s\u00e9curiser les vitrages. Soucieux de respecter l\u2019esth\u00e9tique du b\u00e2timent, les nouvelles menuiseries conserveront des <strong>profil\u00e9s en bois,<\/strong> conform\u00e9ment \u00e0 la protection du patrimoine (proximit\u00e9 du Ch\u00e2teau Catinat).<\/p>\n<p>En outre, des <strong>vitrages anti-effractions<\/strong> seront install\u00e9s pour renforcer la s\u00e9curit\u00e9 du personnel et des usagers. <\/p>\n<p>Cr\u00e9ation d\u2019un local communal pour le stationnement de v\u00e9los et VAE <\/p>\n<p>Enfin, dans le cadre de sa <strong>politique de r\u00e9duction des \u00e9missions de gaz \u00e0 effet de serre<\/strong>, la Ville a d\u00e9cid\u00e9 de soutenir financi\u00e8rement, \u00e0 hauteur de 300 \u20ac par an, les agents pour les encourager \u00e0 venir travailler \u00e0 <a href=\"https:\/\/mesinfos.fr\/ile-de-france\/grand-paris-le-plan-velo-avance-mais-reste-inacheve-a-l-approche-des-municipales-228743.html\" rel=\"noopener\" target=\"_blank\">v\u00e9lo<\/a>. Pour faciliter le <strong>stationnement<\/strong> des v\u00e9los et l\u2019utilisation des <strong>v\u00e9los \u00e0 assistance \u00e9lectrique<\/strong> (<strong>VAE<\/strong>), un local s\u00e9curis\u00e9 sera cr\u00e9\u00e9 \u00e0 l\u2019H\u00f4tel de ville. <\/p>\n<p>Il sera <strong>abrit\u00e9<\/strong>, <strong>prot\u00e9g\u00e9 par une cl\u00f4ture<\/strong>, \u00e9quip\u00e9 de prises pour la recharge des batteries et <strong>surveill\u00e9 par un syst\u00e8me de vid\u00e9o protection. <\/strong><\/p>\n","protected":false},"excerpt":{"rendered":"\u00a9Ville de Saint-Gratien &#8211; Benjamin Chkroun, conseiller r\u00e9gional d\u2019\u00cele-de-France, et Julien Bachard, maire de Saint-Gratien, tenant le Contrat&hellip;\n","protected":false},"author":2,"featured_media":485021,"comment_status":"","ping_status":"","sticky":false,"template":"","format":"standard","meta":{"footnotes":""},"categories":[1592],"tags":[1111,11,8853,1777,674,1011,27,662,12,626,25],"class_list":{"0":"post-485020","1":"post","2":"type-post","3":"status-publish","4":"format-standard","5":"has-post-thumbnail","7":"category-ile-de-france","8":"tag-actu","9":"tag-actualites","10":"tag-amu00e9nagement","11":"tag-eu","12":"tag-europe","13":"tag-fr","14":"tag-france","15":"tag-ile-de-france","16":"tag-news","17":"tag-paris","18":"tag-republique-francaise"},"share_on_mastodon":{"url":"https:\/\/pubeurope.com\/@fr\/115425042666821239","error":""},"_links":{"self":[{"href":"https:\/\/www.europesays.com\/fr\/wp-json\/wp\/v2\/posts\/485020","targetHints":{"allow":["GET"]}}],"collection":[{"href":"https:\/\/www.europesays.com\/fr\/wp-json\/wp\/v2\/posts"}],"about":[{"href":"https:\/\/www.europesays.com\/fr\/wp-json\/wp\/v2\/types\/post"}],"author":[{"embeddable":true,"href":"https:\/\/www.europesays.com\/fr\/wp-json\/wp\/v2\/users\/2"}],"replies":[{"embeddable":true,"href":"https:\/\/www.europesays.com\/fr\/wp-json\/wp\/v2\/comments?post=485020"}],"version-history":[{"count":0,"href":"https:\/\/www.europesays.com\/fr\/wp-json\/wp\/v2\/posts\/485020\/revisions"}],"wp:featuredmedia":[{"embeddable":true,"href":"https:\/\/www.europesays.com\/fr\/wp-json\/wp\/v2\/media\/485021"}],"wp:attachment":[{"href":"https:\/\/www.europesays.com\/fr\/wp-json\/wp\/v2\/media?parent=485020"}],"wp:term":[{"taxonomy":"category","embeddable":true,"href":"https:\/\/www.europesays.com\/fr\/wp-json\/wp\/v2\/categories?post=485020"},{"taxonomy":"post_tag","embeddable":true,"href":"https:\/\/www.europesays.com\/fr\/wp-json\/wp\/v2\/tags?post=485020"}],"curies":[{"name":"wp","href":"https:\/\/api.w.org\/{rel}","templated":true}]}}