{"id":485034,"date":"2025-10-23T19:11:11","date_gmt":"2025-10-23T19:11:11","guid":{"rendered":"https:\/\/www.europesays.com\/fr\/485034\/"},"modified":"2025-10-23T19:11:11","modified_gmt":"2025-10-23T19:11:11","slug":"ukraine-nouvelles-sanctions-contre-le-petrole-russe-gaza-les-journalistes-etrangers-toujours-interdits-dacces-bd-le-nouvel-album-dasterix","status":"publish","type":"post","link":"https:\/\/www.europesays.com\/fr\/485034\/","title":{"rendered":"Ukraine: nouvelles sanctions contre le p\u00e9trole russe \/ Gaza: les journalistes \u00e9trangers toujours interdits d&rsquo;acc\u00e8s \/ BD: le nouvel album d&rsquo;Ast\u00e9rix"},"content":{"rendered":"<p>\n                        Nous  sommes  le  jeudi  23  octobre.                     <\/p>\n<p>\n                        Il est  18  heures \u00e0  Paris  et  \u00e0  Bruxelles,  16  heures en  temps  universel.                      <\/p>\n<p>\n                        Vous  \u00e9coutez  RFI.                      <\/p>\n<p>\n                        Le  Journal en  fran\u00e7ais  facile.                      <\/p>\n<p>\n                        Diane Berger.                      <\/p>\n<p>\n                        Le  p\u00e9trole  russe  dans  le  viseur  des  \u00c9tats-Unis et  de  l&rsquo;Union  europ\u00e9enne : Washington  et  Bruxelles  viennent  de  prendre  une  nouvelle  s\u00e9rie  de  mesures  \u00e9conomiques  contre  Moscou.  Objectif : limiter  les  rentr\u00e9es  d&rsquo;argent  qui  servent  \u00e0  financer  la  guerre  en  Ukraine.  Nous  \u00e9couterons  ensemble  la  r\u00e9action  du  pr\u00e9sident  de  la  Lituanie,  convaincu  que  cela  va  changer  la  situation  sur  le  terrain.                      <\/p>\n<p>\n                        Le  chef  de  la  diplomatie  am\u00e9ricaine  vient  d&rsquo;arriver  en  Isra\u00ebl. Il critique  les  projets  isra\u00e9liens  d&rsquo;annexion  de  la  Cisjordanie.  Et  il  veut  renforcer  le  cessez-le-feu  \u00e0  Gaza.  Gaza  o\u00f9  les  journalistes  internationaux  n&rsquo;ont  toujours  pas  le  droit  de  se  rendre, malgr\u00e9  la  tr\u00eave.  Un  recours  \u00e0  la  Cour  supr\u00eame  isra\u00e9lienne  a  \u00e9t\u00e9  rejet\u00e9, pour  le  moment.                      <\/p>\n<p>\n                        Et  puis  c&rsquo;est  le  retour  des  Gaulois  les  plus  c\u00e9l\u00e8bres, de  la  bande  dessin\u00e9e  Ast\u00e9rix  et  Ob\u00e9lix.  Le  41\u1d49  album  de  la  saga  les  emm\u00e8ne  au  Portugal.                      <\/p>\n<p>\n                        Pour  arr\u00eater  la  guerre  en  Ukraine, ils tapent  la  Russie  au  portefeuille.  Les  27  pays  de  l&rsquo;Union  europ\u00e9enne  ont  adopt\u00e9, aujourd&rsquo;hui, un  nouveau  paquet  de  sanctions  contre  Moscou, des mesures  qui  ciblent  les  hydrocarbures  russes.  Les  \u00c9tats-Unis ont  d\u00e9cid\u00e9,  de  leur  c\u00f4t\u00e9,  de  viser  deux  g\u00e9ants  du  p\u00e9trole  russe,  les  entreprises  Rosneft  et  Lukoil.  Un  pas  salu\u00e9  par  le  pr\u00e9sident  lituanien, Gitanas  Nauseda, \u00e0  son  arriv\u00e9e  au  Conseil  europ\u00e9en, \u00e0  Bruxelles, ce  jeudi.                      <\/p>\n<p>\n                        \u00ab Je pense  que  cela  va  changer  la  donne.  Ces  sanctions  impos\u00e9es  aux  entreprises  russes, Rosneft  et  Lukoil, affecteront  directement  l&rsquo;industrie  du  p\u00e9trole  et  du  gaz, qui  g\u00e9n\u00e8rent  les  revenus  de  la  machine  de  guerre  russe.  Je  pense, donc, qu&rsquo;il  y  a  eu  suffisamment  de  temps  pour  comprendre  que  l&rsquo;on  ne  peut  n\u00e9gocier  avec  la  Russie  qu&rsquo;en  affichant  la  force  et  en  mettant  le  pistolet  sur  la  table.  Qu&rsquo;est-ce que  cela  signifie  pour  l&rsquo;Europe ? Bien  s\u00fbr,  nous  devons  nous  aligner.  Nous  avons, \u00e9galement, fait  un  tr\u00e8s  bon  pas  en  avant,  en  imposant  le  19\u1d49  paquet  de  sanctions  qui  affecte  Gazprom,  un  autre  g\u00e9ant  de  l&rsquo;industrie  p\u00e9troli\u00e8re  et  gazi\u00e8re  russe.  Et  je  vois  que  le  Royaume-Uni  et  d&rsquo;autres  pays  aux  vues  similaires  se  sont  ralli\u00e9s  \u00e0  notre  cause.  Je  pense  que  c&rsquo;est  une  tr\u00e8s  bonne  fa\u00e7on  de  proc\u00e9der  et  que,  t\u00f4t  ou  tard,  la  Russie  sera  oblig\u00e9e  de  s&rsquo;asseoir  \u00e0  la  table  des  n\u00e9gociations  et  d&rsquo;entamer  les  discussions. \u00bb                     <\/p>\n<p>\n                        Cons\u00e9quence  imm\u00e9diate  de  ces  sanctions,  le  cours  du  p\u00e9trole  est  en  hausse.  Vladimir  Poutine,  le  pr\u00e9sident  russe,  d\u00e9clare, lui, ce  soir, que  les  sanctions  am\u00e9ricaines  sont  \u00ab s\u00e9rieuses \u00bb, mais  sans  impact  \u00ab significatif \u00bb, je cite.  Autrement  dit cela  n&rsquo;aura  pas  de  grosses  cons\u00e9quences, selon  lui, sur  l&rsquo;\u00e9conomie  russe.                      <\/p>\n<p>\n                        Encore  une  fois,  Moscou  s&rsquo;en  prend  \u00e0  la  presse.  Un  drone  russe  a  tu\u00e9  deux  journalistes  ukrainiens, \u00e0  Kramatorsk,  dans  l&rsquo;est  de  l&rsquo;Ukraine.  Un  troisi\u00e8me  journaliste  a  surv\u00e9cu.  Il  est  hospitalis\u00e9. Selon leur  cha\u00eene  de  t\u00e9l\u00e9vision, Freedom  TV, l&rsquo;appareil les  a  cibl\u00e9s, alors  qu&rsquo;ils  se  trouvaient  \u00e0  bord  d&rsquo;une  voiture  \u00e0  l&rsquo;arr\u00eat  dans  une  station-service. Je  cite  le  pr\u00e9sident  ukrainien, Volodymyr  Zelensky : \u00ab Il ne  s&rsquo;agit  pas  d&rsquo;accident ou  d&rsquo;erreur, mais  d&rsquo;une  strat\u00e9gie  russe \u00bb pour  faire  taire  \u00ab les voix  ind\u00e9pendantes \u00bb.                     <\/p>\n<p>\n                        Paris  fait  part  de  son  soulagement, apr\u00e8s  la  lib\u00e9ration  d&rsquo;un  cycliste  fran\u00e7ais  emprisonn\u00e9  en  Russie,  Sofiane  Sehili,  arr\u00eat\u00e9 le  mois  dernier. Il a, finalement, \u00e9t\u00e9  condamn\u00e9  \u00e0  une  amende  pour  avoir  travers\u00e9  ill\u00e9galement  la  fronti\u00e8re  dans  l&rsquo;Extr\u00eame-Orient  russe.  Il  risquait, pour  cela, jusqu&rsquo;\u00e0  deux  ans  de  prison.                      <\/p>\n<p>\n                        Le  Journal en fran\u00e7ais  facile.                      <\/p>\n<p>\n                        Donald  Trump  pr\u00e9vient : si Isra\u00ebl  annexe la  Cisjordanie,  le  pays  perdra  le  soutien  des  \u00c9tats-Unis. En  effet,  la  Knesset \u2013 le Parlement  isra\u00e9lien \u2013 a  vot\u00e9, hier, deux  textes  pour  \u00e9tendre  l&rsquo;autorit\u00e9  isra\u00e9lienne  sur  le  territoire  palestinien  occup\u00e9.  Un  projet  qui  inqui\u00e8te  les  autorit\u00e9s  am\u00e9ricaines,  pourtant  les  plus  fid\u00e8les  alli\u00e9es de  l&rsquo;\u00c9tat  h\u00e9breu.  Le  secr\u00e9taire  d&rsquo;\u00c9tat  am\u00e9ricain, Marco  Rubio,  vient  d&rsquo;arriver  en  Isra\u00ebl  et  il  a  pr\u00e9venu : un tel  projet  menace  la  tr\u00eave  \u00e0  Gaza.  Elle  est  toujours  officiellement  en  vigueur,  mais  elle  est  tr\u00e8s  fragile.  Les  frappes  isra\u00e9liennes  sont  quasiment  quotidiennes.  Il  faut, aussi, souligner  que  les  journalistes  \u00e9trangers  n&rsquo;ont  toujours  pas  acc\u00e8s  au  territoire  palestinien.  Interdiction  d&rsquo;y  aller  depuis  deux  ans, et  cela  va  encore  durer  pendant  un  mois, au  moins.  L&rsquo;Association de  la  presse  \u00e9trang\u00e8re  a  fait  un  recours  devant  la  Cour  supr\u00eame  isra\u00e9lienne.  C&rsquo;est  peine  perdue  pour  l&rsquo;instant, Nicolas  Rocca.                     <\/p>\n<p>\n                        \u00c0  nouveau,  le  gouvernement  isra\u00e9lien  se  voit  accorder  un  d\u00e9lai  par  la  Cour  supr\u00eame. Dans 30  jours, les autorit\u00e9s  devront  apporter  une  r\u00e9ponse  adapt\u00e9e  aux  changements  sur  le  terrain \u2013 comprenez le  cessez-le-feu. Jusqu&rsquo;ici,  le  gouvernement  refuse  tout  acc\u00e8s  ind\u00e9pendant  pour  la  presse  \u00e0  l&rsquo;enclave  palestinienne,  invoquant  des  raisons  de  s\u00e9curit\u00e9, pour  les  journalistes  comme  pour  ses  soldats.  Les  rares  entr\u00e9es  se  font  sous  contr\u00f4le  tr\u00e8s  \u00e9troit  des  militaires  isra\u00e9liens.  L&rsquo;association de  la  presse  \u00e9trang\u00e8re  se  dit  d\u00e9\u00e7ue  par  la  d\u00e9cision  de  la  Cour  supr\u00eame  et  renouvelle [\u00e0 nouveau] sa  demande  pour  un  acc\u00e8s  imm\u00e9diat  \u00e0  Gaza. Depuis plus  de  deux  ans, seuls les  journalistes  palestiniens  enferm\u00e9s  dans  l&rsquo;enclave  couvrent  ce  qui  est  qualifi\u00e9  de  \u00ab g\u00e9nocide \u00bb par  une  commission ind\u00e9pendante  des  Nations  unies,  comme  par  plusieurs  associations  internationales  et  isra\u00e9liennes.  Un  travail  qui  s&rsquo;effectue  dans  des  conditions  effroyables,  selon  Irene Khan, rapporteur  sp\u00e9cial  des  Nations  unies  pour  la  promotion  et  la  protection  du  droit  \u00e0  la  libert\u00e9  d&rsquo;expression.  Il  s&rsquo;agit  de  la  guerre  la  plus  meurtri\u00e8re  pour  la  presse  au  XXI\u1d49  si\u00e8cle.  D&rsquo;apr\u00e8s  le  d\u00e9compte  de  l&rsquo;ONU,  plus  de  250  journalistes  palestiniens  ont  \u00e9t\u00e9  tu\u00e9s  \u00e0  Gaza.  Nicolas  Rocca, J\u00e9rusalem, RFI.                      <\/p>\n<p>\n                        Ajoutons  que  la  reconstruction  de  Gaza  s&rsquo;annonce  complexe  et  ch\u00e8re.  Selon  l&rsquo;OMS,  l&rsquo;Organisation  mondiale  de  la  Sant\u00e9, il  faudra, au  moins, 7  milliards\u00a0de  dollars  juste  pour  reconstruire  le  syst\u00e8me  de  sant\u00e9  du  territoire  palestinien \u2013 les  h\u00f4pitaux,  les  cliniques \u2013, ravag\u00e9 apr\u00e8s  deux  ans  de  guerre  entre  le  Hamas  et  Isra\u00ebl.                      <\/p>\n<p>\n                        Isra\u00ebl  a, aussi, organis\u00e9, aujourd&rsquo;hui, des  frappes  dans  l&rsquo;est  du  Liban.  L&rsquo;arm\u00e9e isra\u00e9lienne  annonce  avoir  vis\u00e9  des  sites  li\u00e9s  au  Hezbollah,  alli\u00e9  du  Hamas  et  de  l&rsquo;Iran ; un  camp  militaire  et  un  site  de  production  de  missiles  de  pr\u00e9cision, plus exactement. Il y  a  deux  morts, selon  le  minist\u00e8re  de  la  Sant\u00e9  du  Liban.                      <\/p>\n<p>\n                        C&rsquo;est  un  revers  pour  le  principal  parti  d&rsquo;opposition  au  B\u00e9nin.  \u00c0  quelques  mois  de  la  pr\u00e9sidentielle,  la  Commission  \u00e9lectorale  nationale  autonome  rejette  la  candidature  de  Renaud  Agbodjo, le  repr\u00e9sentant  des  D\u00e9mocrates. Il  n&rsquo;a  pas  re\u00e7u  suffisamment  de  parrainages,  suffisamment  de  soutiens. Deux  autres  candidats  sont  qualifi\u00e9s : l&rsquo;actuel  ministre  des  Finances,  Romuald  Wadagni,  proche  de  l&rsquo;actuel  pr\u00e9sident, Patrice  Talon, et  l&rsquo;opposant  Paul  Hounkp\u00e8,  sous  les  couleurs  du  FCBE. L&rsquo;\u00e9lection  aura  lieu  au  mois  d&rsquo;avril  prochain.                      <\/p>\n<p>\n                        Une  page  de  culture  pour  terminer  ce  Journal en  fran\u00e7ais  facile, avec  le  retour  d&rsquo;une  bande  dessin\u00e9e  culte : le nouvel  album  des  aventures d&rsquo;Ast\u00e9rix  et  Ob\u00e9lix,  disponible  \u00e0  partir  d&rsquo;aujourd&rsquo;hui  dans  les  librairies.  Les  personnages  ont  \u00e9t\u00e9  cr\u00e9\u00e9s  en  1961  par  Goscinny  et  Uderzo.  Maintenant,  ce  sont  Fabcaro  au  sc\u00e9nario  et  Didier  Convard  au  dessin.  Et, cette  fois,  ils  ont  choisi  de  faire  voyager  les  irr\u00e9ductibles  Gaulois au  Portugal \u2013 ou, plus  exactement, en  Lusitanie, comme  on  l&rsquo;appelait au I\u1d49\u02b3  si\u00e8cle  avant  J\u00e9sus-Christ.  Sophie  Torlotin.                      <\/p>\n<p>\n                        Ast\u00e9rix  et  Ob\u00e9lix ont d\u00e9j\u00e0  explor\u00e9  la  Suisse,  l&rsquo;Angleterre  ou  l&rsquo;\u00c9gypte,  mais  ils  n&rsquo;\u00e9taient  jamais  all\u00e9s  au  Portugal.  Et, pourtant,  avec  Viriate, h\u00e9ros national  ayant  combattu  les  troupes  romaines,  il  y  avait  des  points  communs  avec  la  r\u00e9sistance  des  irr\u00e9ductibles  Gaulois.                      <\/p>\n<p>\n                        \u00ab Mais, moi, je  savais  pas  que  c&rsquo;\u00e9tait  aussi  attendu. \u00bb                     <\/p>\n<p>\n                        Le  sc\u00e9nariste, Fabcaro.                      <\/p>\n<p>\n                        \u00ab Quand j&rsquo;ai  eu  l&rsquo;id\u00e9e  de  la  Lusitanie, j&rsquo;ai  eu  l&rsquo;impression  d&rsquo;avoir  une  id\u00e9e  in\u00e9dite,  une id\u00e9e  de  g\u00e9nie.  Et, en  r\u00e9alit\u00e9,  j&rsquo;ai  appris  que  \u00e7a  faisait  longtemps  que  les  lecteurs  attendaient  la  Lusitanie. \u00bb                     <\/p>\n<p>\n                        Fid\u00e8le  \u00e0  l&rsquo;esprit  de  la  s\u00e9rie,  le  sc\u00e9nariste  joue  avec  les  symboles  et  st\u00e9r\u00e9otypes  du  Portugal.                      <\/p>\n<p>\n                        \u00ab Comment aborder  le  peuple  portugais ? \u00c7a  m&rsquo;a  saut\u00e9  aux  yeux  quand  j&rsquo;ai  d\u00e9couvert  cette  saudade, cette  esp\u00e8ce  de  m\u00e9lancolie  un  peu  fataliste  et  une  gaiet\u00e9  triste.  Et  je  me  suis  dit, \u00e7a, \u00e7a  peut  \u00eatre  une  bonne  porte  d&rsquo;entr\u00e9e  pour  en  faire  un  \u00e9l\u00e9ment  de  com\u00e9die, et  quelque  chose  que  je  trouve  tr\u00e8s  attachant, aussi, tr\u00e8s  beau. \u00bb                     <\/p>\n<p>\n                        Le  dessinateur  Didier  Conrad  trouve  dans  ce  voyage  mati\u00e8re  \u00e0  s&rsquo;amuser  graphiquement.                      <\/p>\n<p>\n                        \u00ab L\u00e0, c&rsquo;\u00e9tait  particuli\u00e8rement  int\u00e9ressant  \u00e0  faire, parce  qu&rsquo;il  y  avait  beaucoup  de  documentation.  Donc, en  fait,  j&rsquo;ai  travaill\u00e9  en  louchant  sur  l&rsquo;album en  Hispanie pour  que  \u00e7a  ne  ressemble  pas  du  tout. \u00bb                     <\/p>\n<p>\n                        Tir\u00e9  \u00e0  plus  de  5  millions  d&rsquo;exemplaires  et  disponible  dans  25  pays, cet album  d&rsquo;Ast\u00e9rix  est  la  plus  grosse  vente  de  l&rsquo;ann\u00e9e  pour  le  groupe  Hachette.  L&rsquo;enjeu  est  tel  que  l&rsquo;album  est  rest\u00e9  secret  jusqu&rsquo;\u00e0  sa  mise  en  place, ce  jeudi.                      <\/p>\n<p>\n                        Sophie  Torlotin,  du  service  culture  de  RFI,  qui  nous  pr\u00e9sentait, donc, Ast\u00e9rix  en  Lusitanie.  Pr\u00e9cisons  que  ce  sera  le  th\u00e8me  de  l&rsquo;\u00e9mission  D\u00e9cryptage, ce  soir, sur  RFI : Ast\u00e9rix, les  cl\u00e9s  d&rsquo;un  succ\u00e8s  vieux  de  65  ans. Ce  sera, donc, tout  \u00e0  l&rsquo;heure  et  \u00e0  retrouver  en  podcast.                      <\/p>\n<p>\n                        En  podcast, vous pouvez, aussi, r\u00e9\u00e9couter  ce  Journal en  fran\u00e7ais  facile si  vous  avez  besoin  de  v\u00e9rifier un point, un d\u00e9tail,  un  mot  de  vocabulaire. Ce sera, cette  fois, sur  francaisfacile.rfi.fr. Il  y  a  m\u00eame  un  script  pour  vous  aider,  donc, de  la  version  \u00e9crite.                      <\/p>\n<p>\n                        Merci  d&rsquo;\u00e9couter  Radio  France  Internationale.                      <\/p>\n","protected":false},"excerpt":{"rendered":"Nous sommes le jeudi 23 octobre. Il est 18 heures \u00e0 Paris et \u00e0 Bruxelles, 16 heures en&hellip;\n","protected":false},"author":2,"featured_media":485035,"comment_status":"","ping_status":"","sticky":false,"template":"","format":"standard","meta":{"footnotes":""},"categories":[1590],"tags":[47,11,10343,251,33,1777,674,3535,10342,12,220],"class_list":{"0":"post-485034","1":"post","2":"type-post","3":"status-publish","4":"format-standard","5":"has-post-thumbnail","7":"category-ukraine","8":"tag-actualite","9":"tag-actualites","10":"tag-all","11":"tag-culture","12":"tag-economie","13":"tag-eu","14":"tag-europe","15":"tag-geopolitique","16":"tag-journal-en-francais-facile","17":"tag-news","18":"tag-ukraine"},"share_on_mastodon":{"url":"https:\/\/pubeurope.com\/@fr\/115425069285226808","error":""},"_links":{"self":[{"href":"https:\/\/www.europesays.com\/fr\/wp-json\/wp\/v2\/posts\/485034","targetHints":{"allow":["GET"]}}],"collection":[{"href":"https:\/\/www.europesays.com\/fr\/wp-json\/wp\/v2\/posts"}],"about":[{"href":"https:\/\/www.europesays.com\/fr\/wp-json\/wp\/v2\/types\/post"}],"author":[{"embeddable":true,"href":"https:\/\/www.europesays.com\/fr\/wp-json\/wp\/v2\/users\/2"}],"replies":[{"embeddable":true,"href":"https:\/\/www.europesays.com\/fr\/wp-json\/wp\/v2\/comments?post=485034"}],"version-history":[{"count":0,"href":"https:\/\/www.europesays.com\/fr\/wp-json\/wp\/v2\/posts\/485034\/revisions"}],"wp:featuredmedia":[{"embeddable":true,"href":"https:\/\/www.europesays.com\/fr\/wp-json\/wp\/v2\/media\/485035"}],"wp:attachment":[{"href":"https:\/\/www.europesays.com\/fr\/wp-json\/wp\/v2\/media?parent=485034"}],"wp:term":[{"taxonomy":"category","embeddable":true,"href":"https:\/\/www.europesays.com\/fr\/wp-json\/wp\/v2\/categories?post=485034"},{"taxonomy":"post_tag","embeddable":true,"href":"https:\/\/www.europesays.com\/fr\/wp-json\/wp\/v2\/tags?post=485034"}],"curies":[{"name":"wp","href":"https:\/\/api.w.org\/{rel}","templated":true}]}}