{"id":485037,"date":"2025-10-23T19:13:13","date_gmt":"2025-10-23T19:13:13","guid":{"rendered":"https:\/\/www.europesays.com\/fr\/485037\/"},"modified":"2025-10-23T19:13:13","modified_gmt":"2025-10-23T19:13:13","slug":"app-store-apple-perd-un-proces-au-royaume-uni-pour-abus-de-position-dominante","status":"publish","type":"post","link":"https:\/\/www.europesays.com\/fr\/485037\/","title":{"rendered":"App Store | Apple perd un proc\u00e8s au Royaume-Uni pour abus de position dominante"},"content":{"rendered":"<p class=\"lead textModule textModule--type-lead \" style=\"\">(Londres) Le g\u00e9ant am\u00e9ricain Apple a perdu jeudi un proc\u00e8s \u00e0 Londres pour \u00ab\u00a0abus de position dominante\u00a0\u00bb de son magasin d\u2019applications au Royaume-Uni, qui pourrait le conduire \u00e0 devoir rembourser des millions d\u2019utilisateurs, mais le groupe conteste la d\u00e9cision et fera appel. <\/p>\n<p>                    Publi\u00e9 \u00e0 14\u00a0h\u00a037<\/p>\n<p>    <a class=\"print\" href=\"https:\/\/www.lapresse.ca\/affaires\/techno\/2025-10-23\/app-store\/javascript:window.print();\" title=\"Imprimer la page\" rel=\"nofollow noopener\" target=\"_blank\"><\/p>\n<p>        <img loading=\"lazy\" decoding=\"async\" width=\"16\" height=\"18\" src=\"https:\/\/www.europesays.com\/fr\/wp-content\/uploads\/2025\/04\/share-icon.png\" alt=\"Partager\"\/><\/p>\n<p>\n                                    Olivier DEVOS<\/p>\n<p>                                                    Agence France-Presse<\/p>\n<p class=\"paragraph textModule textModule--type-paragraph \" style=\"\">Les demandeurs, qui se plaignaient notamment de commissions jug\u00e9es trop \u00e9lev\u00e9es pr\u00e9lev\u00e9es par Apple sur son App Store, avaient pr\u00e9c\u00e9demment chiffr\u00e9 les dommages \u00e0 plus de 1,5\u00a0milliard de livres (2,8\u00a0milliard de dollars CAN). <\/p>\n<p class=\"paragraph textModule textModule--type-paragraph \" style=\"\">Apple a \u00ab\u00a0abus\u00e9 de sa position dominante en emp\u00eachant la concurrence\u00a0\u00bb sur la distribution d\u2019applications et les services de paiement int\u00e9gr\u00e9s, mais aussi en facturant des commissions aux \u00ab\u00a0prix excessifs et in\u00e9quitables\u00a0\u00bb, indique le jugement du Tribunal d\u2019appel de la concurrence, consult\u00e9 par l\u2019AFP. <\/p>\n<p class=\"epigraph textModule textModule--type-epigraph \" style=\"\">Il s\u2019agit de la deuxi\u00e8me d\u00e9convenue en deux jours\u00a0au Royaume-Uni pour le groupe de Cupertino, qui a \u00e9t\u00e9 d\u00e9sign\u00e9 mercredi par l\u2019autorit\u00e9 britannique de la concurrence (CMA) comme une \u00ab\u00a0soci\u00e9t\u00e9 strat\u00e9gique\u00a0\u00bb sur le march\u00e9 des \u00e9cosyst\u00e8mes pour t\u00e9l\u00e9phones intelligents et tablettes en raison de sa position dominante. <\/p>\n<p class=\"paragraph textModule textModule--type-paragraph \" style=\"\">Si cette d\u00e9signation, aux c\u00f4t\u00e9s de Google, n\u2019entra\u00eene aucune exigence imm\u00e9diate, elle permettra dans un second temps \u00e0 la CMA d\u2019intervenir pour contraindre les groupes vis\u00e9s \u00e0 ouvrir leurs plateformes, en vertu d\u2019un r\u00e9gime qui s\u2019inspire du\u00a0R\u00e8glement europ\u00e9en sur les march\u00e9s num\u00e9riques (\u00ab\u00a0Digital Markets Act\u00a0\u00bb, DMA) dans l\u2019UE. <\/p>\n<p>                    \u00ab\u00a0Profond d\u00e9saccord\u00a0\u00bb <\/p>\n<p class=\"paragraph textModule textModule--type-paragraph \" style=\"\">Apple, qui avait d\u00e9j\u00e0 regrett\u00e9 la d\u00e9cision de la CMA, dit jeudi \u00eatre en \u00ab\u00a0profond d\u00e9saccord\u00a0\u00bb avec le jugement du tribunal londonien, estimant que sa boutique d\u2019applications, l\u2019App Store, \u00ab\u00a0est confront\u00e9e \u00e0 une concurrence f\u00e9roce de la part de nombreuses autres plateformes\u00a0\u00bb. <\/p>\n<p class=\"paragraph textModule textModule--type-paragraph \" style=\"\">Le groupe a indiqu\u00e9 \u00e0 l\u2019AFP son intention de faire appel. <\/p>\n<p class=\"paragraph textModule textModule--type-paragraph \" style=\"\">Les plaignants d\u00e9non\u00e7aient notamment le fait qu\u2019Apple \u00ab\u00a0exige que toutes les applications natives\u00a0\u00bb, c\u2019est \u00e0 dire con\u00e7ues sp\u00e9cifiquement pour son syst\u00e8me d\u2019exploitation, soient distribu\u00e9es dans l\u2019App Store, avec une commission de 30\u00a0% \u00ab\u00a0impos\u00e9e sur les applications achet\u00e9es\u00a0\u00bb via ce magasin d\u2019applications. <\/p>\n<p class=\"paragraph textModule textModule--type-paragraph \" style=\"\">Le dossier \u00e9tait port\u00e9 par Rachael Kent, universitaire au King\u2019s College de Londres, mais selon la loi britannique, dans ce type d\u2019action collective, toutes les personnes potentiellement concern\u00e9es sont incluses par d\u00e9faut dans la proc\u00e9dure (et pourraient b\u00e9n\u00e9ficier d\u2019une compensation) \u00e0 moins de s\u2019en retirer volontairement. <\/p>\n<p class=\"paragraph textModule textModule--type-paragraph \" style=\"\">Le tribunal a notamment estim\u00e9 jeudi que, dans les cas o\u00f9 Apple a surfactur\u00e9 les d\u00e9veloppeurs d\u2019applications et o\u00f9 cette surcharge a \u00e9t\u00e9 r\u00e9percut\u00e9e sur les consommateurs, ceux-ci \u00e9taient fond\u00e9s \u00e0 en obtenir le remboursement avec int\u00e9r\u00eats. <\/p>\n<p>                    Multiples plaintes<\/p>\n<p class=\"paragraph textModule textModule--type-paragraph \" style=\"\">Le proc\u00e8s avait dur\u00e9 sept semaines en janvier et f\u00e9vrier et la d\u00e9cision, qui a vocation \u00e0 s\u2019appliquer \u00e0 des millions de d\u00e9tenteurs d\u2019iPhone ou d\u2019iPad ayant utilis\u00e9 les fonctionnalit\u00e9s payantes de l\u2019App Store au Royaume-Uni \u00e0 partir de fin 2015, avait \u00e9t\u00e9 mise en d\u00e9lib\u00e9r\u00e9. <\/p>\n<p class=\"paragraph textModule textModule--type-paragraph \" style=\"\">Apple avait d\u00e9nonc\u00e9 pendant le proc\u00e8s une proc\u00e9dure \u00ab\u00a0sans fondement\u00a0\u00bb, insistant sur le fait que 85\u00a0% des applications sur l\u2019App Store sont gratuites et que les commissions appliqu\u00e9es sont en r\u00e9alit\u00e9 \u00ab\u00a0tr\u00e8s proches de celles factur\u00e9es par toutes les autres places de march\u00e9 num\u00e9riques\u00a0\u00bb. <\/p>\n<p class=\"epigraph textModule textModule--type-epigraph \" style=\"\">Les enqu\u00eates et les plaintes se sont multipli\u00e9es dans le monde contre Apple ces derni\u00e8res ann\u00e9es, en particulier au sujet de son magasin d\u2019applications. <\/p>\n<p class=\"paragraph textModule textModule--type-paragraph \" style=\"\">Le g\u00e9ant am\u00e9ricain est ainsi vis\u00e9 par une autre proc\u00e9dure \u00e0 785\u00a0millions de livres (1,5 milliard CAN) au Royaume-Uni sur les tarifs factur\u00e9s aux d\u00e9veloppeurs. <\/p>\n<p class=\"paragraph textModule textModule--type-paragraph \" style=\"\">Apple s\u2019est par ailleurs vu infliger en avril une amende de 500\u00a0millions d\u2019euros (812 millions CAN) dans l\u2019UE pour des clauses abusives dans l\u2019App Store, au d\u00e9triment des fournisseurs d\u2019applications et de leurs clients, contre laquelle le groupe a fait appel. <\/p>\n","protected":false},"excerpt":{"rendered":"(Londres) Le g\u00e9ant am\u00e9ricain Apple a perdu jeudi un proc\u00e8s \u00e0 Londres pour \u00ab\u00a0abus de position dominante\u00a0\u00bb de&hellip;\n","protected":false},"author":2,"featured_media":485038,"comment_status":"","ping_status":"","sticky":false,"template":"","format":"standard","meta":{"footnotes":""},"categories":[1588],"tags":[11,1777,674,12,473,1853,1851,1850,1852],"class_list":{"0":"post-485037","1":"post","2":"type-post","3":"status-publish","4":"format-standard","5":"has-post-thumbnail","7":"category-royaume-uni","8":"tag-actualites","9":"tag-eu","10":"tag-europe","11":"tag-news","12":"tag-royaume-uni","13":"tag-royaume-uni-de-grande-bretagne-et-dirlande-du-nord","14":"tag-uk","15":"tag-united-kingdom","16":"tag-united-kingdom-of-great-britain-and-northern-ireland"},"share_on_mastodon":{"url":"https:\/\/pubeurope.com\/@fr\/115425077345689447","error":""},"_links":{"self":[{"href":"https:\/\/www.europesays.com\/fr\/wp-json\/wp\/v2\/posts\/485037","targetHints":{"allow":["GET"]}}],"collection":[{"href":"https:\/\/www.europesays.com\/fr\/wp-json\/wp\/v2\/posts"}],"about":[{"href":"https:\/\/www.europesays.com\/fr\/wp-json\/wp\/v2\/types\/post"}],"author":[{"embeddable":true,"href":"https:\/\/www.europesays.com\/fr\/wp-json\/wp\/v2\/users\/2"}],"replies":[{"embeddable":true,"href":"https:\/\/www.europesays.com\/fr\/wp-json\/wp\/v2\/comments?post=485037"}],"version-history":[{"count":0,"href":"https:\/\/www.europesays.com\/fr\/wp-json\/wp\/v2\/posts\/485037\/revisions"}],"wp:featuredmedia":[{"embeddable":true,"href":"https:\/\/www.europesays.com\/fr\/wp-json\/wp\/v2\/media\/485038"}],"wp:attachment":[{"href":"https:\/\/www.europesays.com\/fr\/wp-json\/wp\/v2\/media?parent=485037"}],"wp:term":[{"taxonomy":"category","embeddable":true,"href":"https:\/\/www.europesays.com\/fr\/wp-json\/wp\/v2\/categories?post=485037"},{"taxonomy":"post_tag","embeddable":true,"href":"https:\/\/www.europesays.com\/fr\/wp-json\/wp\/v2\/tags?post=485037"}],"curies":[{"name":"wp","href":"https:\/\/api.w.org\/{rel}","templated":true}]}}