{"id":485039,"date":"2025-10-23T19:14:12","date_gmt":"2025-10-23T19:14:12","guid":{"rendered":"https:\/\/www.europesays.com\/fr\/485039\/"},"modified":"2025-10-23T19:14:12","modified_gmt":"2025-10-23T19:14:12","slug":"vers-une-cooperation-securitaire-avec-lallemagne","status":"publish","type":"post","link":"https:\/\/www.europesays.com\/fr\/485039\/","title":{"rendered":"vers une coop\u00e9ration s\u00e9curitaire avec l&rsquo;Allemagne ?"},"content":{"rendered":"<p class=\"mb-4 text-lg md:leading-8 break-words\">Serap G\u00fcler dit avoir constat\u00e9 les d\u00e9fis consid\u00e9rables auxquels font face les agences humanitaires et le gouvernement tchadien dans l&rsquo;Est du pays. \u00ab\u00a0Je veux exprimer toute la gratitude de l&rsquo;Allemagne pour l&rsquo;engagement du Tchadenvers les r\u00e9fugi\u00e9s\u00a0\u00bb, a-t-elle d&rsquo;ailleurs d\u00e9clar\u00e9 au micro de la DW.<\/p>\n<p class=\"mb-4 text-lg md:leading-8 break-words\">La ministre adjointe aux Affaires \u00e9trang\u00e8res s&rsquo;est rendue \u00e0 Iriba, dans l&rsquo;est du pays, o\u00f9 vivent pr\u00e8s de 100.000 r\u00e9fugi\u00e9s qui ont fui la guerre au Soudan. Une situation qu&rsquo;elle a qualifi\u00e9 de \u00ab\u00a0<a href=\"https:\/\/fr.news.yahoo.com\/soudan-toujours-guerre-094400679.html\" data-ylk=\"slk:dramatique;elm:context_link;itc:0;sec:content-canvas;outcm:mb_qualified_link;_E:mb_qualified_link;ct:story;\" class=\"link  yahoo-link\" target=\"_blank\" rel=\"noopener\">dramatique<\/a>\u00ab\u00a0, m\u00eame si elle estime que l&rsquo;aide fournie par la population locale est \u00ab\u00a0appr\u00e9ciable\u00a0\u00bb.<\/p>\n<p><img alt=\"Depuis avril 2023, le Tchad a accueilli plus de 1,5 million de r\u00e9fugi\u00e9s soudanais&lt;span class=&quot;copyright&quot;&gt;Adrien Vautier\/Le Pictorium\/MAXPPP\/dpa\/picture alliance&lt;\/span&gt;\" loading=\"lazy\" width=\"960\" height=\"540\" decoding=\"async\" data-nimg=\"1\" class=\"rounded-lg\" style=\"color:transparent\" src=\"https:\/\/www.europesays.com\/fr\/wp-content\/uploads\/2025\/10\/f3c52687a617bc841ddd8f298dddc4c6.jpeg\"\/><\/p>\n<p>Depuis avril 2023, le Tchad a accueilli plus de 1,5 million de r\u00e9fugi\u00e9s soudanaisAdrien Vautier\/Le Pictorium\/MAXPPP\/dpa\/picture alliance<\/p>\n<p>Une coop\u00e9ration humanitaire et s\u00e9curitaire<\/p>\n<p class=\"mb-4 text-lg md:leading-8 break-words\">Serap G\u00fcler a profit\u00e9 de son s\u00e9jour au Tchad pour annoncer le d\u00e9blocage de 16 millions d&rsquo;euros pour soutenir le travail des organisations internationales et des ONG. Une enveloppe qui servira avant tout \u00e0 faciliter \u00ab\u00a0<a href=\"https:\/\/fr.news.yahoo.com\/au-soudan-el-fasher-menac%C3%A9e-165900656.html\" data-ylk=\"slk:l&#039;acc\u00e8s \u00e0 la nourriture;elm:context_link;itc:0;sec:content-canvas;outcm:mb_qualified_link;_E:mb_qualified_link;ct:story;\" class=\"link  yahoo-link\" target=\"_blank\" rel=\"noopener\">l&rsquo;acc\u00e8s \u00e0 la nourriture<\/a>, l&rsquo;acc\u00e8s \u00e0 l&rsquo;eau et \u00e0 la sant\u00e9, notamment la sant\u00e9 f\u00e9minine\u00a0\u00bb, a-t-elle insist\u00e9, rappelant que l&rsquo;Allemagne luttait sans rel\u00e2che \u00ab\u00a0contre la violence bas\u00e9e sur le genre et la <a href=\"https:\/\/www.dw.com\/fr\/le-viol-une-arme-de-guerre-terrible-au-soudan\/a-71757446\" rel=\"nofollow noopener\" target=\"_blank\" data-ylk=\"slk:violence contre les femmes;elm:context_link;itc:0;sec:content-canvas\" class=\"link \">violence contre les femmes<\/a>\u00ab\u00a0.<\/p>\n<p class=\"mb-4 text-lg md:leading-8 break-words\">Cette visite de Serap G\u00fcler au Tchad symbolise la cordialit\u00e9 des relations entre les deux pays, un temps tendues. L&rsquo;Allemagne souhaite d\u00e9sormais ne pas r\u00e9duire la coop\u00e9ration au champ humanitaire, mais aussi s\u00e9curitaire, consciente du r\u00f4le \u00ab\u00a0particulier\u00a0\u00bb que joue le Tchad dans la sous-r\u00e9gion.<\/p>\n","protected":false},"excerpt":{"rendered":"Serap G\u00fcler dit avoir constat\u00e9 les d\u00e9fis consid\u00e9rables auxquels font face les agences humanitaires et le gouvernement tchadien&hellip;\n","protected":false},"author":2,"featured_media":485040,"comment_status":"","ping_status":"","sticky":false,"template":"","format":"standard","meta":{"footnotes":""},"categories":[1587],"tags":[11,260,672,1804,1805,1803,1777,674,1801,60826,60825,12,60827,1802,10491],"class_list":{"0":"post-485039","1":"post","2":"type-post","3":"status-publish","4":"format-standard","5":"has-post-thumbnail","7":"category-allemagne","8":"tag-actualites","9":"tag-affaires-etrangeres","10":"tag-allemagne","11":"tag-bundesrepublik-deutschland","12":"tag-de","13":"tag-deutschland","14":"tag-eu","15":"tag-europe","16":"tag-germany","17":"tag-guerre-au-soudan","18":"tag-guler","19":"tag-news","20":"tag-organisations-internationales","21":"tag-republique-federale-dallemagne","22":"tag-tchad"},"share_on_mastodon":{"url":"https:\/\/pubeurope.com\/@fr\/115425081916455202","error":""},"_links":{"self":[{"href":"https:\/\/www.europesays.com\/fr\/wp-json\/wp\/v2\/posts\/485039","targetHints":{"allow":["GET"]}}],"collection":[{"href":"https:\/\/www.europesays.com\/fr\/wp-json\/wp\/v2\/posts"}],"about":[{"href":"https:\/\/www.europesays.com\/fr\/wp-json\/wp\/v2\/types\/post"}],"author":[{"embeddable":true,"href":"https:\/\/www.europesays.com\/fr\/wp-json\/wp\/v2\/users\/2"}],"replies":[{"embeddable":true,"href":"https:\/\/www.europesays.com\/fr\/wp-json\/wp\/v2\/comments?post=485039"}],"version-history":[{"count":0,"href":"https:\/\/www.europesays.com\/fr\/wp-json\/wp\/v2\/posts\/485039\/revisions"}],"wp:featuredmedia":[{"embeddable":true,"href":"https:\/\/www.europesays.com\/fr\/wp-json\/wp\/v2\/media\/485040"}],"wp:attachment":[{"href":"https:\/\/www.europesays.com\/fr\/wp-json\/wp\/v2\/media?parent=485039"}],"wp:term":[{"taxonomy":"category","embeddable":true,"href":"https:\/\/www.europesays.com\/fr\/wp-json\/wp\/v2\/categories?post=485039"},{"taxonomy":"post_tag","embeddable":true,"href":"https:\/\/www.europesays.com\/fr\/wp-json\/wp\/v2\/tags?post=485039"}],"curies":[{"name":"wp","href":"https:\/\/api.w.org\/{rel}","templated":true}]}}