{"id":485043,"date":"2025-10-23T19:16:29","date_gmt":"2025-10-23T19:16:29","guid":{"rendered":"https:\/\/www.europesays.com\/fr\/485043\/"},"modified":"2025-10-23T19:16:29","modified_gmt":"2025-10-23T19:16:29","slug":"pourquoi-la-suisse-na-t-elle-jamais-rejoint-lunion-europeenne","status":"publish","type":"post","link":"https:\/\/www.europesays.com\/fr\/485043\/","title":{"rendered":"Pourquoi la Suisse n\u2019a-t-elle jamais rejoint l\u2019Union europ\u00e9enne ?"},"content":{"rendered":"<p>Cr\u00e9\u00e9e en 1848, la Suisse r\u00e9unit vingt-six cantons dot\u00e9s d\u2019une grande autonomie, pour pr\u00e8s de 9 millions d\u2019habitants, vivant avec 4 langues nationales. Son syst\u00e8me politique repose sur un f\u00e9d\u00e9ralisme prononc\u00e9, un gouvernement coll\u00e9gial, et l\u2019usage r\u00e9gulier du r\u00e9f\u00e9rendum, qui donne aux citoyens un droit de veto l\u00e9gislatif pour le moins original. Pays neutre depuis le congr\u00e8s de Vienne, elle n\u2019appartient ni \u00e0 l\u2019OTAN ni \u00e0 l\u2019Espace \u00e9conomique europ\u00e9en, mais elle affiche l\u2019un des PIB par habitant les plus \u00e9lev\u00e9s de la plan\u00e8te gr\u00e2ce \u00e0 une sp\u00e9cialisation dans la finance, l\u2019horlogerie, la pharmaceutique et les technologies de pointe. Et cette identit\u00e9 institutionnelle et \u00e9conomique influence fortement son rapport aux organisations supranationales&#8230;<\/p>\n<p>La Suisse fait-elle partie de l\u2019Europe et de l\u2019espace Schengen ?<\/p>\n<p>G\u00e9ographiquement et culturellement, la Suisse est pleinement europ\u00e9enne : environ 60 % de ses \u00e9changes ext\u00e9rieurs sont r\u00e9alis\u00e9s avec les <a href=\"https:\/\/www.caminteresse.fr\/culture\/pourquoi-certains-pays-europeens-n-utilisent-pas-l-euro-11201842\/\" target=\"_blank\" rel=\"noopener\">\u00c9tats membres de l\u2019UE<\/a>, et des milliers de frontaliers traversent chaque jour ses fronti\u00e8res. Sur le plan juridique, elle appartient \u00e0 l\u2019Association europ\u00e9enne de libre-\u00e9change (AELE) depuis 1960, et elle participe \u00e0 l\u2019espace Schengen, qui a vocation \u00e0 faciliter la libre circulation des personnes, depuis 2008. En revanche, elle n\u2019appartient ni \u00e0 l\u2019Union douani\u00e8re ni au march\u00e9 int\u00e9rieur au sens strict : les relations commerciales et r\u00e9glementaires sont r\u00e9gies par plus de 100 accords bilat\u00e9raux n\u00e9goci\u00e9s au cas par cas, ce qui cr\u00e9e un cadre certes complexe, mais adapt\u00e9 \u00e0 ses sp\u00e9cificit\u00e9s nationales.<\/p>\n<p>Alors, pourquoi la Suisse ne fait-elle pas partie de l\u2019Union europ\u00e9enne ?<\/p>\n<p>Plusieurs raisons expliquent cela. En premier lieu, la neutralit\u00e9 militaire traditionnelle pousse les autorit\u00e9s \u00e0 maintenir une distance vis-\u00e0-vis des blocs politiques. Par ailleurs, le principe de souverainet\u00e9 populaire est central : lors du r\u00e9f\u00e9rendum de 1992, 50,3 % des votants ont rejet\u00e9 l\u2019adh\u00e9sion \u00e0 l\u2019Espace \u00e9conomique europ\u00e9en&#8230; La <a href=\"https:\/\/www.caminteresse.fr\/societe\/impots-2025-quels-sont-les-frais-reels-deductibles-des-impots-11194734\/\" target=\"_blank\" rel=\"noopener\">fiscalit\u00e9 attractive<\/a> et la politique de concurrence r\u00e9glementaire sont \u00e9galement jug\u00e9es plus faciles \u00e0 pr\u00e9server hors de l\u2019UE. Enfin, le gouvernement f\u00e9d\u00e9ral redoute de devoir harmoniser des champs sensibles comme l\u2019agriculture, les services financiers ou la politique migratoire. R\u00e9sultat : la fameuse \u00ab\u00a0voie bilat\u00e9rale\u00a0\u00bb est devenue la formule pr\u00e9f\u00e9r\u00e9e.<\/p>\n<p>Pourquoi les Suisses n\u2019utilisent-ils pas l\u2019euro ?<\/p>\n<p>Le franc suisse (CHF) reste un symbole de l\u2019ind\u00e9pendance \u00e9conomique suisse. G\u00e9r\u00e9 par la <a href=\"https:\/\/www.caminteresse.fr\/societe\/comment-ca-marche-une-banque-114899\/\" target=\"_blank\" rel=\"noopener\">Banque Nationale suisse<\/a>, il permet au pays de d\u00e9finir sa politique mon\u00e9taire sans \u00eatre li\u00e9 aux d\u00e9cisions de la Banque centrale europ\u00e9enne. Cette autonomie est jug\u00e9e indispensable pour stabiliser une monnaie refuge souvent sollicit\u00e9e en p\u00e9riode de crise. Dans les faits, les commerces proches des fronti\u00e8res acceptent fr\u00e9quemment l\u2019euro, mais la parit\u00e9 est moins avantageuse que dans un pays membre. Ainsi, le maintien du franc suisse montre bien la volont\u00e9 helv\u00e8te de conserver ces leviers strat\u00e9giques, tout en restant un partenaire \u00e9conomique incontournable de l\u2019Union europ\u00e9enne.<\/p>\n<p>\u00c7a peut aussi vous int\u00e9resser :<\/p>\n","protected":false},"excerpt":{"rendered":"Cr\u00e9\u00e9e en 1848, la Suisse r\u00e9unit vingt-six cantons dot\u00e9s d\u2019une grande autonomie, pour pr\u00e8s de 9 millions d\u2019habitants,&hellip;\n","protected":false},"author":2,"featured_media":485044,"comment_status":"","ping_status":"","sticky":false,"template":"","format":"standard","meta":{"footnotes":""},"categories":[1586],"tags":[11,7663,1777,450,674,1779,1011,27,12,25,1778,364,2475],"class_list":{"0":"post-485043","1":"post","2":"type-post","3":"status-publish","4":"format-standard","5":"has-post-thumbnail","7":"category-europe","8":"tag-actualites","9":"tag-commission-europu00e9enne","10":"tag-eu","11":"tag-euro","12":"tag-europe","13":"tag-european-union","14":"tag-fr","15":"tag-france","16":"tag-news","17":"tag-republique-francaise","18":"tag-ue","19":"tag-union-europeenne","20":"tag-union-europu00e9enne"},"share_on_mastodon":{"url":"https:\/\/pubeurope.com\/@fr\/115425088962579132","error":""},"_links":{"self":[{"href":"https:\/\/www.europesays.com\/fr\/wp-json\/wp\/v2\/posts\/485043","targetHints":{"allow":["GET"]}}],"collection":[{"href":"https:\/\/www.europesays.com\/fr\/wp-json\/wp\/v2\/posts"}],"about":[{"href":"https:\/\/www.europesays.com\/fr\/wp-json\/wp\/v2\/types\/post"}],"author":[{"embeddable":true,"href":"https:\/\/www.europesays.com\/fr\/wp-json\/wp\/v2\/users\/2"}],"replies":[{"embeddable":true,"href":"https:\/\/www.europesays.com\/fr\/wp-json\/wp\/v2\/comments?post=485043"}],"version-history":[{"count":0,"href":"https:\/\/www.europesays.com\/fr\/wp-json\/wp\/v2\/posts\/485043\/revisions"}],"wp:featuredmedia":[{"embeddable":true,"href":"https:\/\/www.europesays.com\/fr\/wp-json\/wp\/v2\/media\/485044"}],"wp:attachment":[{"href":"https:\/\/www.europesays.com\/fr\/wp-json\/wp\/v2\/media?parent=485043"}],"wp:term":[{"taxonomy":"category","embeddable":true,"href":"https:\/\/www.europesays.com\/fr\/wp-json\/wp\/v2\/categories?post=485043"},{"taxonomy":"post_tag","embeddable":true,"href":"https:\/\/www.europesays.com\/fr\/wp-json\/wp\/v2\/tags?post=485043"}],"curies":[{"name":"wp","href":"https:\/\/api.w.org\/{rel}","templated":true}]}}