{"id":485054,"date":"2025-10-23T19:25:11","date_gmt":"2025-10-23T19:25:11","guid":{"rendered":"https:\/\/www.europesays.com\/fr\/485054\/"},"modified":"2025-10-23T19:25:11","modified_gmt":"2025-10-23T19:25:11","slug":"marc-marquez-fallt-fur-den-rest-der-saison-aus","status":"publish","type":"post","link":"https:\/\/www.europesays.com\/fr\/485054\/","title":{"rendered":"Marc M\u00e1rquez f\u00e4llt f\u00fcr den Rest der Saison aus!"},"content":{"rendered":"<p>R\u00fcckblickend muss Marc M\u00e1rquez sich sehr gl\u00fccklich sch\u00e4tzen, seinen Weltmeistertitel in Motegi (Japan) gewonnen zu haben, als er bei dem japanischen Rennen hinter seinem Teamkollegen Pecco Bagnaia den zweiten Platz belegte.<\/p>\n<p>Denn schon beim n\u00e4chsten Rennen in Indonesien schied der mittlerweile siebenfache Weltmeister der K\u00f6nigsklasse zu Beginn des Grand Prix aus, nachdem ihn Marco Bezzecchi getroffen hatte. Die Folge: ein gebrochener Rabenschnabelknochen und eine B\u00e4nderverletzung, die ihn vier Wochen lang bewegungsunf\u00e4hig machen, bevor er mit der Rehabilitation beginnen kann. Es ist daher unwahrscheinlich, dass er vor dem GP von Valencia, dem letzten Rennen des Jahres am 16. November, oder den am 18. November auf der andalusischen Strecke geplanten Tests wieder auf der Strecke sein wird.<\/p>\n<p>\u201eSeit wir von der Verletzungsdiagnose erfahren haben, wussten wir, dass die Chancen, Marc beim Grand Prix und den Tests in Valencia dabei zu haben, sehr gering waren\u201c, sagte Gigi Dall&rsquo;Igna, CEO von Ducati. \u201eEs ist schade, denn es ist uns sehr wichtig, ihn auf der Strecke zu haben, aber wir wissen genau, dass die Priorit\u00e4t darauf liegt, sich zu erholen und f\u00fcr die n\u00e4chste Saison wieder 100 % fit zu sein. Wir unterst\u00fctzen diese Entscheidung voll und ganz und sind \u00fcberzeugt, dass es f\u00fcr alle das Beste ist, keine weiteren Risiken einzugehen. Wir w\u00fcnschen ihm eine schnelle Genesung und hoffen, ihn bald wieder bei uns zu sehen.\u201c<\/p>\n<p>\u201eNach Analyse der gesamten Situation glauben wir, dass die angemessenste, wohl\u00fcberlegteste und konsequenteste Entscheidung darin besteht, die biologische Heilungszeit der Verletzung zu respektieren, auch wenn dies bedeutet, dass ich in dieser Saison nicht mehr Rennen fahren oder an den Testsessions teilnehmen kann\u201c, verk\u00fcndete Marc M\u00e1rquez. \u201eWir wissen, dass uns ein schwieriger Winter erwartet, mit viel Arbeit, um meine gesamte Muskelkraft wiederzuerlangen und f\u00fcr 2026 bereit zu sein. Dies darf uns nicht das gro\u00dfe Ziel \u00fcberschatten oder vergessen lassen, das wir in diesem Jahr erreicht haben: wieder Weltmeister zu werden, und bald werden wir es alle gemeinsam feiern. Vielen Dank an alle Fans f\u00fcr ihre freundlichen Nachrichten, an Ducati und alle Sponsoren f\u00fcr ihre Unterst\u00fctzung und ihr Verst\u00e4ndnis.\u201c<\/p>\n<p class=\"gt-block\"><strong>Weitere Informationen folgen\u2026<\/strong><\/p>\n<p>Wenn Sie<\/p>\n","protected":false},"excerpt":{"rendered":"R\u00fcckblickend muss Marc M\u00e1rquez sich sehr gl\u00fccklich sch\u00e4tzen, seinen Weltmeistertitel in Motegi (Japan) gewonnen zu haben, als er&hellip;\n","protected":false},"author":2,"featured_media":485055,"comment_status":"","ping_status":"","sticky":false,"template":"","format":"standard","meta":{"footnotes":""},"categories":[1413],"tags":[1011,27,1457,1456,60],"class_list":{"0":"post-485054","1":"post","2":"type-post","3":"status-publish","4":"format-standard","5":"has-post-thumbnail","7":"category-moto","8":"tag-fr","9":"tag-france","10":"tag-moto","11":"tag-motocycle","12":"tag-sports"},"share_on_mastodon":{"url":"https:\/\/pubeurope.com\/@fr\/115425124355808238","error":""},"_links":{"self":[{"href":"https:\/\/www.europesays.com\/fr\/wp-json\/wp\/v2\/posts\/485054","targetHints":{"allow":["GET"]}}],"collection":[{"href":"https:\/\/www.europesays.com\/fr\/wp-json\/wp\/v2\/posts"}],"about":[{"href":"https:\/\/www.europesays.com\/fr\/wp-json\/wp\/v2\/types\/post"}],"author":[{"embeddable":true,"href":"https:\/\/www.europesays.com\/fr\/wp-json\/wp\/v2\/users\/2"}],"replies":[{"embeddable":true,"href":"https:\/\/www.europesays.com\/fr\/wp-json\/wp\/v2\/comments?post=485054"}],"version-history":[{"count":0,"href":"https:\/\/www.europesays.com\/fr\/wp-json\/wp\/v2\/posts\/485054\/revisions"}],"wp:featuredmedia":[{"embeddable":true,"href":"https:\/\/www.europesays.com\/fr\/wp-json\/wp\/v2\/media\/485055"}],"wp:attachment":[{"href":"https:\/\/www.europesays.com\/fr\/wp-json\/wp\/v2\/media?parent=485054"}],"wp:term":[{"taxonomy":"category","embeddable":true,"href":"https:\/\/www.europesays.com\/fr\/wp-json\/wp\/v2\/categories?post=485054"},{"taxonomy":"post_tag","embeddable":true,"href":"https:\/\/www.europesays.com\/fr\/wp-json\/wp\/v2\/tags?post=485054"}],"curies":[{"name":"wp","href":"https:\/\/api.w.org\/{rel}","templated":true}]}}