{"id":485062,"date":"2025-10-23T19:29:17","date_gmt":"2025-10-23T19:29:17","guid":{"rendered":"https:\/\/www.europesays.com\/fr\/485062\/"},"modified":"2025-10-23T19:29:17","modified_gmt":"2025-10-23T19:29:17","slug":"ce-caprice-royal-fait-grincer-des-dents-je-devais-le-faire","status":"publish","type":"post","link":"https:\/\/www.europesays.com\/fr\/485062\/","title":{"rendered":"ce \u00ab\u00a0caprice\u00a0\u00bb royal fait grincer des dents, \u00ab\u00a0Je devais le faire\u00a0\u00bb"},"content":{"rendered":"<p>Les premi\u00e8res semaines d\u2019octobre ont \u00e9t\u00e9 un v\u00e9ritable marathon<br \/>\nm\u00e9diatique. Au c\u0153ur de ce tourbillon, <strong>Meghan Markle a<br \/>\nencha\u00een\u00e9 les apparitions<\/strong> qui ont fait r\u00e9agir. Comme le<br \/>\nrapporte le magazine <a href=\"https:\/\/www.gala.fr\/royautes\/meghan-markle-ce-voyage-surprise-qui-passe-mal-20251022\" target=\"_blank\" rel=\"nofollow noopener\">Gala<\/a>, la<br \/>\nduchesse de Sussex a d\u2019abord cr\u00e9\u00e9 la surprise \u00e0 Paris avant de<br \/>\ntraverser l\u2019Atlantique pour New York.<\/p>\n<p>Entre les deux, <strong>un d\u00e9tour express par Los Angeles a<br \/>\naliment\u00e9 les critiques<\/strong>. Face aux commentaires, Meghan<br \/>\nMarkle assume sa d\u00e9cision et explique son choix de m\u00e8re.<br \/>\nL\u2019int\u00e9ress\u00e9e livre m\u00eame des mots qui r\u00e9sument son \u00e9tat<br \/>\nd\u2019esprit.<\/p>\n<p>\u00c0 Paris, Meghan Markle cr\u00e9e la surprise avant un d\u00e9tour<br \/>\ninattendu<\/p>\n<p>Le 4 octobre 2025, en pleine Fashion Week de Paris,<br \/>\nMeghan Markle fait une apparition surprise au d\u00e9fil\u00e9 Balenciaga.<br \/>\nElle vient alors soutenir Pierpaolo Piccioli, directeur artistique<br \/>\nde la maison et ami de longue date. Apr\u00e8s un d\u00eener discret dans un<br \/>\npetit restaurant parisien, elle s\u2019\u00e9clipse rapidement. Sa pr\u00e9sence,<br \/>\ninattendue, est <strong>pens\u00e9e pour marquer les esprits sans<br \/>\ns\u2019\u00e9terniser<\/strong>. Car Paris n\u2019est qu\u2019une \u00e9tape de son agenda<br \/>\nd\u00e9j\u00e0 bien rempli.<\/p>\n<p>Pour autant, la suite du programme ne m\u00e8ne pas directement \u00e0 New<br \/>\nYork o\u00f9 elle doit rejoindre le prince Harry pour le gala du<br \/>\nProject Healthy Minds World Mental Health Day. Ce dernier<br \/>\nest fix\u00e9 au 9 octobre aux Spring Studios. Mais avant, Meghan Markle<br \/>\nchoisit de repartir vers Los Angeles. Et, <strong>ce \u00ab<br \/>\npetit \u00bb d\u00e9tour n\u2019est pas anodin<\/strong> : elle veut<br \/>\npasser du temps avec Archie (6 ans) et Lilibet (4 ans). Ce<br \/>\n\u201ccrochet\u201d de 12 800 km surprend autant qu\u2019il divise et<br \/>\ndeviendra le c\u0153ur de la pol\u00e9mique.<\/p>\n<p><img loading=\"lazy\" decoding=\"async\" aria-describedby=\"caption-attachment-1211129\" itemprop=\"thumbnailUrl\" class=\"size-full wp-image-1211129 img-responsive\" src=\"https:\/\/www.europesays.com\/fr\/wp-content\/uploads\/2025\/10\/1-34.jpg\" alt=\"&lt;p&gt;Meghan Markle&lt;\/p&gt;\" width=\"1500\" height=\"844\"\/> \u00a9 Shutterstock<\/p>\n<p id=\"caption-attachment-1211129\" class=\"wp-caption-text\">Meghan<br \/>\nMarkle alimente la pol\u00e9mique avec ses d\u00e9placements.<\/p>\n<p>Le crochet de Meghan Markle par Los Angeles fait pol\u00e9mique<\/p>\n<p>Interrog\u00e9e par une journaliste du magazine Fortune sur<br \/>\nla raison de ce trajet suppl\u00e9mentaire, <a href=\"https:\/\/www.mariefrance.fr\/news-people\/mari-moi-conclu-accord-meghan-markle-livre-enfin-toute-verite-rumeur-enflamme-toile-1212690.html\" target=\"_blank\" rel=\"noopener\">Meghan Markle r\u00e9pond<\/a> simplement<br \/>\n: \u00ab Je devais le faire \u00bb. Elle pr\u00e9cise : \u00ab J\u2019avais<br \/>\nbesoin de voir mes b\u00e9b\u00e9s. Je suis donc retourn\u00e9e en Californie pour<br \/>\nune journ\u00e9e. \u00bb Des mots simples qui expliquent clairement<br \/>\n<strong>la raison intime de sa d\u00e9cision<\/strong>. Pour la duchesse,<br \/>\nl\u2019imp\u00e9ratif familial prime sur la logistique et sur l\u2019image, quitte<br \/>\n\u00e0 surprendre.<\/p>\n<p>Ces allers-retours resserr\u00e9s ne sont toutefois \u00ab pas au go\u00fbt<br \/>\nde tout le monde \u00bb. En effet, certains observateurs estiment<br \/>\nque <strong>la succession de vols alimente l\u2019id\u00e9e d\u2019un \u00ab<br \/>\ncaprice \u00bb<\/strong>. D\u2019autres y voient un choix de m\u00e8re, assum\u00e9<br \/>\npubliquement par Meghan Markle. Dans tous les cas, le timing, la<br \/>\ndistance et la rapidit\u00e9 de l\u2019escale californienne participent au<br \/>\nr\u00e9cit d\u2019un automne sous haute exposition.<\/p>\n<p><img loading=\"lazy\" decoding=\"async\" aria-describedby=\"caption-attachment-1213094\" class=\"size-full wp-image-1213094 img-responsive\" src=\"https:\/\/www.europesays.com\/fr\/wp-content\/uploads\/2025\/10\/meghan-markle-1.jpg\" alt=\"meghan Markle\" width=\"1280\" height=\"720\"\/> \u00a9<br \/>\nShutterstock<\/p>\n<p id=\"caption-attachment-1213094\" class=\"wp-caption-text\">Meghan<br \/>\nMarkle voulait juste voir ses enfants le temps d\u00a0\u00bbune journ\u00e9e.<\/p>\n<p>Meghan Markle et les coulisses d\u2019une<br \/>\ninvitation<\/p>\n<p>Reste <strong>la question de sa pr\u00e9sence au d\u00e9fil\u00e9<br \/>\nBalenciaga<\/strong>, qui a fait parler, au-del\u00e0 de <a href=\"https:\/\/www.mariefrance.fr\/news-people\/meghan-markle-irrespectueuse-insensible-geste-totalement-deconnecte-egocentrique-scandale-idiotie-1214327.html\" target=\"_blank\" rel=\"noopener\">son post pol\u00e9mique sur<br \/>\nInstagram<\/a>. Car, Pierpaolo Piccioli confie \u00e0 The Cut :<br \/>\n\u00ab Meghan et moi nous sommes rencontr\u00e9s il y a quelques ann\u00e9es,<br \/>\net nous avons continu\u00e9 \u00e0 \u00e9changer des SMS depuis. Elle m\u2019a contact\u00e9<br \/>\net m\u2019a dit qu\u2019elle adorerait venir au d\u00e9fil\u00e9 \u00bb. Le cr\u00e9ateur<br \/>\najoute : \u00ab Il n\u2019y avait aucune strat\u00e9gie ni grande mise en<br \/>\nsc\u00e8ne. Je n\u2019ai dit \u00e0 personne qu\u2019elle venait. Car je voulais que<br \/>\ncela reste une surprise. Dans le monde de la mode, les vraies<br \/>\nsurprises sont rares, et celle-ci \u00e9tait magnifique \u00bb. Ces<br \/>\npropos replacent la soir\u00e9e dans un cadre amical et spontan\u00e9.<\/p>\n<blockquote class=\"twitter-tweet\"><p><a class=\"twitter-link\" rel=\"noindex, nofollow noopener\" href=\"https:\/\/twitter.com\/mariefrancemag\/status\/1979151622522458538\" target=\"_blank\"><\/p><\/blockquote>\n<p>Au final, Gala dresse le portrait d\u2019une s\u00e9quence<br \/>\nintense o\u00f9 Meghan Markle suit sa boussole personnelle. Venir \u00e0<br \/>\nParis, voir ses enfants \u00e0 Los Angeles, puis rejoindre son mari \u00e0<br \/>\nNew York. Les critiques existent, mais ses explications aussi. Et<br \/>\nelles ont \u00e9t\u00e9 livr\u00e9es sans fard. Ainsi, <strong>Meghan Markle<br \/>\nrevendique un choix prioritaire de m\u00e8re<\/strong> au milieu d\u2019un<br \/>\nagenda serr\u00e9. Et, elle accepte, avec lui, le bruit qui<br \/>\nl\u2019accompagne.<\/p>\n<p><script async src=\"https:\/\/platform.twitter.com\/widgets.js\" charset=\"utf-8\"><\/script><\/p>\n","protected":false},"excerpt":{"rendered":"Les premi\u00e8res semaines d\u2019octobre ont \u00e9t\u00e9 un v\u00e9ritable marathon m\u00e9diatique. Au c\u0153ur de ce tourbillon, Meghan Markle a&hellip;\n","protected":false},"author":2,"featured_media":485063,"comment_status":"","ping_status":"","sticky":false,"template":"","format":"standard","meta":{"footnotes":""},"categories":[1359],"tags":[58,59,1011,27,908,973],"class_list":{"0":"post-485062","1":"post","2":"type-post","3":"status-publish","4":"format-standard","5":"has-post-thumbnail","7":"category-people","8":"tag-divertissement","9":"tag-entertainment","10":"tag-fr","11":"tag-france","12":"tag-meghan-markle","13":"tag-people"},"share_on_mastodon":{"url":"https:\/\/pubeurope.com\/@fr\/115425140909813227","error":""},"_links":{"self":[{"href":"https:\/\/www.europesays.com\/fr\/wp-json\/wp\/v2\/posts\/485062","targetHints":{"allow":["GET"]}}],"collection":[{"href":"https:\/\/www.europesays.com\/fr\/wp-json\/wp\/v2\/posts"}],"about":[{"href":"https:\/\/www.europesays.com\/fr\/wp-json\/wp\/v2\/types\/post"}],"author":[{"embeddable":true,"href":"https:\/\/www.europesays.com\/fr\/wp-json\/wp\/v2\/users\/2"}],"replies":[{"embeddable":true,"href":"https:\/\/www.europesays.com\/fr\/wp-json\/wp\/v2\/comments?post=485062"}],"version-history":[{"count":0,"href":"https:\/\/www.europesays.com\/fr\/wp-json\/wp\/v2\/posts\/485062\/revisions"}],"wp:featuredmedia":[{"embeddable":true,"href":"https:\/\/www.europesays.com\/fr\/wp-json\/wp\/v2\/media\/485063"}],"wp:attachment":[{"href":"https:\/\/www.europesays.com\/fr\/wp-json\/wp\/v2\/media?parent=485062"}],"wp:term":[{"taxonomy":"category","embeddable":true,"href":"https:\/\/www.europesays.com\/fr\/wp-json\/wp\/v2\/categories?post=485062"},{"taxonomy":"post_tag","embeddable":true,"href":"https:\/\/www.europesays.com\/fr\/wp-json\/wp\/v2\/tags?post=485062"}],"curies":[{"name":"wp","href":"https:\/\/api.w.org\/{rel}","templated":true}]}}