{"id":485068,"date":"2025-10-23T19:32:12","date_gmt":"2025-10-23T19:32:12","guid":{"rendered":"https:\/\/www.europesays.com\/fr\/485068\/"},"modified":"2025-10-23T19:32:12","modified_gmt":"2025-10-23T19:32:12","slug":"tf1-annule-officiellement-lune-de-ses-series-quotidiennes","status":"publish","type":"post","link":"https:\/\/www.europesays.com\/fr\/485068\/","title":{"rendered":"TF1 annule officiellement l&rsquo;une de ses s\u00e9ries quotidiennes"},"content":{"rendered":"<p class=\"mb-4 text-lg md:leading-8 break-words\">Quelques semaines apr\u00e8s voir vu M6 arr\u00eater les frais avec Nouveau Jour, sa nouvelle s\u00e9rie qui n&rsquo;a jamais r\u00e9ussi \u00e0 rencontrer son public cet \u00e9t\u00e9, c&rsquo;est au tour de TF1 d&rsquo;annuler l&rsquo;un de ses feuilletons quotidiens.<\/p>\n<p class=\"mb-4 text-lg md:leading-8 break-words\">Une d\u00e9cision particuli\u00e8rement frustrante pour les t\u00e9l\u00e9spectateurs, qui n&rsquo;auront donc jamais le droit \u00e0 une v\u00e9ritable fin.<\/p>\n<p>Apr\u00e8s 90 \u00e9pisodes, Tout pour la lumi\u00e8re est annul\u00e9e<\/p>\n<p class=\"mb-4 text-lg md:leading-8 break-words\">Le 17 octobre 2025, TF1 diffusait en effet l&rsquo;\u00e9pisode 90 de <strong>Tout pour la lumi\u00e8re<\/strong>, sa s\u00e9rie musicale. Or, comme on pouvait le d\u00e9couvrir \u00e0 l&rsquo;\u00e9cran, cette fin de saison 1 se terminait brutalement avec l&rsquo;agression (mortelle ?) de Swann. Est-il vraiment mort ? Qui est l&rsquo;agresseur ? Et pourquoi ? Tant de questions qui resteront donc sans r\u00e9ponses.<\/p>\n<p class=\"mb-4 text-lg md:leading-8 break-words\">Selon les informations exclusives de nos confr\u00e8res de Purem\u00e9dias, TF1 et Netflix auraient annonc\u00e9 ce jeudi 23 octobre 2025 l&rsquo;annulation de Tout pour la lumi\u00e8re aux \u00e9quipes concern\u00e9es. En cause ? Rien \u00e0 voir avec les histoires, simplement, la fiction n&rsquo;aurait pas atteint ses objectifs, <strong>la faute \u00e0 des audiences jug\u00e9es \u00ab\u00a0<\/strong><strong>correctes<\/strong><strong>\u00ab\u00a0<\/strong> mais qui n&rsquo;ont \u00ab\u00a0jamais fait d&rsquo;\u00e9tincelles\u00a0\u00bb.<\/p>\n<p class=\"mb-4 text-lg md:leading-8 break-words\">Or, \u00e0 en croire Purem\u00e9dias, entre \u00ab\u00a0<strong>la conjoncture \u00e9conomique actuelle<\/strong>\u00a0\u00bb avec des co\u00fbts de production plus \u00e9lev\u00e9s qu&rsquo;un tournage de Familles nombreuses par exemple et \u00ab\u00a0<strong>des probl\u00e9matiques de programmation<\/strong>\u00ab\u00a0&#8230;<\/p>\n<p class=\"mb-4 text-lg md:leading-8 break-words\"><a data-i13n=\"cpos:1;pos:1\" href=\"https:\/\/www.purebreak.com\/news\/tf1-annule-officiellement-lune-de-ses-series-quotidiennes\/254984\" rel=\"nofollow noopener\" target=\"_blank\" data-ylk=\"slk:Lire la suite;cpos:1;pos:1;elm:context_link;itc:0;sec:content-canvas\" class=\"link \">Lire la suite<\/a><\/p>\n<p class=\"mb-4 text-lg md:leading-8 break-words\">\u00c0 lire aussi<\/p>\n<p class=\"mb-4 text-lg md:leading-8 break-words\"><a data-i13n=\"cpos:2;pos:1\" href=\"https:\/\/www.purebreak.com\/news\/apres-8-saisons-et-3-actrices-differentes-cette-serie-culte-de-tf1-est-officiellement-annulee\/254519\" rel=\"nofollow noopener\" target=\"_blank\" data-ylk=\"slk:Apr\u00e8s 8 saisons et 3 actrices diff\u00e9rentes, cette s\u00e9rie culte de TF1 est officiellement annul\u00e9e;cpos:2;pos:1;elm:context_link;itc:0;sec:content-canvas\" class=\"link \">Apr\u00e8s 8 saisons et 3 actrices diff\u00e9rentes, cette s\u00e9rie culte de TF1 est officiellement annul\u00e9e<\/a><br \/><a data-i13n=\"cpos:3;pos:1\" href=\"https:\/\/www.purebreak.com\/news\/la-saison-9-etait-ecrite-mais-tf1-annule-cette-serie-adoree-lequipe-est-degoutee-on-avait-trouve-un-super\/254720\" rel=\"nofollow noopener\" target=\"_blank\" data-ylk=\"slk:La saison 9 \u00e9tait \u00e9crite mais TF1 annule cette s\u00e9rie ador\u00e9e, l&#039;\u00e9quipe est d\u00e9go\u00fbt\u00e9e : &quot;On avait trouv\u00e9 un super...&quot;;cpos:3;pos:1;elm:context_link;itc:0;sec:content-canvas\" class=\"link \">La saison 9 \u00e9tait \u00e9crite mais TF1 annule cette s\u00e9rie ador\u00e9e, l&rsquo;\u00e9quipe est d\u00e9go\u00fbt\u00e9e : \u00ab\u00a0On avait trouv\u00e9 un super&#8230;\u00a0\u00bb<\/a><br \/><a data-i13n=\"cpos:4;pos:1\" href=\"https:\/\/www.purebreak.com\/news\/tout-pour-la-lumiere-trop-de-series-quotidiennes-a-la-tele-une-star-de-tf1-defend-le-genre-il-y-a-de-la-place-pour-tout-le-monde\/254058\" rel=\"nofollow noopener\" target=\"_blank\" data-ylk=\"slk:Tout pour la lumi\u00e8re : trop de s\u00e9ries quotidiennes \u00e0 la t\u00e9l\u00e9 ? Une star de TF1 d\u00e9fend le genre, &quot;Il y a de la place pour tout le monde&quot;;cpos:4;pos:1;elm:context_link;itc:0;sec:content-canvas\" class=\"link \">Tout pour la lumi\u00e8re : trop de s\u00e9ries quotidiennes \u00e0 la t\u00e9l\u00e9 ? Une star de TF1 d\u00e9fend le genre, \u00ab\u00a0Il y a de la place pour tout le monde\u00a0\u00bb<\/a><\/p>\n","protected":false},"excerpt":{"rendered":"Quelques semaines apr\u00e8s voir vu M6 arr\u00eater les frais avec Nouveau Jour, sa nouvelle s\u00e9rie qui n&rsquo;a jamais&hellip;\n","protected":false},"author":2,"featured_media":485069,"comment_status":"","ping_status":"","sticky":false,"template":"","format":"standard","meta":{"footnotes":""},"categories":[1356],"tags":[60829,58,59,1011,27,18930,252,199,1364],"class_list":{"0":"post-485068","1":"post","2":"type-post","3":"status-publish","4":"format-standard","5":"has-post-thumbnail","7":"category-television","8":"tag-couts-de-production","9":"tag-divertissement","10":"tag-entertainment","11":"tag-fr","12":"tag-france","13":"tag-la-lumiere","14":"tag-television","15":"tag-tf1","16":"tag-tv"},"share_on_mastodon":{"url":"https:\/\/pubeurope.com\/@fr\/115425151908563447","error":""},"_links":{"self":[{"href":"https:\/\/www.europesays.com\/fr\/wp-json\/wp\/v2\/posts\/485068","targetHints":{"allow":["GET"]}}],"collection":[{"href":"https:\/\/www.europesays.com\/fr\/wp-json\/wp\/v2\/posts"}],"about":[{"href":"https:\/\/www.europesays.com\/fr\/wp-json\/wp\/v2\/types\/post"}],"author":[{"embeddable":true,"href":"https:\/\/www.europesays.com\/fr\/wp-json\/wp\/v2\/users\/2"}],"replies":[{"embeddable":true,"href":"https:\/\/www.europesays.com\/fr\/wp-json\/wp\/v2\/comments?post=485068"}],"version-history":[{"count":0,"href":"https:\/\/www.europesays.com\/fr\/wp-json\/wp\/v2\/posts\/485068\/revisions"}],"wp:featuredmedia":[{"embeddable":true,"href":"https:\/\/www.europesays.com\/fr\/wp-json\/wp\/v2\/media\/485069"}],"wp:attachment":[{"href":"https:\/\/www.europesays.com\/fr\/wp-json\/wp\/v2\/media?parent=485068"}],"wp:term":[{"taxonomy":"category","embeddable":true,"href":"https:\/\/www.europesays.com\/fr\/wp-json\/wp\/v2\/categories?post=485068"},{"taxonomy":"post_tag","embeddable":true,"href":"https:\/\/www.europesays.com\/fr\/wp-json\/wp\/v2\/tags?post=485068"}],"curies":[{"name":"wp","href":"https:\/\/api.w.org\/{rel}","templated":true}]}}