{"id":485084,"date":"2025-10-23T19:41:12","date_gmt":"2025-10-23T19:41:12","guid":{"rendered":"https:\/\/www.europesays.com\/fr\/485084\/"},"modified":"2025-10-23T19:41:12","modified_gmt":"2025-10-23T19:41:12","slug":"le-rn-propose-36-milliards-deconomies-dans-son-contre-budget","status":"publish","type":"post","link":"https:\/\/www.europesays.com\/fr\/485084\/","title":{"rendered":"Le RN propose 36\u00a0milliards d\u2019\u00e9conomies dans son contre-budget"},"content":{"rendered":"<p>\n    <strong>D\u00c9CRYPTAGE &#8211;<\/strong> Le parti de Marine Le\u00a0Pen entend r\u00e9duire les d\u00e9penses publiques de 57\u00a0milliards d\u2019euros et les recettes de l\u2019\u00c9tat de 31\u00a0milliards d\u2019euros pour financer 45\u00a0milliards de baisses d\u2019imp\u00f4ts.<\/p>\n<p class=\"fig-paragraph\">Voil\u00e0 un exercice que\u00a0<a href=\"http:\/\/www.lefigaro.fr\/politique\/non-censure-de-sebastien-lecornu-l-echec-de-la-strategie-accelerationniste-de-marine-le-pen-20251016\" data-fig-type=\"Article\" data-gtm-custom-categorie=\"navigation\" data-gtm-custom-action=\"crossclick\" data-gtm-custom-label=\"Contextuel\" data-gtm-event=\"customEventSPE\" data-fig-domain=\"LEFIGARO\" target=\"_blank\" rel=\"noopener\">Marine Le\u00a0Pen<\/a>\u00a0prend tr\u00e8s \u00e0 c\u0153ur. Devant un parterre de journalistes, et quelques d\u00e9put\u00e9s du Rassemblement national (RN), la chef de file nationaliste \u00e0 l\u2019Assembl\u00e9e nationale a pr\u00e9sent\u00e9 ce jeudi, accompagn\u00e9e de son bras droit le d\u00e9put\u00e9 de la Somme\u00a0<a href=\"http:\/\/www.lefigaro.fr\/politique\/passe-d-armes-entre-sarah-knafo-et-jean-philippe-tanguy-sur-une-proposition-de-contre-budget-20251021\" data-fig-type=\"NewsFlash\" data-gtm-custom-categorie=\"navigation\" data-gtm-custom-action=\"crossclick\" data-gtm-custom-label=\"Contextuel\" data-gtm-event=\"customEventSPE\" data-fig-domain=\"LEFIGARO\" target=\"_blank\" rel=\"noopener\">Jean-Philippe Tanguy<\/a>, le \u00ab\u00a0contre-budget\u00a0\u00bb qu\u2019elle a concoct\u00e9 en r\u00e9ponse \u00e0 celui du gouvernement. \u00ab\u00a0Nous avons essay\u00e9 de le rendre le plus pr\u00e9cis possible. Nous n\u2019avons pas les services de Bercy et de ces 130\u00a0000\u00a0agents \u00e0 notre disposition. En tout cas, pas encore\u00a0\u00bb, fait valoir la d\u00e9put\u00e9e du Pas-de-Calais, r\u00e9pondant \u00e0 l\u2019avance \u00e0 de possibles critiques en impr\u00e9cision que pourraient formuler ses adversaires.<\/p>\n<p class=\"fig-paragraph\">L\u2019exercice se voulait aussi un pr\u00e9ambule \u00e0 la pens\u00e9e \u00e9conomique nationaliste et populiste du RN. \u00ab\u00a0Je me permets de vous rappeler qu\u2019un budget, c\u2019est la traduction financi\u00e8re de choix politiques. Ce n\u2019est pas un tableau Excel avec des plus et des moins, ce n\u2019est pas une succession de mesures. C\u2019est in fine, bien\u2026<\/p>\n<p class=\"fig-premium-paywall__infos\">\n        Cet article est r\u00e9serv\u00e9 aux abonn\u00e9s.        Il vous reste 80% \u00e0 d\u00e9couvrir.\n    <\/p>\n<p>                <img  data- alt=\"Le Figaro\" class=\"fig-img--complete fig-img\"\/><\/p>\n<p class=\"fig-premium-paywall__title\">Vous avez envie de lire la suite ?<\/p>\n<p class=\"fig-premium-paywall__subtitle\">D\u00e9bloquez tous les articles imm\u00e9diatement.<\/p>\n<p class=\"fig-premium-paywall__connect\">\n                D\u00e9j\u00e0 abonn\u00e9\u00a0?                <a class=\"fig-premium-paywall__connect-link\" href=\"https:\/\/connect.lefigaro.fr\/login?client=horizon_web&amp;type=main&amp;redirect_uri=https%3A%2F%2Fwww.lefigaro.fr%2Fpolitique%2Fle-rn-propose-36-milliards-d-economies-dans-son-contre-budget-20251023\" data-js-gtm=\"{&quot;customCategorie&quot;: &quot;conversion&quot;, &quot;customAction&quot;: &quot;before_Landing_Connexion_paywall_auto&quot;, &quot;customLabel&quot;: &quot;bGVmaWdhcm8uZnJfXzFmMGIwMDY2LTNjYmYtNjQxMC04MmI5LTAzZDhjOGVlOGNiOV9fQXJ0aWNsZQ==_Le RN propose 36\u00a0milliards d\u2019\u00e9conomies dans son contre-budget_311&quot;, &quot;customIDSPE&quot;: &quot;bGVmaWdhcm8uZnJfXzFmMGIwMDY2LTNjYmYtNjQxMC04MmI5LTAzZDhjOGVlOGNiOV9fQXJ0aWNsZQ==&quot;, &quot;event&quot;: &quot;customEventSPE&quot;}\" target=\"_blank\" rel=\"noopener\"><br \/>\n                    Connectez-vous<br \/>\n                <\/a>\n            <\/p>\n","protected":false},"excerpt":{"rendered":"D\u00c9CRYPTAGE &#8211; Le parti de Marine Le\u00a0Pen entend r\u00e9duire les d\u00e9penses publiques de 57\u00a0milliards d\u2019euros et les recettes&hellip;\n","protected":false},"author":2,"featured_media":485085,"comment_status":"","ping_status":"","sticky":false,"template":"","format":"standard","meta":{"footnotes":""},"categories":[4],"tags":[11,1003,1011,27,430,12,1078,25],"class_list":{"0":"post-485084","1":"post","2":"type-post","3":"status-publish","4":"format-standard","5":"has-post-thumbnail","7":"category-france","8":"tag-actualites","9":"tag-budget","10":"tag-fr","11":"tag-france","12":"tag-marine-le-pen","13":"tag-news","14":"tag-rassemblement-national","15":"tag-republique-francaise"},"share_on_mastodon":{"url":"https:\/\/pubeurope.com\/@fr\/115425187225680697","error":""},"_links":{"self":[{"href":"https:\/\/www.europesays.com\/fr\/wp-json\/wp\/v2\/posts\/485084","targetHints":{"allow":["GET"]}}],"collection":[{"href":"https:\/\/www.europesays.com\/fr\/wp-json\/wp\/v2\/posts"}],"about":[{"href":"https:\/\/www.europesays.com\/fr\/wp-json\/wp\/v2\/types\/post"}],"author":[{"embeddable":true,"href":"https:\/\/www.europesays.com\/fr\/wp-json\/wp\/v2\/users\/2"}],"replies":[{"embeddable":true,"href":"https:\/\/www.europesays.com\/fr\/wp-json\/wp\/v2\/comments?post=485084"}],"version-history":[{"count":0,"href":"https:\/\/www.europesays.com\/fr\/wp-json\/wp\/v2\/posts\/485084\/revisions"}],"wp:featuredmedia":[{"embeddable":true,"href":"https:\/\/www.europesays.com\/fr\/wp-json\/wp\/v2\/media\/485085"}],"wp:attachment":[{"href":"https:\/\/www.europesays.com\/fr\/wp-json\/wp\/v2\/media?parent=485084"}],"wp:term":[{"taxonomy":"category","embeddable":true,"href":"https:\/\/www.europesays.com\/fr\/wp-json\/wp\/v2\/categories?post=485084"},{"taxonomy":"post_tag","embeddable":true,"href":"https:\/\/www.europesays.com\/fr\/wp-json\/wp\/v2\/tags?post=485084"}],"curies":[{"name":"wp","href":"https:\/\/api.w.org\/{rel}","templated":true}]}}