{"id":485097,"date":"2025-10-23T19:50:38","date_gmt":"2025-10-23T19:50:38","guid":{"rendered":"https:\/\/www.europesays.com\/fr\/485097\/"},"modified":"2025-10-23T19:50:38","modified_gmt":"2025-10-23T19:50:38","slug":"les-super-heros-au-grand-coeur-ont-emerveille-les-enfants-hospitalises","status":"publish","type":"post","link":"https:\/\/www.europesays.com\/fr\/485097\/","title":{"rendered":"les Super-h\u00e9ros au grand coeur ont \u00e9merveill\u00e9 les enfants hospitalis\u00e9s"},"content":{"rendered":"<p>            Par<br \/>\n        <strong><br \/>\n            <a href=\"https:\/\/actu.fr\/auteur\/jm-aubert\" title=\"Consulter tous les articles de Jean-Marc Aubert\" target=\"_blank\" rel=\"noopener\">Jean-Marc Aubert<\/a><br \/>\n        <\/strong><\/p>\n<p>        Publi\u00e9 le<\/p>\n<p>            23 oct. 2025 \u00e0 17h08        <\/p>\n<p><strong>Une animation magnifique<\/strong> et inoubliable pour <strong>les enfants hospitalis\u00e9s<\/strong> dans les services p\u00e9diatriques de l\u2019h\u00f4pital Arnaud-de-Villeneuve, sur le site du <strong>CHU de Montpellier<\/strong>, sur la route de Ganges. Ce mercredi 22 octobre 2025 apr\u00e8s-midi, les <strong>Super-h\u00e9ros au grand coeur<\/strong> ont offert un spectacle in\u00e9dit \u00e0 ces jeunes patients et \u00e0 leur famille, ponctu\u00e9 par la remise de nombreux jouets.<\/p>\n<p>    <img   decoding=\"async\" loading=\"lazy\" src=\"https:\/\/www.europesays.com\/fr\/wp-content\/uploads\/2025\/10\/0-122-960x640.jpeg\" alt=\"Des super h\u00e9ros au chevet des enfants hospitalis\u00e9s ravis\" width=\"960\" height=\"640\"\/><br \/>\n    Des super-h\u00e9ros au chevet des enfants hospitalis\u00e9s ravis (\u00a9JMA \/ M\u00e9tropolitain)<\/p>\n<p class=\" wall-content\">L\u2019arriv\u00e9e vrombissante des Super-h\u00e9ros n\u2019est pas pass\u00e9e inaper\u00e7ue : seize Harley-Davidson pilot\u00e9es par des motards du club <strong>Free Bikers Company<\/strong> de Mauguio, deux voitures de course, dont un coup\u00e9 Ford Mustang et l\u2019imposante jeep blind\u00e9e des policiers d\u2019\u00e9lite du Raid, un cort\u00e8ge escort\u00e9 par une voiture de la police nationale gyrophares et sir\u00e8nes hurlantes.<\/p>\n<p>    <a href=\"https:\/\/www.google.com\/maps\/embed?pb=!1m18!1m12!1m3!1d5169.282010810367!2d3.848011099715888!3d43.63180980801435!2m3!1f0!2f0!3f0!3m2!1i1024!2i768!4f13.1!3m3!1m2!1s0x12b6aee814df19cf%3A0xd7dfd399223f84d0!2sHOPITAL%20ARNAUD%20DE%20VILLENEUVE%20-%2034090!5e0!3m2!1sfr!2sfr!4v1761224083248!5m2!1sfr!2sfr\" title=\"Ouvrie le lien\" target=\"_blank\" rel=\"noopener\">Cliquez ici pour visualiser le contenu<\/a><\/p>\n<p>Du r\u00eave \u00e0 la r\u00e9alit\u00e9<\/p>\n<p class=\" wall-content\">Devant la grande fresque\u00a0fantastique pour les petits patients, sign\u00e9e par l\u2019artiste peintre Patrick Bleblik, peinte en 2016, les enfants, les\u00a0yeux\u00a0\u00e9carquill\u00e9s ont c\u00f4toy\u00e9 les incontournables\u00a0h\u00e9ros\u00a0de BD et de films, les <strong>Spider-Man<\/strong>, Batman,\u00a0<strong>Captain\u00a0America<\/strong>, Harley Quinn, Deadpool, Thanos, <strong>Docteur Fatalis<\/strong> ou encore <strong>Black Panther<\/strong> dans un\u00a0show\u00a0qui les ont fait passer du r\u00eave \u00e0 la r\u00e9alit\u00e9.<\/p>\n<p class=\" wall-content\">\n<p class=\" wall-content\">Il fallait \u00e9galement lever les yeux au ciel pour assister \u00e0 la spectaculaire descente en rappel, le long de la fa\u00e7ade depuis le dernier \u00e9tage de l\u2019h\u00f4pital, de ces Super-h\u00e9ros au grand coeur, une association fond\u00e9e \u00e0 Montpellier en 2022 par des policiers retrait\u00e9s de l\u2019ancien Groupe d\u2019intervention de la police nationale, et par ceux en activit\u00e9 d\u00e9sormais \u00e0 l\u2019antenne de Montpellier du <strong>Raid<\/strong>.<\/p>\n<p>Vid\u00e9os : en ce moment sur Actu<br \/>\n    <img   decoding=\"async\" loading=\"lazy\" src=\"https:\/\/www.europesays.com\/fr\/wp-content\/uploads\/2025\/10\/0-125-960x640.jpeg\" alt=\"Un des h\u00e9ros pr\u00e9f\u00e9r\u00e9s des enfants arrive sur la jeep blind\u00e9e du Raid\" width=\"960\" height=\"640\"\/><br \/>\n    Un des h\u00e9ros pr\u00e9f\u00e9r\u00e9s des enfants arrive sur la jeep blind\u00e9e du Raid (\u00a9JMA \/ M\u00e9tropolitain)<\/p>\n<p>Votre r\u00e9gion, votre actu !<\/p>\n<p>Recevez chaque jour les infos qui comptent pour vous.<\/p>\n<p>\t<a href=\"https:\/\/actu.fr\/newsletter\" class=\"ac-btn ac-btn--corner ac-btn--medium ac-btn--blue800\" target=\"_blank\" rel=\"noopener\">S&rsquo;incrire<\/a><\/p>\n<p class=\" wall-content\">\u00ab\u00a0Qui c\u2019est les plus forts, les gentils ou les m\u00e9chants ?!\u00a0\u00bb ont lanc\u00e9 ces personnages hauts en couleur, avant d\u2019entamer un petit duel improvis\u00e9. \u00ab\u00a0Les gentils\u00a0\u00bb ont r\u00e9pondu en ch\u0153ur les enfants, heureux de pouvoir ensuite approcher leurs h\u00e9ros pr\u00e9f\u00e9r\u00e9s. Incontestablement, Spider-Man, Batman et Captain America ont \u00e9t\u00e9 leurs pr\u00e9f\u00e9r\u00e9s. Ces enfants assis sur leur chaise roulante, perfusion \u00e0 leur bras, avaient les yeux qui p\u00e9tillaient lorsque ces h\u00e9ros sont venus \u00e0 leur chevet pour s\u2019enqu\u00e9rir de leur maladie ou de leurs blessures, en pr\u00e9sence du personnel m\u00e9dical et des parents, qui ont immortalis\u00e9 les sc\u00e8nes de joie dans une for\u00eat de t\u00e9l\u00e9phones portables.\u00a0<\/p>\n<p>    <img   decoding=\"async\" loading=\"lazy\" src=\"https:\/\/www.europesays.com\/fr\/wp-content\/uploads\/2025\/10\/0-127-960x640.jpeg\" alt=\"Des enfants et des familles combl\u00e9s par ce spectacle in\u00e9dit\" width=\"960\" height=\"640\"\/><br \/>\n    Des enfants et des familles combl\u00e9s par ce spectacle in\u00e9dit (\u00a9JMA \/ M\u00e9tropolitain)Six partenaires\u00a0<\/p>\n<p class=\" wall-content\">Un interm\u00e8de festif synonyme de beaux souvenirs pour ceux qui \u00e9taient pr\u00e9sents et surtout pour les enfants. Ils ont regagn\u00e9 leur chambre avec de superbes jouets distribu\u00e9s gr\u00e2ce aux six partenaires des Super-H\u00e9ros au grand coeur : V\u00e9olia Sud, l\u2019association Pic Saint-Loup business, la Banque populaire du Sud, Autosph\u00e8re, WYZ Group et la Nuit du bien commun. Promis, ces super-h\u00e9ros reviendront l\u2019ann\u00e9e prochaine, apr\u00e8s d\u2019autres animations dans des h\u00f4pitaux du territoire.<\/p>\n<p class=\" wall-content\">Personnalisez votre actualit\u00e9 en ajoutant vos villes et m\u00e9dias en favori avec <a href=\"https:\/\/moncompte.actu.fr\" title=\"D\u00e9couvez Mon Actu\" rel=\"nofollow noopener\" data-trk=\"{&quot;cta&quot;:{&quot;action&quot;:&quot;https:\\\/\\\/moncompte.actu.fr&quot;,&quot;category&quot;:&quot;mon compte&quot;,&quot;from&quot;:&quot;article footer&quot;,&quot;name&quot;:&quot;Mon actu&quot;,&quot;type&quot;:&quot;cta&quot;}}\" target=\"_blank\">Mon Actu<\/a>.<\/p>\n","protected":false},"excerpt":{"rendered":"Par Jean-Marc Aubert Publi\u00e9 le 23 oct. 2025 \u00e0 17h08 Une animation magnifique et inoubliable pour les enfants&hellip;\n","protected":false},"author":2,"featured_media":485098,"comment_status":"","ping_status":"","sticky":false,"template":"","format":"standard","meta":{"footnotes":""},"categories":[9599],"tags":[1111,11,15154,1719,1777,674,1011,27,1652,2208,12,2680,1072,25],"class_list":{"0":"post-485097","1":"post","2":"type-post","3":"status-publish","4":"format-standard","5":"has-post-thumbnail","7":"category-montpellier","8":"tag-actu","9":"tag-actualites","10":"tag-chu-de-montpellier","11":"tag-enfants","12":"tag-eu","13":"tag-europe","14":"tag-fr","15":"tag-france","16":"tag-loisirs-culture","17":"tag-montpellier","18":"tag-news","19":"tag-occitanie","20":"tag-police","21":"tag-republique-francaise"},"share_on_mastodon":{"url":"https:\/\/pubeurope.com\/@fr\/115425223616068764","error":""},"_links":{"self":[{"href":"https:\/\/www.europesays.com\/fr\/wp-json\/wp\/v2\/posts\/485097","targetHints":{"allow":["GET"]}}],"collection":[{"href":"https:\/\/www.europesays.com\/fr\/wp-json\/wp\/v2\/posts"}],"about":[{"href":"https:\/\/www.europesays.com\/fr\/wp-json\/wp\/v2\/types\/post"}],"author":[{"embeddable":true,"href":"https:\/\/www.europesays.com\/fr\/wp-json\/wp\/v2\/users\/2"}],"replies":[{"embeddable":true,"href":"https:\/\/www.europesays.com\/fr\/wp-json\/wp\/v2\/comments?post=485097"}],"version-history":[{"count":0,"href":"https:\/\/www.europesays.com\/fr\/wp-json\/wp\/v2\/posts\/485097\/revisions"}],"wp:featuredmedia":[{"embeddable":true,"href":"https:\/\/www.europesays.com\/fr\/wp-json\/wp\/v2\/media\/485098"}],"wp:attachment":[{"href":"https:\/\/www.europesays.com\/fr\/wp-json\/wp\/v2\/media?parent=485097"}],"wp:term":[{"taxonomy":"category","embeddable":true,"href":"https:\/\/www.europesays.com\/fr\/wp-json\/wp\/v2\/categories?post=485097"},{"taxonomy":"post_tag","embeddable":true,"href":"https:\/\/www.europesays.com\/fr\/wp-json\/wp\/v2\/tags?post=485097"}],"curies":[{"name":"wp","href":"https:\/\/api.w.org\/{rel}","templated":true}]}}