{"id":485104,"date":"2025-10-23T19:56:58","date_gmt":"2025-10-23T19:56:58","guid":{"rendered":"https:\/\/www.europesays.com\/fr\/485104\/"},"modified":"2025-10-23T19:56:58","modified_gmt":"2025-10-23T19:56:58","slug":"les-bons-plans-max-radio-du-20-10-au-26-10","status":"publish","type":"post","link":"https:\/\/www.europesays.com\/fr\/485104\/","title":{"rendered":"Les Bons Plans Max Radio du 20\/10 au 26\/10"},"content":{"rendered":"<p>Chaque semaine, retrouvez les meilleurs bons plans de Grenoble et Chamb\u00e9ry ! <br \/>Que vous soyez \u00e0 la recherche d&rsquo;activit\u00e9s, de sorties, d&rsquo;\u00e9v\u00e9nements ou de bonnes adresses, nous vous partageons tout ce qu&rsquo;il ne faut pas manquer.<\/p>\n<p>Les Bons Plans \u00e0 Grenoble :<\/p>\n<p> <b>Rendez-vous : le 22 octobre, de 15h \u00e0 16h30, \u00e0 l&rsquo;Office du Tourisme de Grenoble.<\/b><\/p>\n<p>Un \u00e9trange parchemin d\u00e9couvert \u00e0 la biblioth\u00e8que parle d&rsquo;un myst\u00e9rieux tr\u00e9sor cach\u00e9 dans la ville. Les personnalit\u00e9s de la ville, une fois mortes, y cacheraient quelque chose, c&rsquo;est le tr\u00e9sor des fant\u00f4mes !<\/p>\n<p>Partez sur les pistes des personnages les plus \u00e9minents de Grenoble, suivez les indices laiss\u00e9s par leurs fant\u00f4mes gr\u00e2ce aux fa\u00e7ades, dates et lieux embl\u00e9matiques du centre-ville.<\/p>\n<p><a class=\"url\" href=\"https:\/\/www.grenoble-tourisme.com\/fr\/decouvrir\/evenements\/agenda\/detail\/jeu-de-piste-le-tresor-des-fantomes-les-10-jours-de-la-culture-6815007\/\" target=\"_blank\" rel=\"nofollow noopener\">En savoir plus.<\/a><\/p>\n<tr>\n<td class=\"defaut\"><a href=\"https:\/\/www.radioscoop.com\/agenda\/javascript:void(0)\" onclick=\"parent.RS.diaporama.addMedia(711580) ;\" rel=\"nofollow noopener\" target=\"_blank\"><img loading=\"lazy\" decoding=\"async\" src=\"https:\/\/www.europesays.com\/fr\/wp-content\/uploads\/2025\/10\/1761249411_840_img\" width=\"640\" height=\"359\" border=\"0\" title=\"bchzjb\"\/><\/a><\/td>\n<\/tr>\n<p> <b>Rendez-vous : du 22 au 29 octobre, dans la salle le Jeu de Paume, \u00e0 Vizille.<\/b><\/p>\n<p>Anim\u00e9s, c&rsquo;est le festival du meilleur de l&rsquo;animation asiatique ! Avec des films \u00e0 d\u00e9couvrir, d&rsquo;autres \u00e0 red\u00e9couvrir, des avant-premi\u00e8res et des surprises !<\/p>\n<p>Le programme et les r\u00e9servations sur https:\/\/festivallesanimes.fr\/<\/p>\n<p>11 films, 40 s\u00e9ances, 2 journ\u00e9es marathon (journ\u00e9e Momoru Hosada et journ\u00e9e Studio Ghibli), quiz atelier de dessin manga<\/p>\n<p><a class=\"url\" href=\"https:\/\/www.grenoble-tourisme.com\/fr\/decouvrir\/evenements\/agenda\/detail\/festival-du-film-d-animation-animes-5942455\/\" target=\"_blank\" rel=\"nofollow noopener\">En savoir plus.<\/a><\/p>\n<tr>\n<td class=\"defaut\"><a href=\"https:\/\/www.radioscoop.com\/agenda\/javascript:void(0)\" onclick=\"parent.RS.diaporama.addMedia(711582) ;\" rel=\"nofollow noopener\" target=\"_blank\"><img loading=\"lazy\" decoding=\"async\" src=\"https:\/\/www.europesays.com\/fr\/wp-content\/uploads\/2025\/10\/1761249413_799_img\" width=\"360\" height=\"640\" border=\"0\" title=\"hrbvh\"\/><\/a><\/td>\n<\/tr>\n<p> <b>Rendez-vous : du 24 au 29 octobre, \u00e0 partir de 14h, au Chapiteau Cirque Mondial &#8211; Alpexpo.<\/b><\/p>\n<p>Le Nouveau Cirque Mondial 100% humain c\u00e9l\u00e8bre son 5? anniversaire avec \u00ab\u00a0Celebration\u00a0\u00bb, un spectacle grandiose qui repousse les fronti\u00e8res de l&rsquo;art du cirque !<\/p>\n<p>Entre prouesses techniques, performances physiques \u00e0 couper le souffle et innovations technologiques \u00e9blouissantes, chaque num\u00e9ro est une invitation \u00e0 l&rsquo;\u00e9merveillement. Plongez dans un univers o\u00f9 tradition et modernit\u00e9 se m\u00ealent pour offrir une exp\u00e9rience unique et inoubliable pour toute la famille.<\/p>\n<p>Laissez-vous s\u00e9duire par l&rsquo;excellence et la passion de ces artistes exceptionnels, venus des quatre coins du Monde. Pr\u00e9parez-vous \u00e0 vivre des moments d&rsquo;exception, en famille, sous le chapiteau du Nouveau Cirque Mondial.<\/p>\n<p><a class=\"url\" href=\"https:\/\/www.grenoble-tourisme.com\/fr\/catalogue\/detail\/nouveau-cirque-mondial-100-humain-7519491\/#:~:text=P\u00e9riodes%20d&#039;ouverture,\u00e0%2014h%2C%2017h%20et%2020h.\/\" target=\"_blank\" rel=\"nofollow noopener\">Je prends ma place !<\/a><\/p>\n<tr>\n<td class=\"defaut\"><a href=\"https:\/\/www.radioscoop.com\/agenda\/javascript:void(0)\" onclick=\"parent.RS.diaporama.addMedia(711583) ;\" rel=\"nofollow noopener\" target=\"_blank\"><img loading=\"lazy\" decoding=\"async\" src=\"https:\/\/www.europesays.com\/fr\/wp-content\/uploads\/2025\/10\/1761249416_301_img\" width=\"454\" height=\"640\" border=\"0\" title=\"bjhhgvh\"\/><\/a><\/td>\n<\/tr>\n<p><p>Les Bons Plans \u00e0 Chamb\u00e9ry :<\/p>\n<p><\/p>\n<p> <b>Rendez-vous : le 23 octobre, de 14h30 \u00e0 16h, au Cin\u00e9 Malraux.<\/b><\/p>\n<p>Elliot, petit gar\u00e7on de 10 ans, se lie d&rsquo;amiti\u00e9 avec&#8230; un extra-terrestre !<\/p>\n<p><a class=\"url\" href=\"https:\/\/www.chambery.fr\/agenda\/1235\/316-cinema-e.t.-l-extra-terrestre.htm\/\" target=\"_blank\" rel=\"nofollow noopener\">Je prends ma place !<\/a><\/p>\n<tr>\n<td class=\"defaut\"><a href=\"https:\/\/www.radioscoop.com\/agenda\/javascript:void(0)\" onclick=\"parent.RS.diaporama.addMedia(711584) ;\" rel=\"nofollow noopener\" target=\"_blank\"><img loading=\"lazy\" decoding=\"async\" src=\"https:\/\/www.europesays.com\/fr\/wp-content\/uploads\/2025\/10\/1761249418_182_img\" width=\"427\" height=\"640\" border=\"0\" title=\"hgcghgj\"\/><\/a><\/td>\n<\/tr>\n<p><\/p>\n","protected":false},"excerpt":{"rendered":"Chaque semaine, retrouvez les meilleurs bons plans de Grenoble et Chamb\u00e9ry ! Que vous soyez \u00e0 la recherche&hellip;\n","protected":false},"author":2,"featured_media":485105,"comment_status":"","ping_status":"","sticky":false,"template":"","format":"standard","meta":{"footnotes":""},"categories":[9566],"tags":[1111,11,2430,677,12362,1777,674,1011,27,2731,12,7518,25],"class_list":{"0":"post-485104","1":"post","2":"type-post","3":"status-publish","4":"format-standard","5":"has-post-thumbnail","7":"category-grenoble","8":"tag-actu","9":"tag-actualites","10":"tag-auvergne-rhone-alpes","11":"tag-bons-plans","12":"tag-chambry","13":"tag-eu","14":"tag-europe","15":"tag-fr","16":"tag-france","17":"tag-grenoble","18":"tag-news","19":"tag-octobre","20":"tag-republique-francaise"},"share_on_mastodon":{"url":"https:\/\/pubeurope.com\/@fr\/115425251429306391","error":""},"_links":{"self":[{"href":"https:\/\/www.europesays.com\/fr\/wp-json\/wp\/v2\/posts\/485104","targetHints":{"allow":["GET"]}}],"collection":[{"href":"https:\/\/www.europesays.com\/fr\/wp-json\/wp\/v2\/posts"}],"about":[{"href":"https:\/\/www.europesays.com\/fr\/wp-json\/wp\/v2\/types\/post"}],"author":[{"embeddable":true,"href":"https:\/\/www.europesays.com\/fr\/wp-json\/wp\/v2\/users\/2"}],"replies":[{"embeddable":true,"href":"https:\/\/www.europesays.com\/fr\/wp-json\/wp\/v2\/comments?post=485104"}],"version-history":[{"count":0,"href":"https:\/\/www.europesays.com\/fr\/wp-json\/wp\/v2\/posts\/485104\/revisions"}],"wp:featuredmedia":[{"embeddable":true,"href":"https:\/\/www.europesays.com\/fr\/wp-json\/wp\/v2\/media\/485105"}],"wp:attachment":[{"href":"https:\/\/www.europesays.com\/fr\/wp-json\/wp\/v2\/media?parent=485104"}],"wp:term":[{"taxonomy":"category","embeddable":true,"href":"https:\/\/www.europesays.com\/fr\/wp-json\/wp\/v2\/categories?post=485104"},{"taxonomy":"post_tag","embeddable":true,"href":"https:\/\/www.europesays.com\/fr\/wp-json\/wp\/v2\/tags?post=485104"}],"curies":[{"name":"wp","href":"https:\/\/api.w.org\/{rel}","templated":true}]}}