{"id":485117,"date":"2025-10-23T20:05:16","date_gmt":"2025-10-23T20:05:16","guid":{"rendered":"https:\/\/www.europesays.com\/fr\/485117\/"},"modified":"2025-10-23T20:05:16","modified_gmt":"2025-10-23T20:05:16","slug":"voici-le-onze-de-logc-nice-contre-le-celta-vigo-en-ligue-europa","status":"publish","type":"post","link":"https:\/\/www.europesays.com\/fr\/485117\/","title":{"rendered":"Voici le onze de l\u2019OGC Nice contre le Celta Vigo en Ligue Europa"},"content":{"rendered":"<p class=\"fs-5 \">Cinq jours apr\u00e8s le succ\u00e8s contre Lyon en L1 et avant un \u00e9prouvant encha\u00eenement Rennes-Lille-PSG en l\u2019espace d\u2019une semaine, Franck Haise a choisi d\u2019op\u00e9rer de la rotation dans son effectif.<\/p>\n<p class=\"fs-5 \">Bard int\u00e8gre la d\u00e9fense \u00e0 3 au c\u00f4t\u00e9 d\u2019Oppong\u00a0et d\u2019un Bah \u00e0 la relance. Clauss et Abdi occuperont les couloirs tandis que l\u2019entrejeu sera compos\u00e9 de Louchet, Abdul Samed et Sanson.<\/p>\n<p class=\"fs-5 \">Kevin Carlos et Mohamed-Ali Cho animeront l\u2019attaque ni\u00e7oise. L\u2019homme en forme du moment Sofiane Diop est sur le banc.<\/p>\n<p class=\"fs-5 \">Pour rappel, le Gym est priv\u00e9 de Dante, emb\u00eat\u00e9 par ses genoux, et Boudaoui, malade, en plus des absents de longue dur\u00e9e Bombito (tibia), Abdelmonem et Ndayishimiye.<\/p>\n<p class=\"fs-5 \">Le onze\u00a0: Diouf &#8211; Oppong, Bah, Bard &#8211; Clauss, Louchet, Abdul Samed, Sanson, Abdi &#8211; Cho, Carlos<\/p>\n","protected":false},"excerpt":{"rendered":"Cinq jours apr\u00e8s le succ\u00e8s contre Lyon en L1 et avant un \u00e9prouvant encha\u00eenement Rennes-Lille-PSG en l\u2019espace d\u2019une&hellip;\n","protected":false},"author":2,"featured_media":485118,"comment_status":"","ping_status":"","sticky":false,"template":"","format":"standard","meta":{"footnotes":""},"categories":[2819],"tags":[1111,11,1777,674,1011,27,12,2401,54521,882,25],"class_list":{"0":"post-485117","1":"post","2":"type-post","3":"status-publish","4":"format-standard","5":"has-post-thumbnail","7":"category-nice","8":"tag-actu","9":"tag-actualites","10":"tag-eu","11":"tag-europe","12":"tag-fr","13":"tag-france","14":"tag-news","15":"tag-nice","16":"tag-ogcnice","17":"tag-provence-alpes-cote-dazur","18":"tag-republique-francaise"},"share_on_mastodon":{"url":"https:\/\/pubeurope.com\/@fr\/115425281611246032","error":""},"_links":{"self":[{"href":"https:\/\/www.europesays.com\/fr\/wp-json\/wp\/v2\/posts\/485117","targetHints":{"allow":["GET"]}}],"collection":[{"href":"https:\/\/www.europesays.com\/fr\/wp-json\/wp\/v2\/posts"}],"about":[{"href":"https:\/\/www.europesays.com\/fr\/wp-json\/wp\/v2\/types\/post"}],"author":[{"embeddable":true,"href":"https:\/\/www.europesays.com\/fr\/wp-json\/wp\/v2\/users\/2"}],"replies":[{"embeddable":true,"href":"https:\/\/www.europesays.com\/fr\/wp-json\/wp\/v2\/comments?post=485117"}],"version-history":[{"count":0,"href":"https:\/\/www.europesays.com\/fr\/wp-json\/wp\/v2\/posts\/485117\/revisions"}],"wp:featuredmedia":[{"embeddable":true,"href":"https:\/\/www.europesays.com\/fr\/wp-json\/wp\/v2\/media\/485118"}],"wp:attachment":[{"href":"https:\/\/www.europesays.com\/fr\/wp-json\/wp\/v2\/media?parent=485117"}],"wp:term":[{"taxonomy":"category","embeddable":true,"href":"https:\/\/www.europesays.com\/fr\/wp-json\/wp\/v2\/categories?post=485117"},{"taxonomy":"post_tag","embeddable":true,"href":"https:\/\/www.europesays.com\/fr\/wp-json\/wp\/v2\/tags?post=485117"}],"curies":[{"name":"wp","href":"https:\/\/api.w.org\/{rel}","templated":true}]}}