{"id":485119,"date":"2025-10-23T20:06:26","date_gmt":"2025-10-23T20:06:26","guid":{"rendered":"https:\/\/www.europesays.com\/fr\/485119\/"},"modified":"2025-10-23T20:06:26","modified_gmt":"2025-10-23T20:06:26","slug":"lion-of-porches-marque-de-pret-a-porter-portugaise-ouvre-sa-premiere-boutique-a-nantes","status":"publish","type":"post","link":"https:\/\/www.europesays.com\/fr\/485119\/","title":{"rendered":"Lion of Porches, marque de pr\u00eat-\u00e0-porter portugaise, ouvre sa premi\u00e8re boutique \u00e0 Nantes"},"content":{"rendered":"<p><strong>\u00ab\u00a0Nous sommes ravis que notre boutique ouvre \u00e0 Nantes\u00a0\u00bb,<\/strong> s\u2019exclame Mathilda Cappato, qui g\u00e8re l\u2019enseigne locale. Install\u00e9e en centre-ville, l\u2019<a href=\"https:\/\/vannes.maville.com\/actu\/actudet_-commerce.-lion-of-porches-ouvre-sa-premiere-boutique-en-france-a-vannes-_12-4837484_actu.Htm\" rel=\"nofollow noopener\" target=\"_blank\">entreprise familiale Lion of Porches,<\/a> cr\u00e9\u00e9e il y a plus de vingt\u00a0ans, est une r\u00e9f\u00e9rence de la mode portugaise. <strong>\u00ab\u00a0C\u2019est un style classique et intemporel, alliant modernit\u00e9 et tradition, cr\u00e9ativit\u00e9 et savoir-faire\u00a0\u00bb,<\/strong> souligne Mathilda Cappato.<\/p>\n<p>British lifestyle<\/p>\n<p>Elle propose notamment une collection ax\u00e9e sur le British lifestyle, avec une large gamme d\u2019habits pour femmes, hommes et enfants. <strong>\u00ab\u00a0Ce sont des v\u00eatements confortables et tendance, adapt\u00e9s \u00e0 toutes les occasions, des tenues pour toute la famille\u00a0\u00bb,<\/strong> affirme-t-elle. Des mod\u00e8les cr\u00e9\u00e9s par des designers portugais et fabriqu\u00e9s au Portugal, <strong>\u00ab\u00a0qui se d\u00e9marquent par la qualit\u00e9 des mat\u00e9riaux et leurs finitions tr\u00e8s soign\u00e9es\u00a0\u00bb<\/strong> <strong>.<\/strong><\/p>\n<p><strong>Lire aussi :<\/strong> <a href=\"https:\/\/nantes.maville.com\/actu\/actudet_-derniere-main-ouvre-son-magasin-de-vetements-inclusif-en-plein-centre-ville-de-nantes-_52716-6504026_actu.Htm\" rel=\"nofollow noopener\" target=\"_blank\">Derni\u00e8re main ouvre son magasin de v\u00eatements inclusif en plein centre-ville de Nantes<\/a><\/p>\n<p>Une gamme d\u2019accessoires\u00a0(sacs, ceintures ou encore chaussures) compl\u00e8te les collections et Mathilda Cappato offre ses services de conseils aux clients <strong>\u00ab\u00a0afin qu\u2019ils trouvent la tenue qui leur corresponde\u00a0\u00bb.<\/strong><\/p>\n<p><strong>Lion of Porches,<\/strong> 6, rue Rubens Nantes, t\u00e9l. 02\u00a028\u00a029\u00a010\u00a092.<\/p>\n<p>\u00a0<\/p>\n","protected":false},"excerpt":{"rendered":"\u00ab\u00a0Nous sommes ravis que notre boutique ouvre \u00e0 Nantes\u00a0\u00bb, s\u2019exclame Mathilda Cappato, qui g\u00e8re l\u2019enseigne locale. Install\u00e9e en&hellip;\n","protected":false},"author":2,"featured_media":485120,"comment_status":"","ping_status":"","sticky":false,"template":"","format":"standard","meta":{"footnotes":""},"categories":[2818],"tags":[1111,11,11647,1777,674,1011,27,21835,12141,766,12,29720,10102,2636,60836,60837,1103,25],"class_list":{"0":"post-485119","1":"post","2":"type-post","3":"status-publish","4":"format-standard","5":"has-post-thumbnail","7":"category-nantes","8":"tag-actu","9":"tag-actualites","10":"tag-boutique","11":"tag-eu","12":"tag-europe","13":"tag-fr","14":"tag-france","15":"tag-lion","16":"tag-marque","17":"tag-nantes","18":"tag-news","19":"tag-of","20":"tag-ouvre","21":"tag-pays-de-la-loire","22":"tag-porches","23":"tag-portugaise","24":"tag-pret-a-porter","25":"tag-republique-francaise"},"share_on_mastodon":{"url":"https:\/\/pubeurope.com\/@fr\/115425285432641407","error":""},"_links":{"self":[{"href":"https:\/\/www.europesays.com\/fr\/wp-json\/wp\/v2\/posts\/485119","targetHints":{"allow":["GET"]}}],"collection":[{"href":"https:\/\/www.europesays.com\/fr\/wp-json\/wp\/v2\/posts"}],"about":[{"href":"https:\/\/www.europesays.com\/fr\/wp-json\/wp\/v2\/types\/post"}],"author":[{"embeddable":true,"href":"https:\/\/www.europesays.com\/fr\/wp-json\/wp\/v2\/users\/2"}],"replies":[{"embeddable":true,"href":"https:\/\/www.europesays.com\/fr\/wp-json\/wp\/v2\/comments?post=485119"}],"version-history":[{"count":0,"href":"https:\/\/www.europesays.com\/fr\/wp-json\/wp\/v2\/posts\/485119\/revisions"}],"wp:featuredmedia":[{"embeddable":true,"href":"https:\/\/www.europesays.com\/fr\/wp-json\/wp\/v2\/media\/485120"}],"wp:attachment":[{"href":"https:\/\/www.europesays.com\/fr\/wp-json\/wp\/v2\/media?parent=485119"}],"wp:term":[{"taxonomy":"category","embeddable":true,"href":"https:\/\/www.europesays.com\/fr\/wp-json\/wp\/v2\/categories?post=485119"},{"taxonomy":"post_tag","embeddable":true,"href":"https:\/\/www.europesays.com\/fr\/wp-json\/wp\/v2\/tags?post=485119"}],"curies":[{"name":"wp","href":"https:\/\/api.w.org\/{rel}","templated":true}]}}