{"id":485132,"date":"2025-10-23T20:15:12","date_gmt":"2025-10-23T20:15:12","guid":{"rendered":"https:\/\/www.europesays.com\/fr\/485132\/"},"modified":"2025-10-23T20:15:12","modified_gmt":"2025-10-23T20:15:12","slug":"un-homme-blesse-par-balle-dans-le-3e-arrondissement-de-marseille","status":"publish","type":"post","link":"https:\/\/www.europesays.com\/fr\/485132\/","title":{"rendered":"Un homme bless\u00e9 par balle dans le 3e arrondissement de Marseille"},"content":{"rendered":"<p>L&rsquo;incident s&rsquo;est produit peu apr\u00e8s 20 heures ce jeudi, \u00e0 Saint-Mauront, dans le 3e arrondissement de Marseille. Le pronostic vital de l&rsquo;homme n&rsquo;est pas engag\u00e9.<\/p>\n<p>Un homme a \u00e9t\u00e9 bless\u00e9 par arme \u00e0 feu ce jeudi 23 octobre \u00e0 Saint-Mauront, dans le 3e arrondissement de Marseille, a appris BFM Marseille Provence, confirmant une information de <a href=\"https:\/\/actu17.fr\/faits-divers\/marseille-un-homme-grievement-blesse-par-balle-en-pleine-rue-dans-le-3e-arrondissement-1.html\" target=\"_blank\" class=\"external_link\" rel=\"noopener\">Actu 17<\/a>.<\/p>\n<p>L&rsquo;incident s&rsquo;est produit peu apr\u00e8s 20 heures. L&rsquo;homme \u00e2g\u00e9 d&rsquo;une trentaine d&rsquo;ann\u00e9e a \u00e9t\u00e9 transport\u00e9 \u00e0 l&rsquo;h\u00f4pital pris en charge par les marins-pompiers. Pour le moment, son pronostic vital n&rsquo;est pas engag\u00e9.<\/p>\n","protected":false},"excerpt":{"rendered":"L&rsquo;incident s&rsquo;est produit peu apr\u00e8s 20 heures ce jeudi, \u00e0 Saint-Mauront, dans le 3e arrondissement de Marseille. Le&hellip;\n","protected":false},"author":2,"featured_media":254487,"comment_status":"","ping_status":"","sticky":false,"template":"","format":"standard","meta":{"footnotes":""},"categories":[2814],"tags":[1111,11,1777,674,1011,27,884,12,882,25],"class_list":{"0":"post-485132","1":"post","2":"type-post","3":"status-publish","4":"format-standard","5":"has-post-thumbnail","7":"category-marseille","8":"tag-actu","9":"tag-actualites","10":"tag-eu","11":"tag-europe","12":"tag-fr","13":"tag-france","14":"tag-marseille","15":"tag-news","16":"tag-provence-alpes-cote-dazur","17":"tag-republique-francaise"},"share_on_mastodon":{"url":"https:\/\/pubeurope.com\/@fr\/115425320970998942","error":""},"_links":{"self":[{"href":"https:\/\/www.europesays.com\/fr\/wp-json\/wp\/v2\/posts\/485132","targetHints":{"allow":["GET"]}}],"collection":[{"href":"https:\/\/www.europesays.com\/fr\/wp-json\/wp\/v2\/posts"}],"about":[{"href":"https:\/\/www.europesays.com\/fr\/wp-json\/wp\/v2\/types\/post"}],"author":[{"embeddable":true,"href":"https:\/\/www.europesays.com\/fr\/wp-json\/wp\/v2\/users\/2"}],"replies":[{"embeddable":true,"href":"https:\/\/www.europesays.com\/fr\/wp-json\/wp\/v2\/comments?post=485132"}],"version-history":[{"count":0,"href":"https:\/\/www.europesays.com\/fr\/wp-json\/wp\/v2\/posts\/485132\/revisions"}],"wp:featuredmedia":[{"embeddable":true,"href":"https:\/\/www.europesays.com\/fr\/wp-json\/wp\/v2\/media\/254487"}],"wp:attachment":[{"href":"https:\/\/www.europesays.com\/fr\/wp-json\/wp\/v2\/media?parent=485132"}],"wp:term":[{"taxonomy":"category","embeddable":true,"href":"https:\/\/www.europesays.com\/fr\/wp-json\/wp\/v2\/categories?post=485132"},{"taxonomy":"post_tag","embeddable":true,"href":"https:\/\/www.europesays.com\/fr\/wp-json\/wp\/v2\/tags?post=485132"}],"curies":[{"name":"wp","href":"https:\/\/api.w.org\/{rel}","templated":true}]}}