{"id":485133,"date":"2025-10-23T20:16:13","date_gmt":"2025-10-23T20:16:13","guid":{"rendered":"https:\/\/www.europesays.com\/fr\/485133\/"},"modified":"2025-10-23T20:16:13","modified_gmt":"2025-10-23T20:16:13","slug":"un-homme-blesse-par-balles-dans-le-quartier-de-saint-mauront-a-marseille","status":"publish","type":"post","link":"https:\/\/www.europesays.com\/fr\/485133\/","title":{"rendered":"Un homme bless\u00e9 par balles dans le quartier de Saint-Mauront \u00e0 Marseille"},"content":{"rendered":"<p>Ce jeudi soir, peu apr\u00e8s 20 heures, des tirs ont r\u00e9sonn\u00e9 dans le <strong>quartier de Saint-Mauront, dans le 3e arrondissement de Marseille<\/strong>. D\u00e9p\u00each\u00e9 sur place, le bataillon des marins-pompiers de Marseille a pris en charge un homme, bless\u00e9 par arme \u00e0 feu.<\/p>\n<p>Sur place, plusieurs douilles de <strong>calibre 7,62<\/strong> ont \u00e9t\u00e9 retrouv\u00e9es sur le bitume de la rue Auphan o\u00f9 la fusillade a eu lieu. Un calibre correspondant aux munitions utilis\u00e9es pour <a href=\"https:\/\/www.laprovence.com\/article\/faits-divers-justice\/2229641896291314\/un-sdf-decouvre-une-caisse-de-munitions-de-kalachnikov-et-des-chargeurs-dans-une-poubelle-a-marseille\" target=\"_blank\" rel=\"noopener\">des armes de type kalachnikov<\/a>. \u00c2g\u00e9e de 36 ans, la victime a \u00e9t\u00e9 atteinte sur la partie sup\u00e9rieure du corps et transport\u00e9e m\u00e9dicalis\u00e9e \u00e0 l&rsquo;h\u00f4pital sans que son pronostic vital ne soit engag\u00e9.<\/p>\n<p>Deux pr\u00e9c\u00e9dentes fusillades dans le 3e arrondissement<\/p>\n<p>Il y a une dizaine de jours, dans la nuit du 12 au 13\u00a0octobre, <a href=\"https:\/\/www.laprovence.com\/article\/faits-divers-justice\/2178009819077914\/un-jeune-homme-blesse-par-balle-sur-un-point-de-deal-du-3e-arrondissement-de-marseille-ce-week-end\" target=\"_blank\" rel=\"noopener\">un jeune homme \u00e2g\u00e9 de 21 ans avait \u00e9galement essuy\u00e9 des tirs <\/a>du m\u00eame calibre sur le point de deal situ\u00e9 au pied de la tour Bel Horizon, dans le 3e arrondissement de Marseille.<\/p>\n<p>Il avait \u00e9t\u00e9 atteint au mollet sans que ses jours ne soient en danger. Trois mois plus t\u00f4t, le 17 juillet 2025, une fusillade avait d\u00e9j\u00e0 \u00e9clat\u00e9 dans cette m\u00eame cit\u00e9, dans des circonstances similaires.<\/p>\n<p>Le passager d&rsquo;un scooter avait alors d\u00e9boul\u00e9 arme au poing, blessant un jeune homme de 20 ans au calibre 9mm.<\/p>\n","protected":false},"excerpt":{"rendered":"Ce jeudi soir, peu apr\u00e8s 20 heures, des tirs ont r\u00e9sonn\u00e9 dans le quartier de Saint-Mauront, dans le&hellip;\n","protected":false},"author":2,"featured_media":485134,"comment_status":"","ping_status":"","sticky":false,"template":"","format":"standard","meta":{"footnotes":""},"categories":[2814],"tags":[17,1111,11,7951,3916,1102,1446,1777,674,274,1011,27,4933,884,12,5912,882,5775,25,38632],"class_list":{"0":"post-485133","1":"post","2":"type-post","3":"status-publish","4":"format-standard","5":"has-post-thumbnail","7":"category-marseille","8":"tag-17","9":"tag-actu","10":"tag-actualites","11":"tag-balles","12":"tag-blesse","13":"tag-breakingnews","14":"tag-dans","15":"tag-eu","16":"tag-europe","17":"tag-faits-divers-justice","18":"tag-fr","19":"tag-france","20":"tag-homme","21":"tag-marseille","22":"tag-news","23":"tag-par","24":"tag-provence-alpes-cote-dazur","25":"tag-quartier","26":"tag-republique-francaise","27":"tag-saint-mauront"},"share_on_mastodon":{"url":"https:\/\/pubeurope.com\/@fr\/115425324832160604","error":""},"_links":{"self":[{"href":"https:\/\/www.europesays.com\/fr\/wp-json\/wp\/v2\/posts\/485133","targetHints":{"allow":["GET"]}}],"collection":[{"href":"https:\/\/www.europesays.com\/fr\/wp-json\/wp\/v2\/posts"}],"about":[{"href":"https:\/\/www.europesays.com\/fr\/wp-json\/wp\/v2\/types\/post"}],"author":[{"embeddable":true,"href":"https:\/\/www.europesays.com\/fr\/wp-json\/wp\/v2\/users\/2"}],"replies":[{"embeddable":true,"href":"https:\/\/www.europesays.com\/fr\/wp-json\/wp\/v2\/comments?post=485133"}],"version-history":[{"count":0,"href":"https:\/\/www.europesays.com\/fr\/wp-json\/wp\/v2\/posts\/485133\/revisions"}],"wp:featuredmedia":[{"embeddable":true,"href":"https:\/\/www.europesays.com\/fr\/wp-json\/wp\/v2\/media\/485134"}],"wp:attachment":[{"href":"https:\/\/www.europesays.com\/fr\/wp-json\/wp\/v2\/media?parent=485133"}],"wp:term":[{"taxonomy":"category","embeddable":true,"href":"https:\/\/www.europesays.com\/fr\/wp-json\/wp\/v2\/categories?post=485133"},{"taxonomy":"post_tag","embeddable":true,"href":"https:\/\/www.europesays.com\/fr\/wp-json\/wp\/v2\/tags?post=485133"}],"curies":[{"name":"wp","href":"https:\/\/api.w.org\/{rel}","templated":true}]}}