{"id":485138,"date":"2025-10-23T20:20:29","date_gmt":"2025-10-23T20:20:29","guid":{"rendered":"https:\/\/www.europesays.com\/fr\/485138\/"},"modified":"2025-10-23T20:20:29","modified_gmt":"2025-10-23T20:20:29","slug":"tempete-benjamin-rer-transilien-tramway-toujours-des-perturbations-sur-le-reseau-francilien","status":"publish","type":"post","link":"https:\/\/www.europesays.com\/fr\/485138\/","title":{"rendered":"Temp\u00eate Benjamin\u00a0: RER, Transilien, tramway\u2026 toujours des perturbations sur le r\u00e9seau francilien"},"content":{"rendered":"<p class=\"paragraph text_align_left lp-f-body-02\">L\u2019heure de pointe du jeudi 23 octobre tourne au cauchemar pour les voyageurs franciliens. Peu apr\u00e8s 18 heures, pas moins de dix lignes du r\u00e9seau Transilien et RER subissent encore les effets de la <a href=\"https:\/\/www.leparisien.fr\/meteo\/direct-tempete-benjamin-100-000-foyers-prives-delectricite-le-trafic-des-trains-perturbe-23-10-2025-EYRB22DCM5EZFKYJJJK7AYEUOA.php\" target=\"_blank\" rel=\"noreferrer noopener\">temp\u00eate Benjamin<\/a> qui s\u2019abat sur l\u2019<a href=\"https:\/\/www.leparisien.fr\/info-paris-ile-de-france-oise\/\" target=\"_blank\" rel=\"noreferrer noopener\">\u00cele-de-France<\/a> depuis ce jeudi matin.<\/p>\n<p class=\"paragraph text_align_left lp-f-body-02\">Baptis\u00e9e Benjamin par M\u00e9t\u00e9o France, cette temp\u00eate d\u2019automne exceptionnelle frappe la r\u00e9gion avec des rafales comprises entre 80 et 100 km\/h. D\u00e8s les premi\u00e8res heures de la journ\u00e9e, <a href=\"https:\/\/www.leparisien.fr\/info-paris-ile-de-france-oise\/transports\/\" target=\"_blank\" rel=\"noreferrer noopener\">la SNCF<\/a> avait pris les devants en interrompant pr\u00e9ventivement plusieurs lignes.<\/p>\n<p class=\"paragraph text_align_left lp-f-body-02\">La ligne du Transilien H a \u00e9t\u00e9 suspendue toute la journ\u00e9e entre Montsoult-Maffliers (Val-d\u2019Oise) et Luzarches (Val-d\u2019Oise) ainsi qu\u2019entre Creil (Oise) et Persan-Beaumont (Val-d\u2019Oise). Les lignes P et V ont subi des interruptions programm\u00e9es de midi \u00e0 16 heures pour la premi\u00e8re et de midi \u00e0 17 heures pour la seconde.<\/p>\n<p>Retard, trou de desserte, interruption\u2026<\/p>\n<p class=\"paragraph text_align_left lp-f-body-02\">Malgr\u00e9 ces mesures pr\u00e9ventives, les perturbations persistent en soir\u00e9e. Le RER C affiche un trafic \u00ab fortement perturb\u00e9 \u00bb entre Ermont-Eaubonne (Val-d\u2019Oise) et Pontoise (Val-d\u2019Oise), avec une interruption qui se prolonge jusqu\u2019\u00e0 18h30. Un arbre tomb\u00e9 sur les voies dans le secteur de Saint-Ouen-l\u2019Aum\u00f4ne-Liesse (Val-d\u2019Oise) provoque \u00ab des retards et des trous de dessertes importants \u00bb sur l\u2019axe sud jusqu\u2019\u00e0 Massy-Palaiseau (Essonne). Le RER D subit \u00e9galement les contrecoups de Benjamin avec des perturbations notables.<\/p>\n<p class=\"paragraph text_align_left lp-f-body-02\">La ligne H reste la plus s\u00e9v\u00e8rement touch\u00e9e. Apr\u00e8s une journ\u00e9e d\u2019interruption totale sur certains tron\u00e7ons, le trafic demeure perturb\u00e9 en soir\u00e9e. La SNCF pr\u00e9cise que \u00ab les voies routi\u00e8res \u00e9tant \u00e9galement susceptibles d\u2019\u00eatre touch\u00e9es, nous ne sommes pas en mesure de mettre en place une substitution routi\u00e8re \u00bb.<\/p>\n<p class=\"paragraph text_align_left lp-f-body-02\">La ligne P, qui avait retrouv\u00e9 un service normal dans l\u2019apr\u00e8s-midi apr\u00e8s v\u00e9rification des voies par le train de reconnaissance, maintient d\u00e9sormais un trafic \u00ab ralenti entre Paris-Est et Coulommiers (Seine-et-Marne) \u00bb. La ligne V reste \u00ab perturb\u00e9e entre Versailles-Chantiers (Yvelines) et Massy-Palaiseau (Essonne) \u00bb malgr\u00e9 la fin programm\u00e9e des interruptions.<\/p>\n<p class=\"paragraph text_align_left lp-f-body-02\">Les lignes de banlieue ouest accumulent les difficult\u00e9s. La ligne J voit son trafic \u00ab perturb\u00e9 entre Paris Saint-Lazare et Gisors (Eure) \u00bb avec des ralentissements qui persistent depuis le matin.<\/p>\n<p class=\"paragraph text_align_left lp-f-body-02\">La ligne K subit un \u00ab trafic ralenti sur l\u2019ensemble de la ligne \u00bb suite aux conditions climatiques d\u00e9grad\u00e9es. La ligne L conna\u00eet de \u00ab fortes perturbations entre Paris-Saint-Lazare et Versailles Rive Droite\/Saint-Nom-la-Bret\u00e8che (Yvelines) \u00bb en raison d\u2019un \u00ab manque d\u2019adh\u00e9rence aux rails dans le secteur de Saint-Cloud \u00bb.<\/p>\n<p class=\"paragraph text_align_left lp-f-body-02\">La ligne N affiche un \u00ab trafic perturb\u00e9 sur l\u2019ensemble de la ligne \u00bb avec \u00ab certains trains retir\u00e9s de la circulation de 16 heures jusqu\u2019\u00e0 20 heures environ \u00bb. La ligne U reste \u00e9galement touch\u00e9e avec un \u00ab trafic perturb\u00e9 entre La Verri\u00e8re (Yvelines) et La D\u00e9fense (Hauts-de-Seine) \u00bb.<\/p>\n<p>\u00c9quipes techniques d\u00e9ploy\u00e9es sur le territoire<\/p>\n<p class=\"paragraph text_align_left lp-f-body-02\">Benjamin n\u2019\u00e9pargne aucun mode de transport. Le tramway T3A subit, \u00e0 Paris, un \u00ab trafic perturb\u00e9 sur toute la ligne en raison de feuilles mortes \u00bb qui r\u00e9duisent drastiquement l\u2019adh\u00e9rence des rames.<\/p>\n<p class=\"paragraph text_align_left lp-f-body-02\">La temp\u00eate a d\u00e9j\u00e0 <a href=\"https:\/\/www.leparisien.fr\/haute-corse-2b\/tempete-benjamin-un-vacancier-meurt-emporte-par-une-crue-en-corse-le-reste-de-sa-famille-sauve-par-les-pompiers-23-10-2025-KCDFHXXVK5GPRNUGCDALLWT2NY.php\" target=\"_blank\" rel=\"noreferrer noopener\">fait un mort en Corse<\/a> et provoqu\u00e9 des coupures d\u2019\u00e9lectricit\u00e9 touchant 60 000 foyers. Par pr\u00e9caution, <a href=\"https:\/\/www.leparisien.fr\/paris-75\/tempete-benjamin-tous-les-parcs-et-jardins-fermes-ce-jeudi-a-paris-les-exterieurs-du-chateau-de-versailles-inaccessibles-a-partir-de-midi-23-10-2025-623ZLA7BYFDFVOONAPPNWRNAEU.php\" target=\"_blank\" rel=\"noreferrer noopener\">parcs, jardins et cimeti\u00e8res parisiens<\/a> ont \u00e9t\u00e9 ferm\u00e9s, tout comme les parcs d\u00e9partementaux de Seine-Saint-Denis.<\/p>\n<p class=\"title-embed-dailymotion lp-color-text lp-f-subtitle-04\">Vid\u00e9oTemp\u00eate Benjamin :  des vents \u00e0 plus de 150km\/h sur la dune du Pilat<\/p>\n<p class=\"paragraph text_align_left lp-f-body-02\">Face \u00e0 cette situation, la SNCF a d\u00e9ploy\u00e9 ses \u00e9quipes techniques munies de tron\u00e7onneuses pour d\u00e9gager les nombreux arbres tomb\u00e9s sur les voies. Des limitations de vitesse restent en vigueur sur plusieurs tron\u00e7ons pour \u00e9viter que les trains ne restent bloqu\u00e9s.<\/p>\n<p class=\"paragraph text_align_left lp-f-body-02\">La vigilance jaune devrait \u00eatre progressivement lev\u00e9e dans la soir\u00e9e, laissant esp\u00e9rer une am\u00e9lioration graduelle du trafic ferroviaire francilien.<\/p>\n","protected":false},"excerpt":{"rendered":"L\u2019heure de pointe du jeudi 23 octobre tourne au cauchemar pour les voyageurs franciliens. Peu apr\u00e8s 18 heures,&hellip;\n","protected":false},"author":2,"featured_media":485139,"comment_status":"","ping_status":"","sticky":false,"template":"","format":"standard","meta":{"footnotes":""},"categories":[1592],"tags":[1111,11,1777,674,1011,27,662,1944,12,626,25,2382],"class_list":{"0":"post-485138","1":"post","2":"type-post","3":"status-publish","4":"format-standard","5":"has-post-thumbnail","7":"category-ile-de-france","8":"tag-actu","9":"tag-actualites","10":"tag-eu","11":"tag-europe","12":"tag-fr","13":"tag-france","14":"tag-ile-de-france","15":"tag-ma-ville","16":"tag-news","17":"tag-paris","18":"tag-republique-francaise","19":"tag-transport-idf-oise"},"share_on_mastodon":{"url":"https:\/\/pubeurope.com\/@fr\/115425340636057743","error":""},"_links":{"self":[{"href":"https:\/\/www.europesays.com\/fr\/wp-json\/wp\/v2\/posts\/485138","targetHints":{"allow":["GET"]}}],"collection":[{"href":"https:\/\/www.europesays.com\/fr\/wp-json\/wp\/v2\/posts"}],"about":[{"href":"https:\/\/www.europesays.com\/fr\/wp-json\/wp\/v2\/types\/post"}],"author":[{"embeddable":true,"href":"https:\/\/www.europesays.com\/fr\/wp-json\/wp\/v2\/users\/2"}],"replies":[{"embeddable":true,"href":"https:\/\/www.europesays.com\/fr\/wp-json\/wp\/v2\/comments?post=485138"}],"version-history":[{"count":0,"href":"https:\/\/www.europesays.com\/fr\/wp-json\/wp\/v2\/posts\/485138\/revisions"}],"wp:featuredmedia":[{"embeddable":true,"href":"https:\/\/www.europesays.com\/fr\/wp-json\/wp\/v2\/media\/485139"}],"wp:attachment":[{"href":"https:\/\/www.europesays.com\/fr\/wp-json\/wp\/v2\/media?parent=485138"}],"wp:term":[{"taxonomy":"category","embeddable":true,"href":"https:\/\/www.europesays.com\/fr\/wp-json\/wp\/v2\/categories?post=485138"},{"taxonomy":"post_tag","embeddable":true,"href":"https:\/\/www.europesays.com\/fr\/wp-json\/wp\/v2\/tags?post=485138"}],"curies":[{"name":"wp","href":"https:\/\/api.w.org\/{rel}","templated":true}]}}