{"id":485144,"date":"2025-10-23T20:23:09","date_gmt":"2025-10-23T20:23:09","guid":{"rendered":"https:\/\/www.europesays.com\/fr\/485144\/"},"modified":"2025-10-23T20:23:09","modified_gmt":"2025-10-23T20:23:09","slug":"un-cotentinais-dans-lequipe-de-sebastien-lecornu-a-matignon","status":"publish","type":"post","link":"https:\/\/www.europesays.com\/fr\/485144\/","title":{"rendered":"Un Cotentinais dans l&rsquo;\u00e9quipe de S\u00e9bastien Lecornu \u00e0 Matignon"},"content":{"rendered":"<p>            Par<br \/>\n        <strong><br \/>\n            <a href=\"https:\/\/actu.fr\/auteur\/j-munoz\" title=\"Consulter tous les articles de Julien Munoz\" target=\"_blank\" rel=\"noopener\">Julien Munoz<\/a><br \/>\n        <\/strong><\/p>\n<p>        Publi\u00e9 le<\/p>\n<p>            23 oct. 2025 \u00e0 20h36        <\/p>\n<p>\u00c0 Matignon, ces derniers mois, les Premiers ministres passent.<b> Lui, par contre, reste.<\/b><\/p>\n<p class=\" wall-content\">Apr\u00e8s avoir int\u00e9gr\u00e9 le\u00a0cabinet de\u00a0<a href=\"https:\/\/actu.fr\/tag\/michel-barnier\" target=\"_blank\" rel=\"noopener\">Michel Barnier\u00a0<\/a>en tant que chef du p\u00f4le \u00ab Environnement \u00e9nergie transports logement \u00bb, puis avoir \u00e9t\u00e9 confirm\u00e9 dans cette fonction par <a href=\"https:\/\/actu.fr\/tag\/francois-bayrou\" target=\"_blank\" rel=\"noopener\">Fran\u00e7ois Bayrou<\/a>,<b> Vincent Le Biez<\/b> figure dans la liste des soixante-quatre membres du cabinet de<a href=\"https:\/\/actu.fr\/tag\/sebastien-lecornu\" target=\"_blank\" rel=\"noopener\"> S\u00e9bastien Lecornu<\/a>.<\/p>\n<p>Un CV bien rempli<\/p>\n<p data-v-854b1cb6=\"\" data-bloc-type=\"texte\" class=\" wall-content\">Originaire de\u00a0<a href=\"https:\/\/actu.fr\/normandie\/saint-germain-le-gaillard_50480\" target=\"_blank\" rel=\"noopener\">Saint-Germain-le-Gaillard<\/a>, pr\u00e8s <a href=\"https:\/\/actu.fr\/normandie\/les-pieux_50402\" target=\"_blank\" rel=\"noopener\">des Pieux<\/a>, o\u00f9 ses parents \u00e9taient agriculteurs, Vincent\u00a0Le\u00a0Biez\u00a0a commenc\u00e9 sa carri\u00e8re <b>en 2010<\/b> \u00e0 la Direction r\u00e9gionale et interd\u00e9partementale de l\u2019\u00e9nergie et de l\u2019environnement d\u2019\u00cele-de-France (DRIEE-IF) o\u00f9 il occupa\u00a0le poste de chef du service \u00e9nergie, climat, v\u00e9hicules, \u00e9galement en charge de la qualit\u00e9 de l\u2019air.<\/p>\n<p data-v-854b1cb6=\"\" data-bloc-type=\"texte\" class=\" wall-content\"><b>En 2013,<\/b> il rejoignit la direction g\u00e9n\u00e9rale du Tr\u00e9sor comme adjoint au chef de bureau, en charge des projets nucl\u00e9aires \u00e0 l\u2019international, de l\u2019Irak\u00a0et de l\u2019Iran, o\u00f9 il participe notamment aux n\u00e9gociations conduisant \u00e0 l\u2019accord de\u00a0Vienne (JCPOA) de juillet\u00a02015.<\/p>\n<p>Comme lui, une trentaine de membres du cabinet sont arriv\u00e9s \u00e0 Matignon avant le Premier ministre<\/p>\n<p data-v-854b1cb6=\"\" data-bloc-type=\"texte\" class=\" wall-content\">Direction ensuite l\u2019Agence des participations de l\u2019\u00c9tat <b>en septembre\u00a02015<\/b> comme charg\u00e9 de participations en charge d\u2019EDF\u00a0et de ses filiales r\u00e9gul\u00e9es.<\/p>\n<p data-v-854b1cb6=\"\" data-bloc-type=\"texte\" class=\" wall-content\">L\u2019ing\u00e9nieur en chef des Mines fut nomm\u00e9 par la suite directeur de participations adjoint \u00c9nergie<b> en f\u00e9vrier\u00a02017 <\/b>et repr\u00e9sente l\u2019\u00c9tat au sein des conseils de surveillance de\u00a0RTE\u00a0et d\u2019Enedis. <b>En septembre\u00a02019,<\/b> le\u00a0fonctionnaire au minist\u00e8re de l\u2019\u00c9conomie et des Finances devint directeur de participations en charge du secteur industrie.<\/p>\n<p data-v-854b1cb6=\"\" data-bloc-type=\"texte\" class=\" wall-content\">S\u00e9bastien Lecornu a choisi de <b>reconduire l\u2019ensemble de son cabinet<\/b>, quelques jours apr\u00e8s sa d\u00e9mission. Comme Vincent Le Biez, une trentaine de ces membres faisaient partie de l\u2019\u00e9quipe de Fran\u00e7ois Bayrou. Quatre autres personnes travaillent avec le Cotentinais au sein du p\u00f4le \u00ab Environnement \u00e9nergie transports logement \u00bb.<\/p>\n<p data-v-854b1cb6=\"\" data-bloc-type=\"texte\" class=\" wall-content\">41 membres de ce cabinet sont des hommes, 23 des femmes.<\/p>\n<p class=\" wall-content\">Personnalisez votre actualit\u00e9 en ajoutant vos villes et m\u00e9dias en favori avec <a href=\"https:\/\/moncompte.actu.fr\" title=\"D\u00e9couvez Mon Actu\" rel=\"nofollow noopener\" data-trk=\"{&quot;cta&quot;:{&quot;action&quot;:&quot;https:\\\/\\\/moncompte.actu.fr&quot;,&quot;category&quot;:&quot;mon compte&quot;,&quot;from&quot;:&quot;article footer&quot;,&quot;name&quot;:&quot;Mon actu&quot;,&quot;type&quot;:&quot;cta&quot;}}\" target=\"_blank\">Mon Actu<\/a>.<\/p>\n","protected":false},"excerpt":{"rendered":"Par Julien Munoz Publi\u00e9 le 23 oct. 2025 \u00e0 20h36 \u00c0 Matignon, ces derniers mois, les Premiers ministres&hellip;\n","protected":false},"author":2,"featured_media":485145,"comment_status":"","ping_status":"","sticky":false,"template":"","format":"standard","meta":{"footnotes":""},"categories":[1888],"tags":[11,3168,1777,674,1011,27,56922,49272,12,626,316,25],"class_list":{"0":"post-485144","1":"post","2":"type-post","3":"status-publish","4":"format-standard","5":"has-post-thumbnail","7":"category-paris","8":"tag-actualites","9":"tag-cotentin","10":"tag-eu","11":"tag-europe","12":"tag-fr","13":"tag-france","14":"tag-gouvernement-lecornu","15":"tag-matignon","16":"tag-news","17":"tag-paris","18":"tag-politique","19":"tag-republique-francaise"},"share_on_mastodon":{"url":"","error":""},"_links":{"self":[{"href":"https:\/\/www.europesays.com\/fr\/wp-json\/wp\/v2\/posts\/485144","targetHints":{"allow":["GET"]}}],"collection":[{"href":"https:\/\/www.europesays.com\/fr\/wp-json\/wp\/v2\/posts"}],"about":[{"href":"https:\/\/www.europesays.com\/fr\/wp-json\/wp\/v2\/types\/post"}],"author":[{"embeddable":true,"href":"https:\/\/www.europesays.com\/fr\/wp-json\/wp\/v2\/users\/2"}],"replies":[{"embeddable":true,"href":"https:\/\/www.europesays.com\/fr\/wp-json\/wp\/v2\/comments?post=485144"}],"version-history":[{"count":0,"href":"https:\/\/www.europesays.com\/fr\/wp-json\/wp\/v2\/posts\/485144\/revisions"}],"wp:featuredmedia":[{"embeddable":true,"href":"https:\/\/www.europesays.com\/fr\/wp-json\/wp\/v2\/media\/485145"}],"wp:attachment":[{"href":"https:\/\/www.europesays.com\/fr\/wp-json\/wp\/v2\/media?parent=485144"}],"wp:term":[{"taxonomy":"category","embeddable":true,"href":"https:\/\/www.europesays.com\/fr\/wp-json\/wp\/v2\/categories?post=485144"},{"taxonomy":"post_tag","embeddable":true,"href":"https:\/\/www.europesays.com\/fr\/wp-json\/wp\/v2\/tags?post=485144"}],"curies":[{"name":"wp","href":"https:\/\/api.w.org\/{rel}","templated":true}]}}