{"id":485157,"date":"2025-10-23T20:31:14","date_gmt":"2025-10-23T20:31:14","guid":{"rendered":"https:\/\/www.europesays.com\/fr\/485157\/"},"modified":"2025-10-23T20:31:14","modified_gmt":"2025-10-23T20:31:14","slug":"et-si-cetait-la-derniere-fois-dimanche-la-commission-europeenne-y-travaille","status":"publish","type":"post","link":"https:\/\/www.europesays.com\/fr\/485157\/","title":{"rendered":"Et si c\u2019\u00e9tait la derni\u00e8re fois dimanche ? La commission europ\u00e9enne y travaille"},"content":{"rendered":"<p class=\"mb-4 text-lg md:leading-8 break-words\"><strong>TIC-TAC &#8211; L\u2019arr\u00eat du changement d\u2019heure est pl\u00e9biscit\u00e9 par les citoyens depuis\u00a02018 mais toujours bloqu\u00e9 faute d\u2019accord entre les 27 Etats membres<\/strong><\/p>\n<p class=\"mb-4 text-lg md:leading-8 break-words\">Alors que les Europ\u00e9ens s\u2019appr\u00eatent \u00e0 reculer leurs montres d\u2019une heure ce week-end, la <a href=\"https:\/\/www.20minutes.fr\/dossier\/commission_europeenne?at_medium=RSS%20feed&amp;at_campaign=ynews&amp;utm_source=yahoo&amp;utm_medium=rss&amp;utm_campaign=news_feed&amp;utm_content=in_article_link\" rel=\"nofollow noopener\" target=\"_blank\" data-ylk=\"slk:Commission europ\u00e9enne;elm:context_link;itc:0;sec:content-canvas\" class=\"link \">Commission europ\u00e9enne<\/a> a r\u00e9veill\u00e9 un vieux serpent de mer\u00a0: la suppression du <a href=\"https:\/\/www.20minutes.fr\/dossier\/changement_d_heure?at_medium=RSS%20feed&amp;at_campaign=ynews&amp;utm_source=yahoo&amp;utm_medium=rss&amp;utm_campaign=news_feed&amp;utm_content=in_article_link\" rel=\"nofollow noopener\" target=\"_blank\" data-ylk=\"slk:changement d\u2019heure;elm:context_link;itc:0;sec:content-canvas\" class=\"link \">changement d\u2019heure<\/a>. Une r\u00e9forme pl\u00e9biscit\u00e9e par les citoyens, soutenue par plusieurs Etats membres, mais bloqu\u00e9e depuis des ann\u00e9es faute d\u2019accord entre les 27.<\/p>\n<p class=\"mb-4 text-lg md:leading-8 break-words\">Le passage \u00e0 l\u2019<a href=\"https:\/\/www.20minutes.fr\/dossier\/heure_d_t?at_medium=RSS%20feed&amp;at_campaign=ynews&amp;utm_source=yahoo&amp;utm_medium=rss&amp;utm_campaign=news_feed&amp;utm_content=in_article_link\" rel=\"nofollow noopener\" target=\"_blank\" data-ylk=\"slk:heure d\u2019\u00e9t\u00e9;elm:context_link;itc:0;sec:content-canvas\" class=\"link \">heure d\u2019\u00e9t\u00e9<\/a> et \u00e0 l\u2019<a href=\"https:\/\/www.20minutes.fr\/dossier\/heure_d_hiver-1?at_medium=RSS%20feed&amp;at_campaign=ynews&amp;utm_source=yahoo&amp;utm_medium=rss&amp;utm_campaign=news_feed&amp;utm_content=in_article_link\" rel=\"nofollow noopener\" target=\"_blank\" data-ylk=\"slk:heure d\u2019hiver;elm:context_link;itc:0;sec:content-canvas\" class=\"link \">heure d\u2019hiver<\/a> avait \u00e9t\u00e9 instaur\u00e9 dans les ann\u00e9es\u00a01970, au c\u0153ur de la crise p\u00e9troli\u00e8re, afin d\u2019\u00e9conomiser l\u2019\u00e9nergie. Pr\u00e8s d\u2019un demi-si\u00e8cle plus tard, cette justification ne convainc plus. Les progr\u00e8s de l\u2019\u00e9clairage \u00e0 basse consommation ont rendu les gains \u00e9nerg\u00e9tiques \u00ab\u00a0modestes\u00a0\u00bb, reconnaissent les institutions europ\u00e9ennes. En revanche, les effets n\u00e9gatifs sur la sant\u00e9, le sommeil et la S\u00e9curit\u00e9 routi\u00e8re se sont impos\u00e9s dans le d\u00e9bat public.<\/p>\n<p>Une premi\u00e8re proposition en\u00a02018<\/p>\n<p class=\"mb-4 text-lg md:leading-8 break-words\">D\u00e8s\u00a02018, la Commission avait propos\u00e9 d\u2019en finir avec le changement d\u2019heure, apr\u00e8s une consultation record \u00e0 l\u2019\u00e9chelle de l\u2019Union\u00a0: 84\u00a0% des quatre millions de participants s\u2019\u00e9taient prononc\u00e9s pour son abolition, et le <a href=\"https:\/\/www.20minutes.fr\/dossier\/parlement_europeen?at_medium=RSS%20feed&amp;at_campaign=ynews&amp;utm_source=yahoo&amp;utm_medium=rss&amp;utm_campaign=news_feed&amp;utm_content=in_article_link\" rel=\"nofollow noopener\" target=\"_blank\" data-ylk=\"slk:Parlement europ\u00e9en;elm:context_link;itc:0;sec:content-canvas\" class=\"link \">Parlement europ\u00e9en<\/a> avait valid\u00e9 la mesure. Mais le texte s\u2019est ensuite enlis\u00e9 dans les discussions entre Etats membres, certains pr\u00e9f\u00e9rant conserver l\u2019heure d\u2019\u00e9t\u00e9, d\u2019autres l\u2019heure d\u2019hiver.<\/p>\n<p class=\"mb-4 text-lg md:leading-8 break-words\">A l\u2019occasion du nouveau passage \u00e0 l\u2019heure d\u2019hiver, les eurod\u00e9put\u00e9s ont remis le sujet \u00e0 l\u2019agenda lors d\u2019un d\u00e9bat \u00e0 Strasbourg. Le commissaire europ\u00e9en aux Transports, Apostolos Tzitzikostas, a plaid\u00e9 pour une action rapide\u00a0: \u00ab\u00a0Le temps est venu de met(&#8230;)<\/p>\n<p class=\"mb-4 text-lg md:leading-8 break-words\"><a href=\"https:\/\/www.20minutes.fr\/societe\/4181275-20251023-heure-hiver-si-derniere-fois-dimanche-commission-europeenne-travaille?at_medium=RSS%20feed&amp;at_campaign=ynews&amp;utm_source=yahoo&amp;utm_medium=rss&amp;utm_campaign=news_feed&amp;utm_content=read_more_link&quot;\" rel=\"nofollow noopener\" target=\"_blank\" data-ylk=\"slk:Lire la suite sur 20minutes;elm:context_link;itc:0;sec:content-canvas\" class=\"link \">Lire la suite sur 20minutes<\/a><\/p>\n<p>\u00c0 lire aussi :<br \/><a href=\"https:\/\/www.20minutes.fr\/tempo\/bien-etre\/4181059-20251023-passage-heure-hiver-2025-quand-reculer-montres?at_medium=RSS%20feed&amp;at_campaign=ynews&amp;utm_source=yahoo&amp;utm_medium=rss&amp;utm_campaign=news_feed&amp;utm_content=related_content_link\" rel=\"nofollow noopener\" target=\"_blank\" data-ylk=\"slk:Passage \u00e0 l\u2019heure d\u2019hiver 2025 : Quand reculer vos montres ?;elm:context_link;itc:0;sec:content-canvas\" class=\"link \">Passage \u00e0 l\u2019heure d\u2019hiver 2025 : Quand reculer vos montres ?<\/a><br \/><a href=\"https:\/\/www.20minutes.fr\/tempo\/bien-etre\/4145504-20250328-changement-heure-pourquoi-heure-pire-sante-surtout-couche-tard?at_medium=RSS%20feed&amp;at_campaign=ynews&amp;utm_source=yahoo&amp;utm_medium=rss&amp;utm_campaign=news_feed&amp;utm_content=related_content_link\" rel=\"nofollow noopener\" target=\"_blank\" data-ylk=\"slk:Changement d\u2019heure\u00a0: Pourquoi l\u2019heure d\u2019\u00e9t\u00e9 est-elle la pire pour la sant\u00e9 (surtout pour les couche-tard)\u00a0?;elm:context_link;itc:0;sec:content-canvas\" class=\"link \">Changement d\u2019heure\u00a0: Pourquoi l\u2019heure d\u2019\u00e9t\u00e9 est-elle la pire pour la sant\u00e9 (surtout pour les couche-tard)\u00a0?<\/a><\/p>\n","protected":false},"excerpt":{"rendered":"TIC-TAC &#8211; L\u2019arr\u00eat du changement d\u2019heure est pl\u00e9biscit\u00e9 par les citoyens depuis\u00a02018 mais toujours bloqu\u00e9 faute d\u2019accord entre&hellip;\n","protected":false},"author":2,"featured_media":485158,"comment_status":"","ping_status":"","sticky":false,"template":"","format":"standard","meta":{"footnotes":""},"categories":[1586],"tags":[11,58827,2196,5999,1777,674,1779,1011,27,60840,60839,12,25,1778,364],"class_list":{"0":"post-485157","1":"post","2":"type-post","3":"status-publish","4":"format-standard","5":"has-post-thumbnail","7":"category-europe","8":"tag-actualites","9":"tag-changement-dheure","10":"tag-commission-europeenne","11":"tag-etats-membres","12":"tag-eu","13":"tag-europe","14":"tag-european-union","15":"tag-fr","16":"tag-france","17":"tag-lheure-dete","18":"tag-lheure-dhiver","19":"tag-news","20":"tag-republique-francaise","21":"tag-ue","22":"tag-union-europeenne"},"share_on_mastodon":{"url":"https:\/\/pubeurope.com\/@fr\/115425383842477837","error":""},"_links":{"self":[{"href":"https:\/\/www.europesays.com\/fr\/wp-json\/wp\/v2\/posts\/485157","targetHints":{"allow":["GET"]}}],"collection":[{"href":"https:\/\/www.europesays.com\/fr\/wp-json\/wp\/v2\/posts"}],"about":[{"href":"https:\/\/www.europesays.com\/fr\/wp-json\/wp\/v2\/types\/post"}],"author":[{"embeddable":true,"href":"https:\/\/www.europesays.com\/fr\/wp-json\/wp\/v2\/users\/2"}],"replies":[{"embeddable":true,"href":"https:\/\/www.europesays.com\/fr\/wp-json\/wp\/v2\/comments?post=485157"}],"version-history":[{"count":0,"href":"https:\/\/www.europesays.com\/fr\/wp-json\/wp\/v2\/posts\/485157\/revisions"}],"wp:featuredmedia":[{"embeddable":true,"href":"https:\/\/www.europesays.com\/fr\/wp-json\/wp\/v2\/media\/485158"}],"wp:attachment":[{"href":"https:\/\/www.europesays.com\/fr\/wp-json\/wp\/v2\/media?parent=485157"}],"wp:term":[{"taxonomy":"category","embeddable":true,"href":"https:\/\/www.europesays.com\/fr\/wp-json\/wp\/v2\/categories?post=485157"},{"taxonomy":"post_tag","embeddable":true,"href":"https:\/\/www.europesays.com\/fr\/wp-json\/wp\/v2\/tags?post=485157"}],"curies":[{"name":"wp","href":"https:\/\/api.w.org\/{rel}","templated":true}]}}