{"id":485165,"date":"2025-10-23T20:38:12","date_gmt":"2025-10-23T20:38:12","guid":{"rendered":"https:\/\/www.europesays.com\/fr\/485165\/"},"modified":"2025-10-23T20:38:12","modified_gmt":"2025-10-23T20:38:12","slug":"ugo-humbert-domine-le-4e-mondial-taylor-fritz-et-file-en-quarts-de-finale-a-bale-lequipe","status":"publish","type":"post","link":"https:\/\/www.europesays.com\/fr\/485165\/","title":{"rendered":"Ugo Humbert domine le 4e mondial Taylor Fritz et file en quarts de finale \u00e0 B\u00e2le &#8211; L&#039;\u00c9quipe"},"content":{"rendered":"<ol>\n<li><a href=\"https:\/\/news.google.com\/rss\/articles\/CBMiyAFBVV95cUxNUERRaXF0eXhfYzZvTk1XTVprcE9sRFcxNFNiTy15U3pObm9jTUhvcjlybElJaWIxRlUwMjdVRU5ZS0FXeUo1RVMzRERRNWVLU1VXNmZGbmFHVUZkTkxqMGZqdEZ3MVh2bHFwbHVKTS1QMFQ5b2pIdU5MbGo2amhMb2Q3NmEzOTMyRXk2cUhRLWE3Y2JGRkVHQkhYZ3E5Mkt5bnozN1NGdERsQVprQTV5WnBwM0ZGMElDcDBVWlBPYWlyNl8tTldUWA?oc=5\" target=\"_blank\" rel=\"nofollow noopener\">Ugo Humbert domine le 4e mondial Taylor Fritz et file en quarts de finale \u00e0 B\u00e2le<\/a>&nbsp;&nbsp;L&rsquo;\u00c9quipe<\/li>\n<li><a href=\"https:\/\/news.google.com\/rss\/articles\/CBMihwJBVV95cUxQMFJ2MUZfQ1NKY1FOOVpqV0xFSkxpeG4xd0lkOG03cWRxcW5JanJaNWtiYzhvTnpmNWFLTDRNZkVMZUZ5ZGFWS0ozLWlNY1pVSElmNl9pQ19uaWJyNXBfRXVnLXNzbjhDN0l3N2xkank5clhQdTkxMzF3XzlZQUJQUjRwTTlaLXBKblJmUEpfWW9BUmFVRkR6dTNyemIzUkFicW5WaHhpLWowWmlHblNaYkVWbXBQamhJU0xNY0FpTTBoM0F4Tk9SdUFtNmI5LW9NZk9LNEhNRHB5ZHJLRkZ2SFRNcUJuR2hscWRoYU1FRExSaXdnVTloci14UlktZXZ6ekZBYWRiaw?oc=5\" target=\"_blank\" rel=\"nofollow noopener\">Le 4e mondial battu : Grosse perf&rsquo; pour Humbert<\/a>&nbsp;&nbsp;Eurosport<\/li>\n<li><a href=\"https:\/\/news.google.com\/rss\/articles\/CBMitwFBVV95cUxNb0FJZ1lJSjM2VndESkdSQnlCU2paODZXWlVoUHRtOUhCNlVTOVQzTDA1SVhrNVF3QUxkZXFSLWxfUGZJNWo3ZzlIRk9oNHdtaXZXRHpNZ1VZelRwVG53MWc0enhDOWI2VW9VdHVESlpDNy1tLThFNXd3dkpHSWNyRmczdTFjRFhIc256U3pRaHQtU3V3VXFDbE9xLU5mOGhzWGFDQUQtcTBsaWlPNmdlSU9VOFJEREk?oc=5\" target=\"_blank\" rel=\"nofollow noopener\">Tennis : solide, Ugo Humbert \u00e9limine Taylor Fritz en 8e de finale \u00e0 B\u00e2le<\/a>&nbsp;&nbsp;Le Figaro<\/li>\n<li><a href=\"https:\/\/news.google.com\/rss\/articles\/CBMixAFBVV95cUxQT0V4M244QkNZNlNXMU1NNGxGamEtUFc5VlNTOFpXQ0lJSzZ4OGpWSlQyU3luZkRGWExIaWdpYWFQRW53ZTVWWDBVYnBPelhQVHNRQVBuOXpCMlh1UHhVTnNzYWFYU2ZjSVRuQi11WFVuTEdXUFIzTFlDVElhOUFrMm1QYzNpeWNIVXYwTllEVEhJVllOaGdwMTQtWUd6UzRjX1RVd1pfQnV6VW9acTlqUFJNbVJFTmhlZnhTOGNtaDUxV3dJ0gHDAUFVX3lxTE5BS3YzTllkSkNRTHROWnNqOWxiY2ViSTMySW80c1R3M05NMnN0Qk5fZUlRZlZFMk4xMVlyMi1WNnREZEkxNU40MmJHRHlTX3BrSHhYZFdyUDFVZk9ERnhid0pyekVyYTJ3VkV0SVNlaG5jX0M3QUJMYi02RFljLWtsOXBqX2taZEpoT255ZDZIbnhSNmVBb1ROb0x0d2tTU1dSdkd1ZWFGcjRWczluNFFySzk0QTdVZUxQZUhYeWRnZnY2QQ?oc=5\" target=\"_blank\" rel=\"nofollow noopener\">ATP &#8211; B\u00e2le : Humbert qualifi\u00e9 pour le 2e tour, Halys sorti par Ruud : Sports &#8211; Orange<\/a>&nbsp;&nbsp;Sports &#8211; Orange<\/li>\n<li><a href=\"https:\/\/news.google.com\/rss\/articles\/CBMikwJBVV95cUxOZXpaWDBnQnpfTmpjSjRESjRPcEIxYW5QN0RGUU1CQ3BOOUEydXk4bWM5N2lrZG01NWxoSmt5eEF6cWVqQWYxWU1KdGVOVW93SVNGaUJiaFJSUFdIejZXZUZtNTBjdVdyZXh2N1YwUnRCNDFNZWVlNWJoeVRpNXp0QWpjelI5aVZzZ2pRWEdOX2JyVTg5ZDJORDRWSlVzeUpBZVE4NGN4NF9adV8xVVJkbzEwQW9lTXNyWFF3X1g2dVMwZkVTbVN2QmlfWVlsMVhWVnFKR2VZRlIyMDJGYWRwc293YWVXRW5zWWNqNi0xb3VISXZxeGtpN0FGTlZVUXZMNFNFYVpvYVN6Z1FZS3NiN3pZcw?oc=5\" target=\"_blank\" rel=\"nofollow noopener\">ATP 500 de B\u00e2le. Ugo Humbert sort Taylor Fritz, t\u00eate de s\u00e9rie num\u00e9ro 1, et file en quart de finale<\/a>&nbsp;&nbsp;Ouest-France<\/li>\n<\/ol>\n","protected":false},"excerpt":{"rendered":"Ugo Humbert domine le 4e mondial Taylor Fritz et file en quarts de finale \u00e0 B\u00e2le&nbsp;&nbsp;L&rsquo;\u00c9quipe Le 4e&hellip;\n","protected":false},"author":2,"featured_media":485166,"comment_status":"","ping_status":"","sticky":false,"template":"","format":"standard","meta":{"footnotes":""},"categories":[1415],"tags":[1011,27,60,1467],"class_list":{"0":"post-485165","1":"post","2":"type-post","3":"status-publish","4":"format-standard","5":"has-post-thumbnail","7":"category-tennis","8":"tag-fr","9":"tag-france","10":"tag-sports","11":"tag-tennis"},"share_on_mastodon":{"url":"https:\/\/pubeurope.com\/@fr\/115425411257465475","error":""},"_links":{"self":[{"href":"https:\/\/www.europesays.com\/fr\/wp-json\/wp\/v2\/posts\/485165","targetHints":{"allow":["GET"]}}],"collection":[{"href":"https:\/\/www.europesays.com\/fr\/wp-json\/wp\/v2\/posts"}],"about":[{"href":"https:\/\/www.europesays.com\/fr\/wp-json\/wp\/v2\/types\/post"}],"author":[{"embeddable":true,"href":"https:\/\/www.europesays.com\/fr\/wp-json\/wp\/v2\/users\/2"}],"replies":[{"embeddable":true,"href":"https:\/\/www.europesays.com\/fr\/wp-json\/wp\/v2\/comments?post=485165"}],"version-history":[{"count":0,"href":"https:\/\/www.europesays.com\/fr\/wp-json\/wp\/v2\/posts\/485165\/revisions"}],"wp:featuredmedia":[{"embeddable":true,"href":"https:\/\/www.europesays.com\/fr\/wp-json\/wp\/v2\/media\/485166"}],"wp:attachment":[{"href":"https:\/\/www.europesays.com\/fr\/wp-json\/wp\/v2\/media?parent=485165"}],"wp:term":[{"taxonomy":"category","embeddable":true,"href":"https:\/\/www.europesays.com\/fr\/wp-json\/wp\/v2\/categories?post=485165"},{"taxonomy":"post_tag","embeddable":true,"href":"https:\/\/www.europesays.com\/fr\/wp-json\/wp\/v2\/tags?post=485165"}],"curies":[{"name":"wp","href":"https:\/\/api.w.org\/{rel}","templated":true}]}}