{"id":485173,"date":"2025-10-23T20:43:11","date_gmt":"2025-10-23T20:43:11","guid":{"rendered":"https:\/\/www.europesays.com\/fr\/485173\/"},"modified":"2025-10-23T20:43:11","modified_gmt":"2025-10-23T20:43:11","slug":"aucun-parisien-en-lice-pour-le-titre-de-joueur-de-la","status":"publish","type":"post","link":"https:\/\/www.europesays.com\/fr\/485173\/","title":{"rendered":"Aucun Parisien en lice pour le titre de joueur de la.."},"content":{"rendered":"<p><img width=\"780\" height=\"470\" src=\"https:\/\/www.europesays.com\/fr\/wp-content\/uploads\/2025\/10\/6GIOSKEWWNG4NAY67CTQT4KWEQ-780x470.jpg\" class=\"attachment-jannah-image-post size-jannah-image-post wp-post-image\" alt=\"Vitinha\" is_main_img=\"1\" decoding=\"async\" fetchpriority=\"high\"\/><\/p>\n<p>Comme apr\u00e8s chaque journ\u00e9e de <strong>Ligue des<br \/>\nChampions<\/strong>, l\u2019<strong>UEFA<\/strong> d\u00e9signe 4 joueurs en<br \/>\nlice pour le titre honorifique de joueur de la semaine. Apr\u00e8s la J3<br \/>\net malgr\u00e9 le carton du <strong>PSG<\/strong> (2-7) face au<br \/>\n<strong>Bayer Leverkusen<\/strong>, aucun joueur de <strong>Luis<br \/>\nEnrique<\/strong> n\u2019est en course.<\/p>\n<p>Sur le terrain du <strong>Bayer Leverkusen<\/strong>, le<br \/>\n<strong>PSG<\/strong> est all\u00e9 cette semaine infliger une v\u00e9ritable<br \/>\nle\u00e7on aux hommes de <strong>Kasper Hjulmand<\/strong>. En<br \/>\nl\u2019emportant aussi largement (2-7), le <strong><a href=\"https:\/\/canal-supporters.com\/bayer-leverkusen-psg-les-notes-des-parisiens-dans-la-presse\/\" rel=\"nofollow noopener\" target=\"_blank\"><br \/>\nParis Saint-Germain<\/a><\/strong> est entr\u00e9 dans l\u2019histoire de la<br \/>\n<strong>Ligue des Champions<\/strong> \u00e0 bien des \u00e9gards. Les<br \/>\nsupporters, observateurs et la presse europ\u00e9enne, tous ont \u00e9t\u00e9<br \/>\nunanimes : le <strong>PSG<\/strong> a fait forte impression, une<br \/>\nnouvelle fois. En France, le quotidien de sport national,<br \/>\nL\u2019Equipe, a attribu\u00e9 la note de 8 \u00e0 <strong>D\u00e9sir\u00e9<br \/>\nDou\u00e9<\/strong> et <strong>Nuno Mendes<\/strong>, quand Le<br \/>\nParisien a fait de <strong>Vitinha<\/strong> son homme du match<br \/>\navec la note de 9. Cependant, malgr\u00e9 ces performances XXL des<br \/>\njoueurs du club de la capitale, aucun d\u2019entre eux n\u2019est nomm\u00e9s par<br \/>\nl\u2019<strong><a href=\"https:\/\/www.uefa.com\/uefachampionsleague\/player-of-the-week\/\" rel=\"nofollow noopener\" target=\"_blank\">UEFA<\/a><\/strong><br \/>\npour le titre honorifique de joueur de la semaine en <strong>Ligue<br \/>\ndes Champions<\/strong>. En effet, la liste publi\u00e9e, <strong>Fermin<br \/>\nLopez<\/strong> (<strong>FC Barcelone<\/strong>), <strong>Dennis<br \/>\nMan<\/strong> (<strong>PSV Eindhoven<\/strong>), <strong>F\u00e9lix<br \/>\nNmecha<\/strong> (<strong>Borussia Dortmund<\/strong>) et<br \/>\n<strong>Gorka Guruzeta<\/strong> (<strong>Athletic Bilbao<\/strong>)<br \/>\nsont en course.<\/p>\n<\/p>\n<p>YouTube : <a href=\"https:\/\/www.youtube.com\/watch?v=6rblhwzJ6u4&amp;t=222s\" rel=\"nofollow noopener\" target=\"_blank\">Canal<br \/>\nSupporters Paris<\/a><\/p>\n","protected":false},"excerpt":{"rendered":"Comme apr\u00e8s chaque journ\u00e9e de Ligue des Champions, l\u2019UEFA d\u00e9signe 4 joueurs en lice pour le titre honorifique&hellip;\n","protected":false},"author":2,"featured_media":485174,"comment_status":"","ping_status":"","sticky":false,"template":"","format":"standard","meta":{"footnotes":""},"categories":[1410],"tags":[59734,81,63,1011,27,60841,789,5210,91,92,93,60,455,96,13296],"class_list":{"0":"post-485173","1":"post","2":"type-post","3":"status-publish","4":"format-standard","5":"has-post-thumbnail","7":"category-football","8":"tag-bayer-leverkusen-psg","9":"tag-canal-supporters","10":"tag-football","11":"tag-fr","12":"tag-france","13":"tag-joueur-de-la-semaine","14":"tag-ldc","15":"tag-nuno-mendes","16":"tag-paris-saint-germain","17":"tag-paris-sg","18":"tag-psg","19":"tag-sports","20":"tag-uefa","21":"tag-une","22":"tag-vitinha"},"share_on_mastodon":{"url":"https:\/\/pubeurope.com\/@fr\/115425432544948069","error":""},"_links":{"self":[{"href":"https:\/\/www.europesays.com\/fr\/wp-json\/wp\/v2\/posts\/485173","targetHints":{"allow":["GET"]}}],"collection":[{"href":"https:\/\/www.europesays.com\/fr\/wp-json\/wp\/v2\/posts"}],"about":[{"href":"https:\/\/www.europesays.com\/fr\/wp-json\/wp\/v2\/types\/post"}],"author":[{"embeddable":true,"href":"https:\/\/www.europesays.com\/fr\/wp-json\/wp\/v2\/users\/2"}],"replies":[{"embeddable":true,"href":"https:\/\/www.europesays.com\/fr\/wp-json\/wp\/v2\/comments?post=485173"}],"version-history":[{"count":0,"href":"https:\/\/www.europesays.com\/fr\/wp-json\/wp\/v2\/posts\/485173\/revisions"}],"wp:featuredmedia":[{"embeddable":true,"href":"https:\/\/www.europesays.com\/fr\/wp-json\/wp\/v2\/media\/485174"}],"wp:attachment":[{"href":"https:\/\/www.europesays.com\/fr\/wp-json\/wp\/v2\/media?parent=485173"}],"wp:term":[{"taxonomy":"category","embeddable":true,"href":"https:\/\/www.europesays.com\/fr\/wp-json\/wp\/v2\/categories?post=485173"},{"taxonomy":"post_tag","embeddable":true,"href":"https:\/\/www.europesays.com\/fr\/wp-json\/wp\/v2\/tags?post=485173"}],"curies":[{"name":"wp","href":"https:\/\/api.w.org\/{rel}","templated":true}]}}