{"id":485179,"date":"2025-10-23T20:46:24","date_gmt":"2025-10-23T20:46:24","guid":{"rendered":"https:\/\/www.europesays.com\/fr\/485179\/"},"modified":"2025-10-23T20:46:24","modified_gmt":"2025-10-23T20:46:24","slug":"linstitutrice-suzanne-martin-a-laisse-trois-livres-de-souvenirs","status":"publish","type":"post","link":"https:\/\/www.europesays.com\/fr\/485179\/","title":{"rendered":"l\u2019institutrice Suzanne Martin a laiss\u00e9 trois livres de souvenirs"},"content":{"rendered":"<p>Suzanne Martin\u00a0? Des g\u00e9n\u00e9rations de petits \u00e9coliers d\u2019Yssingeaux et ses environs dans les ann\u00e9es d\u2019apr\u00e8s-guerre se souviennent sans doute encore de ce patronyme. Mais aussi les amateurs de livres r\u00e9gionaux gr\u00e2ce aux trois ouvrages qu\u2019elle avait sign\u00e9s \u00e0 la fin du si\u00e8cle dernier.<\/p>\n<p>La vente de ses livres au profit d\u2019organisations telles que le Caphy, l\u2019Adapei et la Spa<\/p>\n<p>Suzanne Martin \u00e9tait n\u00e9e le 23\u00a0ao\u00fbt 1909 \u00e0 Grury, en Sa\u00f4ne-et-Loire\u00a0: son p\u00e8re, Auguste Gibelin, \u00e9tait originaire de Saint-Privat-d\u2019Allier et sa m\u00e8re, Marie-Louise, n\u00e9e Dutroncy, d\u2019origine bourguignonne.<\/p>\n<p>\u00c0 10 ans tout juste, elle avait ouvert un carnet de souvenirs qu\u2019elle a continu\u00e9 \u00e0 remplir tout au long de sa carri\u00e8re au service de l\u2019\u00c9ducation nationale. Elle y relatait fid\u00e8lement les faits et \u00e9v\u00e8nements essentiels. Parvenue \u00e0 la retraite, ces notes lui avaient facilit\u00e9 la r\u00e9daction de ses trois ouvrages publi\u00e9s presque coup sur coup&#8230;<\/p>\n","protected":false},"excerpt":{"rendered":"Suzanne Martin\u00a0? Des g\u00e9n\u00e9rations de petits \u00e9coliers d\u2019Yssingeaux et ses environs dans les ann\u00e9es d\u2019apr\u00e8s-guerre se souviennent sans&hellip;\n","protected":false},"author":2,"featured_media":485180,"comment_status":"","ping_status":"","sticky":false,"template":"","format":"standard","meta":{"footnotes":""},"categories":[1357],"tags":[1379,58,10446,59,1011,27,937,1380,104,15751,25394],"class_list":{"0":"post-485179","1":"post","2":"type-post","3":"status-publish","4":"format-standard","5":"has-post-thumbnail","7":"category-livres","8":"tag-books","9":"tag-divertissement","10":"tag-edition-haute-loire","11":"tag-entertainment","12":"tag-fr","13":"tag-france","14":"tag-histoire","15":"tag-livres","16":"tag-societe","17":"tag-yssingeaux","18":"tag-yssingeaux-ville"},"share_on_mastodon":{"url":"https:\/\/pubeurope.com\/@fr\/115425442979448694","error":""},"_links":{"self":[{"href":"https:\/\/www.europesays.com\/fr\/wp-json\/wp\/v2\/posts\/485179","targetHints":{"allow":["GET"]}}],"collection":[{"href":"https:\/\/www.europesays.com\/fr\/wp-json\/wp\/v2\/posts"}],"about":[{"href":"https:\/\/www.europesays.com\/fr\/wp-json\/wp\/v2\/types\/post"}],"author":[{"embeddable":true,"href":"https:\/\/www.europesays.com\/fr\/wp-json\/wp\/v2\/users\/2"}],"replies":[{"embeddable":true,"href":"https:\/\/www.europesays.com\/fr\/wp-json\/wp\/v2\/comments?post=485179"}],"version-history":[{"count":0,"href":"https:\/\/www.europesays.com\/fr\/wp-json\/wp\/v2\/posts\/485179\/revisions"}],"wp:featuredmedia":[{"embeddable":true,"href":"https:\/\/www.europesays.com\/fr\/wp-json\/wp\/v2\/media\/485180"}],"wp:attachment":[{"href":"https:\/\/www.europesays.com\/fr\/wp-json\/wp\/v2\/media?parent=485179"}],"wp:term":[{"taxonomy":"category","embeddable":true,"href":"https:\/\/www.europesays.com\/fr\/wp-json\/wp\/v2\/categories?post=485179"},{"taxonomy":"post_tag","embeddable":true,"href":"https:\/\/www.europesays.com\/fr\/wp-json\/wp\/v2\/tags?post=485179"}],"curies":[{"name":"wp","href":"https:\/\/api.w.org\/{rel}","templated":true}]}}