{"id":485198,"date":"2025-10-23T20:56:23","date_gmt":"2025-10-23T20:56:23","guid":{"rendered":"https:\/\/www.europesays.com\/fr\/485198\/"},"modified":"2025-10-23T20:56:23","modified_gmt":"2025-10-23T20:56:23","slug":"tous-les-candidats-declares-a-lelection-presidentielle-de-2027-et-ceux-qui-y-pensent-tres-fort","status":"publish","type":"post","link":"https:\/\/www.europesays.com\/fr\/485198\/","title":{"rendered":"Tous les candidats d\u00e9clar\u00e9s \u00e0 l\u2019\u00e9lection pr\u00e9sidentielle de\u00a02027 (et ceux qui y pensent tr\u00e8s fort)"},"content":{"rendered":"<p>Moi, pr\u00e9sident\u2022La secr\u00e9taire nationale des \u00c9cologistes Marine Tondelier a annonc\u00e9 qu\u2019elle se lan\u00e7ait dans la course \u00e0 l\u2019\u00c9lys\u00e9e pour\u00a02027. Elle n\u2019est clairement pas la seule &#8211; de mani\u00e8re affich\u00e9e ou non &#8211; \u00e0 briguer la fonction supr\u00eame<\/p>\n<p><img decoding=\"async\" alt=\"Marine Tondelier, la secr\u00e9taire nationale du parti Les Ecologistes, a officialis\u00e9 sa candidature \u00e0 l'Elys\u00e9e ce mercredi 22 octobre 2025. Elle veut porter \u00ab une \u00e9cologie qui tend la main, pas qui pointe du doigt. On ne veut pas emmerder le monde, on veut le sauver \u00bb. \" class=\"c-img\" loading=\"lazy\" fetchpriority=\"high\" width=\"1444\" height=\"920\"  src=\"https:\/\/img.20mn.fr\/NXU5v5pCQAiT-ULyRspQgyk\/1444x920_marine-tondelier-la-secretaire-nationale-du-parti-les-ecologistes-a-officialise-sa-candidature-a-l-elysee-ce-mercredi-22-octobre-2025-elle-veut-porter-une-ecologie-qui-tend-la-main-pas-qui-pointe-du-doigt-on-ne-veut-pas-emmerder-le-monde-on-veut-le-sauver\" \/>Marine Tondelier, la secr\u00e9taire nationale du parti Les Ecologistes, a officialis\u00e9 sa candidature \u00e0 l&rsquo;Elys\u00e9e ce mercredi 22 octobre 2025. Elle veut porter \u00ab une \u00e9cologie qui tend la main, pas qui pointe du doigt. On ne veut pas emmerder le monde, on veut le sauver \u00bb. \u2002-\u00a0ISA HARSIN\/SIPA<a href=\"https:\/\/www.20minutes.fr\/journaliste\/jean-bouclier\" target=\"_blank\" rel=\"noopener\"><img decoding=\"async\" class=\"c-avatar c-avatar--media\" src=\"https:\/\/www.europesays.com\/fr\/wp-content\/uploads\/2025\/06\/705f8dbe-e98a-4cfc-8f74-69e4745c778d.png\" alt=\"Jean Bouclier\"\/><\/p>\n<p class=\"font-weight-bold@xs text-s@xs\">J.B.<\/p>\n<p class=\"mt-xxs-2@xs color-grey-400 text-xxs@xs\">Publi\u00e9 le 23\/10\/2025 \u00e0 16h47 \u2022 Mis \u00e0 jour le 23\/10\/2025 \u00e0 18h45<\/p>\n<p><\/a><\/p>\n<p>C\u2019est, dit-elle, \u00ab\u00a0un acte d\u2019amour pour la France\u00a0\u00bb. La secr\u00e9taire nationale des <a href=\"https:\/\/www.20minutes.fr\/politique\/eelv\/\" class=\"c-link c-link--is-underlined\" target=\"_blank\" rel=\"noopener\">\u00c9cologistes<\/a>, <a href=\"https:\/\/www.20minutes.fr\/politique\/marine-tondelier\/\" class=\"c-link c-link--is-underlined\" target=\"_blank\" rel=\"noopener\">Marine Tondelier<\/a>, a annonc\u00e9 mercredi qu\u2019elle se lan\u00e7ait dans la course \u00e0 l\u2019<a href=\"https:\/\/www.20minutes.fr\/dossier\/elysee\" class=\"c-link c-link--is-underlined\" target=\"_blank\" rel=\"noopener\">\u00c9lys\u00e9e<\/a> pour\u00a02027. Elle devra en passer par la d\u00e9signation interne de son parti, puis &#8211; sans doute &#8211; par une primaire \u00e0 gauche. Un long combat qu\u2019elle se dit pr\u00eate \u00e0 mener\u00a0: \u00ab\u00a0Je ne fonce pas t\u00eate baiss\u00e9e dans cette aventure sans avoir r\u00e9fl\u00e9chi \u00e0 tout ce que cela implique\u00a0\u00bb, a-t-elle indiqu\u00e9 au <a href=\"https:\/\/www.nouvelobs.com\/politique\/20251022.OBS109023\/marine-tondelier-pourquoi-je-suis-candidate-a-l-election-presidentielle.html\" target=\"_blank\" class=\"c-link c-link--is-underlined\" rel=\"noopener\">Nouvel Obs<\/a>.<\/p>\n<p>Oui mais voil\u00e0, Marine Tondelier n\u2019est clairement pas la seule lanc\u00e9e <a href=\"https:\/\/www.20minutes.fr\/elections\/presidentielle\/\" class=\"c-link c-link--is-underlined\" target=\"_blank\" rel=\"noopener\">\u00e0 l\u2019assaut du \u00ab\u00a0ch\u00e2teau\u00a0\u00bb de l\u2019Elys\u00e9e<\/a>\u00a0: ils sont (tr\u00e8s) nombreux \u00e0 avoir d\u00e9j\u00e0 fait acte de candidature ou laisser entendre que la suite d\u2019Emmanuel Macron, \u00e7a pourrait bien passer par eux. Le casting est large, voyez plut\u00f4t.<\/p>\n<p><img fetchpriority=\"high\" decoding=\"async\" alt=\"Marine Tondelier, la secr\u00e9taire nationale du parti Les Ecologistes, a officialis\u00e9 sa candidature \u00e0 l\u2019Elys\u00e9e ce mercredi 22\u00a0octobre 2025. Elle veut porter \u00ab\u00a0une \u00e9cologie qui tend la main, pas qui pointe du doigt. On ne veut pas emmerder le monde, on veut le sauver\u00a0\u00bb.\" class=\"mb-s@xs radius-0@xs radius-xxs@md c-img\" loading=\"eager\" width=\"640\" height=\"408\" src=\"https:\/\/img.20mn.fr\/NXU5v5pCQAiT-ULyRspQgyk\/640x408_marine-tondelier-la-secretaire-nationale-du-parti-les-ecologistes-a-officialise-sa-candidature-a-l-elysee-ce-mercredi-22-octobre-2025-elle-veut-porter-une-ecologie-qui-tend-la-main-pas-qui-pointe-du-doigt-on-ne-veut-pas-emmerder-le-monde-on-veut-le-sauver\" \/>ISA HARSIN\/SIPA\u2002\/\u00a0Sipa<\/p>\n<p>Marine Tondelier, la secr\u00e9taire nationale du parti Les Ecologistes, a officialis\u00e9 sa candidature \u00e0 l\u2019Elys\u00e9e ce mercredi 22\u00a0octobre 2025. Elle veut porter \u00ab\u00a0une \u00e9cologie qui tend la main, pas qui pointe du doigt. On ne veut pas emmerder le monde, on veut le sauver\u00a0\u00bb.<\/p>\n<p><img decoding=\"async\" alt=\"Edouard Philippe est lanc\u00e9 dans un marathon. Le patron d\u2019Horizons s\u2019est d\u00e9clar\u00e9 candidat tout d\u00e9but septembre\u00a02024, juste avant la nomination de Michel Barnier \u00e0 Matignon. Et depuis, il tente de rester au contact dans les sondages. Aux derni\u00e8res nouvelles, il demandait \u00e0 Emmanuel Macron d\u2019\u00e9courter son second quinquennat.\" class=\"mb-s@xs radius-0@xs radius-xxs@md c-img\" loading=\"eager\" width=\"640\" height=\"408\" src=\"https:\/\/img.20mn.fr\/HEm7i6sqSSypF3TMYqM_Lik\/640x408_edouard-philippe-est-lance-dans-un-marathon-le-patron-d-horizons-s-est-declare-candidat-tout-debut-septembre-2024-juste-avant-la-nomination-de-michel-barnier-a-matignon-et-depuis-il-tente-de-rester-au-contact-dans-les-sondages-aux-dernieres-nouvelles-il-demandait-a-emmanuel-macron-d-ecourter-son-second-quinquennat\" \/>G. Cezard \/ Sipa\u2002\/\u00a0Sipa<\/p>\n<p>Edouard Philippe est lanc\u00e9 dans un marathon. Le patron d\u2019Horizons s\u2019est d\u00e9clar\u00e9 candidat tout d\u00e9but septembre\u00a02024, juste avant la nomination de Michel Barnier \u00e0 Matignon. Et depuis, il tente de rester au contact dans les sondages. Aux derni\u00e8res nouvelles, il demandait \u00e0 Emmanuel Macron d\u2019\u00e9courter son second quinquennat.<\/p>\n<p><img decoding=\"async\" alt=\"Fran\u00e7ois Ruffin est parti tr\u00e8s t\u00f4t dans son ascension. D\u00e8s mai\u00a02025, le d\u00e9put\u00e9 de la Somme s\u2019est jet\u00e9 \u00e0 l\u2019eau, indiquant qu\u2019il fallait une primaire \u00e0 gauche et qu\u2019il la \u00ab\u00a0remporterait\u00a0\u00bb.\" class=\"mb-s@xs radius-0@xs radius-xxs@md c-img\" loading=\"eager\" width=\"640\" height=\"408\" src=\"https:\/\/img.20mn.fr\/qRKRMAKVSS-Mg-ZcjMtCKik\/640x408_francois-ruffin-est-parti-tres-tot-dans-son-ascension-des-mai-2025-le-depute-de-la-somme-s-est-jete-a-l-eau-indiquant-qu-il-fallait-une-primaire-a-gauche-et-qu-il-la-remporterait\" \/>S. Lemouton\/Sipa\u2002\/\u00a0Sipa<\/p>\n<p>Fran\u00e7ois Ruffin est parti tr\u00e8s t\u00f4t dans son ascension. D\u00e8s mai\u00a02025, le d\u00e9put\u00e9 de la Somme s\u2019est jet\u00e9 \u00e0 l\u2019eau, indiquant qu\u2019il fallait une primaire \u00e0 gauche et qu\u2019il la \u00ab\u00a0remporterait\u00a0\u00bb.<\/p>\n<p><img decoding=\"async\" alt=\"La repr\u00e9sentante de \u00ab\u00a0L\u2019Apr\u00e8s\u00a0\u00bb Cl\u00e9mentine Autain est en lice depuis juin dernier. Pour elle aussi, il faudra en passer par une primaire \u00e0 gauche. \u00ab\u00a0Je suis candidate \u00e0 la candidature dans le cadre d\u2019un rassemblement\u00a0\u00bb, avait-elle annonc\u00e9.\" class=\"mb-s@xs radius-0@xs radius-xxs@md c-img\" loading=\"eager\" width=\"640\" height=\"408\" src=\"https:\/\/img.20mn.fr\/gx1p8ezeTheAdiwvaCjWoSk\/640x408_la-representante-de-l-apres-clementine-autain-est-en-lice-depuis-juin-dernier-pour-elle-aussi-il-faudra-en-passer-par-une-primaire-a-gauche-je-suis-candidate-a-la-candidature-dans-le-cadre-d-un-rassemblement-avait-elle-annonce\" \/>G. Cezard\/ Sipa\u2002\/\u00a0Sipa<\/p>\n<p>La repr\u00e9sentante de \u00ab\u00a0L\u2019Apr\u00e8s\u00a0\u00bb Cl\u00e9mentine Autain est en lice depuis juin dernier. Pour elle aussi, il faudra en passer par une primaire \u00e0 gauche. \u00ab\u00a0Je suis candidate \u00e0 la candidature dans le cadre d\u2019un rassemblement\u00a0\u00bb, avait-elle annonc\u00e9.<\/p>\n<p><img decoding=\"async\" alt=\"C\u2019est la candidate naturelle du Rassemblement national. Probl\u00e8me\u00a0: Marine Le Pen est pour l\u2019heure in\u00e9ligible et attend son proc\u00e8s en appel dans l\u2019affaire des assistants parlementaires, en janvier\u00a02026, pour en savoir plus. Elle a d\u00e9j\u00e0 pr\u00e9venu\u00a0: \u00ab\u00a0Je vais utiliser tous les recours qui sont en ma possession.\u00a0\u00bb\" class=\"mb-s@xs radius-0@xs radius-xxs@md c-img\" loading=\"eager\" width=\"640\" height=\"408\" src=\"https:\/\/img.20mn.fr\/UbpozyggRWaxDKPsLUQ3RSk\/640x408_c-est-la-candidate-naturelle-du-rassemblement-national-probleme-marine-le-pen-est-pour-l-heure-ineligible-et-attend-son-proces-en-appel-dans-l-affaire-des-assistants-parlementaires-en-janvier-2026-pour-en-savoir-plus-elle-a-deja-prevenu-je-vais-utiliser-tous-les-recours-qui-sont-en-ma-possession\" \/>Raphael Lafargue-Pool\/Sipa\u2002\/\u00a0Sipa<\/p>\n<p>C\u2019est la candidate naturelle du Rassemblement national. Probl\u00e8me\u00a0: Marine Le Pen est pour l\u2019heure in\u00e9ligible et attend son proc\u00e8s en appel dans l\u2019affaire des assistants parlementaires, en janvier\u00a02026, pour en savoir plus. Elle a d\u00e9j\u00e0 pr\u00e9venu\u00a0: \u00ab\u00a0Je vais utiliser tous les recours qui sont en ma possession.\u00a0\u00bb<\/p>\n<p><img decoding=\"async\" alt=\"Le jeune h\u00e9ritier de la macronie n\u2019est pas officiellement candidat. Mais Gabriel Attal, qui a repris les r\u00eanes de Renaissance, fait tout pour s\u2019\u00e9loigner du \u00ab\u00a0p\u00e8re\u00a0\u00bb et baliser son chemin vers\u00a02027. Comme lorsqu\u2019il a r\u00e9cemment confi\u00e9, \u00e0 propos du psychodrame Lecornu, qu\u2019il ne \u00ab\u00a0comprenait\u00a0plus\u00a0\u00bb Emmanuel Macron.\" class=\"mb-s@xs radius-0@xs radius-xxs@md c-img\" loading=\"eager\" width=\"640\" height=\"408\" src=\"https:\/\/img.20mn.fr\/C4PGd3c3S26nhuWLbh949yk\/640x408_le-jeune-heritier-de-la-macronie-n-est-pas-officiellement-candidat-mais-gabriel-attal-qui-a-repris-les-renes-de-renaissance-fait-tout-pour-s-eloigner-du-pere-et-baliser-son-chemin-vers-2027-comme-lorsqu-il-a-recemment-confie-a-propos-du-psychodrame-lecornu-qu-il-ne-comprenait-plus-emmanuel-macron\" \/>Stephane Vansteenkiste\/Sipa\u2002\/\u00a0Sipa<\/p>\n<p>Le jeune h\u00e9ritier de la macronie n\u2019est pas officiellement candidat. Mais Gabriel Attal, qui a repris les r\u00eanes de Renaissance, fait tout pour s\u2019\u00e9loigner du \u00ab\u00a0p\u00e8re\u00a0\u00bb et baliser son chemin vers\u00a02027. Comme lorsqu\u2019il a r\u00e9cemment confi\u00e9, \u00e0 propos du psychodrame Lecornu, qu\u2019il ne \u00ab\u00a0comprenait\u00a0plus\u00a0\u00bb Emmanuel Macron.<\/p>\n<p><img decoding=\"async\" alt=\"L\u2019\u00e9t\u00e9 dernier, Jean-Luc Melenchon a indiqu\u00e9 qu\u2019il n\u2019\u00e9tait pas partant pour une primaire de la gauche en vue de\u00a02027. Il y aura donc, sauf surprise, un candidat de La France insoumise. Et ce devrait \u00eatre, sauf surprise, lui.\" class=\"mb-s@xs radius-0@xs radius-xxs@md c-img\" loading=\"eager\" width=\"640\" height=\"408\" src=\"https:\/\/img.20mn.fr\/Pky7XgTdTNWbMlugdfRGjSk\/640x408_l-ete-dernier-jean-luc-melenchon-a-indique-qu-il-n-etait-pas-partant-pour-une-primaire-de-la-gauche-en-vue-de-2027-il-y-aura-donc-sauf-surprise-un-candidat-de-la-france-insoumise-et-ce-devrait-etre-sauf-surprise-lui\" \/>O. Juszczak \/ Sipa\u2002\/\u00a0Sipa<\/p>\n<p>L\u2019\u00e9t\u00e9 dernier, Jean-Luc Melenchon a indiqu\u00e9 qu\u2019il n\u2019\u00e9tait pas partant pour une primaire de la gauche en vue de\u00a02027. Il y aura donc, sauf surprise, un candidat de La France insoumise. Et ce devrait \u00eatre, sauf surprise, lui.<\/p>\n<p><img decoding=\"async\" alt=\"En faisant sauter presque \u00e0 lui tout seul le gouvernement Lecornu I, Bruno Retailleau a sans doute perdu gros. Mais pas son app\u00e9tit. Le patron des LR disait cette semaine que \u00ab\u00a0nous reparlerons de la pr\u00e9sidentielle en d\u00e9but d\u2019ann\u00e9e prochaine\u00a0\u00bb, \u00e9voquant un \u00ab\u00a0chemin\u00a0\u00bb de \u00ab\u00a0tous les possibles\u00a0\u00bb.\" class=\"mb-s@xs radius-0@xs radius-xxs@md c-img\" loading=\"eager\" width=\"640\" height=\"408\" src=\"https:\/\/img.20mn.fr\/qsssvWDVS2uu1-H8QUn0_Ck\/640x408_en-faisant-sauter-presque-a-lui-tout-seul-le-gouvernement-lecornu-i-bruno-retailleau-a-sans-doute-perdu-gros-mais-pas-son-appetit-le-patron-des-lr-disait-cette-semaine-que-nous-reparlerons-de-la-presidentielle-en-debut-d-annee-prochaine-evoquant-un-chemin-de-tous-les-possibles\" \/>Isa Harsin \/ Sipa\u2002\/\u00a0Sipa<\/p>\n<p>En faisant sauter presque \u00e0 lui tout seul le gouvernement Lecornu I, Bruno Retailleau a sans doute perdu gros. Mais pas son app\u00e9tit. Le patron des LR disait cette semaine que \u00ab\u00a0nous reparlerons de la pr\u00e9sidentielle en d\u00e9but d\u2019ann\u00e9e prochaine\u00a0\u00bb, \u00e9voquant un \u00ab\u00a0chemin\u00a0\u00bb de \u00ab\u00a0tous les possibles\u00a0\u00bb.<\/p>\n<p><img decoding=\"async\" alt=\"Et Eric Zemmour, dans tout \u00e7a\u00a0? Le patron de Reconqu\u00eate n\u2019est pas encore officiellement lanc\u00e9 dans la course \u00e0 l\u2019Elys\u00e9e. Mais cette semaine, il indiquait\u00a0: \u00ab\u00a0Je m\u2019y pr\u00e9pare et j\u2019observe\u00a0\u00bb (un gros indice, donc).\" class=\"mb-s@xs radius-0@xs radius-xxs@md c-img\" loading=\"eager\" width=\"640\" height=\"408\" src=\"https:\/\/img.20mn.fr\/ofJ4FMznRmGFndmtbzkxoSk\/640x408_et-eric-zemmour-dans-tout-ca-le-patron-de-reconquete-n-est-pas-encore-officiellement-lance-dans-la-course-a-l-elysee-mais-cette-semaine-il-indiquait-je-m-y-prepare-et-j-observe-un-gros-indice-donc\" \/>S. Lemouton\/Sipa\u2002\/\u00a0Sipa<\/p>\n<p>Et Eric Zemmour, dans tout \u00e7a\u00a0? Le patron de Reconqu\u00eate n\u2019est pas encore officiellement lanc\u00e9 dans la course \u00e0 l\u2019Elys\u00e9e. Mais cette semaine, il indiquait\u00a0: \u00ab\u00a0Je m\u2019y pr\u00e9pare et j\u2019observe\u00a0\u00bb (un gros indice, donc).<\/p>\n<p><img decoding=\"async\" alt=\"On en parlait juste avant\u00a0: la candidate du RN, c\u2019est Marine Le Pen. Mais le pr\u00e9sident du parti aff\u00fbte ses crampons dans l\u2019ombre. La patronne elle-m\u00eame lui a demand\u00e9 \u00ab\u00a0de se pr\u00e9parer\u00a0\u00bb en cas d\u2019emp\u00eachement judiciaire. Pour l\u2019heure, il caracole en t\u00eate des intentions de vote.\" class=\"mb-s@xs radius-0@xs radius-xxs@md c-img\" loading=\"eager\" width=\"640\" height=\"408\" src=\"https:\/\/img.20mn.fr\/QUh6DZ1WT2SXXulUoVwBDCk\/640x408_on-en-parlait-juste-avant-la-candidate-du-rn-c-est-marine-le-pen-mais-le-president-du-parti-affute-ses-crampons-dans-l-ombre-la-patronne-elle-meme-lui-a-demande-de-se-preparer-en-cas-d-empechement-judiciaire-pour-l-heure-il-caracole-en-tete-des-intentions-de-vote\" \/>Ugo Amez \/ Sipa\u2002\/\u00a0Sipa<\/p>\n<p>On en parlait juste avant\u00a0: la candidate du RN, c\u2019est Marine Le Pen. Mais le pr\u00e9sident du parti aff\u00fbte ses crampons dans l\u2019ombre. La patronne elle-m\u00eame lui a demand\u00e9 \u00ab\u00a0de se pr\u00e9parer\u00a0\u00bb en cas d\u2019emp\u00eachement judiciaire. Pour l\u2019heure, il caracole en t\u00eate des intentions de vote.<\/p>\n<p><img decoding=\"async\" alt=\"Rapha\u00ebl Glucksmann avance \u00e0 pas feutr\u00e9s. Le chef de Place Publique n\u2019est pas candidat, mais ses bons scores dans les sondages laissent peu de place au doute. Il pr\u00f4ne une rupture claire avec LFI et ne veut pas de la primaire, de quoi remplir un peu plus encore le bus qui embarquera la gauche.\" class=\"mb-s@xs radius-0@xs radius-xxs@md c-img\" loading=\"eager\" width=\"640\" height=\"408\" src=\"https:\/\/img.20mn.fr\/gBda3ZyhT5K6rKt9qhnf-yk\/640x408_raphael-glucksmann-avance-a-pas-feutres-le-chef-de-place-publique-n-est-pas-candidat-mais-ses-bons-scores-dans-les-sondages-laissent-peu-de-place-au-doute-il-prone-une-rupture-claire-avec-lfi-et-ne-veut-pas-de-la-primaire-de-quoi-remplir-un-peu-plus-encore-le-bus-qui-embarquera-la-gauche\" \/>Alain Robert \/ Sipa\u2002\/\u00a0Sipa<\/p>\n<p>Rapha\u00ebl Glucksmann avance \u00e0 pas feutr\u00e9s. Le chef de Place Publique n\u2019est pas candidat, mais ses bons scores dans les sondages laissent peu de place au doute. Il pr\u00f4ne une rupture claire avec LFI et ne veut pas de la primaire, de quoi remplir un peu plus encore le bus qui embarquera la gauche.<\/p>\n<p><img decoding=\"async\" alt=\"Jamais loin, mais jamais vraiment pas loin, Xavier Bertrand pourrait \u00eatre de la partie en\u00a02027. En tout cas il \u00ab\u00a0se pr\u00e9pare\u00a0\u00bb, comme il l\u2019a indiqu\u00e9 en septembre, et jure qu\u2019il ne \u00ab\u00a0refera pas les erreurs de la derni\u00e8re fois\u00a0\u00bb.\" class=\"mb-s@xs radius-0@xs radius-xxs@md c-img\" loading=\"eager\" width=\"640\" height=\"408\" src=\"https:\/\/img.20mn.fr\/3-uRp5EWQ4ikcEvq_azXpyk\/640x408_jamais-loin-mais-jamais-vraiment-pas-loin-xavier-bertrand-pourrait-etre-de-la-partie-en-2027-en-tout-cas-il-se-prepare-comme-il-l-a-indique-en-septembre-et-jure-qu-il-ne-refera-pas-les-erreurs-de-la-derniere-fois\" \/>Sarah Alcalay \/ Sipa\u2002\/\u00a0Sipa<\/p>\n<p>Jamais loin, mais jamais vraiment pas loin, Xavier Bertrand pourrait \u00eatre de la partie en\u00a02027. En tout cas il \u00ab\u00a0se pr\u00e9pare\u00a0\u00bb, comme il l\u2019a indiqu\u00e9 en septembre, et jure qu\u2019il ne \u00ab\u00a0refera pas les erreurs de la derni\u00e8re fois\u00a0\u00bb.<\/p>\n<p><img decoding=\"async\" alt=\"Maintenu dans le gouvernement Lecornu II, G\u00e9rald Darmanin s\u2019est mis en retrait du parti Renaissance. Il ne sera pas non plus candidat aux municipales \u00e0 Tourcoing. Et selon lui, \u00ab\u00a0les aventures individuelles et pr\u00e9matur\u00e9es \u00e0 l\u2019\u00e9lection pr\u00e9sidentielle ne pourront mener qu\u2019\u00e0 l\u2019\u00e9limination collective\u00a0\u00bb. Un pas en arri\u00e8re pour mieux prendre son \u00e9lan\u00a0?\" class=\"mb-s@xs radius-0@xs radius-xxs@md c-img\" loading=\"eager\" width=\"640\" height=\"408\" src=\"https:\/\/img.20mn.fr\/ZhMK3CWxTyydTzRC5Vggjik\/640x408_maintenu-dans-le-gouvernement-lecornu-ii-gerald-darmanin-s-est-mis-en-retrait-du-parti-renaissance-il-ne-sera-pas-non-plus-candidat-aux-municipales-a-tourcoing-et-selon-lui-les-aventures-individuelles-et-prematurees-a-l-election-presidentielle-ne-pourront-mener-qu-a-l-elimination-collective-un-pas-en-arriere-pour-mieux-prendre-son-elan\" \/>Seba \/ Sipa\u2002\/\u00a0Sipa<\/p>\n<p>Maintenu dans le gouvernement Lecornu II, G\u00e9rald Darmanin s\u2019est mis en retrait du parti Renaissance. Il ne sera pas non plus candidat aux municipales \u00e0 Tourcoing. Et selon lui, \u00ab\u00a0les aventures individuelles et pr\u00e9matur\u00e9es \u00e0 l\u2019\u00e9lection pr\u00e9sidentielle ne pourront mener qu\u2019\u00e0 l\u2019\u00e9limination collective\u00a0\u00bb. Un pas en arri\u00e8re pour mieux prendre son \u00e9lan\u00a0?<\/p>\n<p><img decoding=\"async\" alt=\"En mars dernier, Laurent Wauquiez \u00e9tait on ne peut plus clair\u00a0: \u00ab\u00a0Je veux \u00eatre dans les responsabilit\u00e9s [\u2026] et dans notre pays, il y a un poste o\u00f9 se d\u00e9cident les choses, c\u2019est la pr\u00e9sidence de la R\u00e9publique.\u00a0\u00bb Mis sur le banc apr\u00e8s la nomination de Bruno Retailleau \u00e0 la t\u00eate des LR au printemps, il n\u2019a pas dit son dernier mot alors que son rival est en difficult\u00e9.\" class=\"mb-s@xs radius-0@xs radius-xxs@md c-img\" loading=\"eager\" width=\"640\" height=\"408\" src=\"https:\/\/img.20mn.fr\/uRESMJ0oQtSPNIy5vaiB8Ck\/640x408_en-mars-dernier-laurent-wauquiez-etait-on-ne-peut-plus-clair-je-veux-etre-dans-les-responsabilites-et-dans-notre-pays-il-y-a-un-poste-ou-se-decident-les-choses-c-est-la-presidence-de-la-republique-mis-sur-le-banc-apres-la-nomination-de-bruno-retailleau-a-la-tete-des-lr-au-printemps-il-n-a-pas-dit-son-dernier-mot-alors-que-son-rival-est-en-difficulte\" \/>Franck Derouda\/Sipa\u2002\/\u00a0Sipa<\/p>\n<p>En mars dernier, Laurent Wauquiez \u00e9tait on ne peut plus clair\u00a0: \u00ab\u00a0Je veux \u00eatre dans les responsabilit\u00e9s [\u2026] et dans notre pays, il y a un poste o\u00f9 se d\u00e9cident les choses, c\u2019est la pr\u00e9sidence de la R\u00e9publique.\u00a0\u00bb Mis sur le banc apr\u00e8s la nomination de Bruno Retailleau \u00e0 la t\u00eate des LR au printemps, il n\u2019a pas dit son dernier mot alors que son rival est en difficult\u00e9.<\/p>\n<p><img decoding=\"async\" alt=\"Ni oui, ni non. Le secr\u00e9taire national du Parti communiste, Fabien Roussel, n\u2019est pas encore lanc\u00e9 vers l\u2019Elys\u00e9e. Il appelle notamment la gauche \u00e0 se concentrer sur les municipales de\u00a02026. Mais apr\u00e8s\u2026\" class=\"mb-s@xs radius-0@xs radius-xxs@md c-img\" loading=\"eager\" width=\"640\" height=\"408\" src=\"https:\/\/img.20mn.fr\/7NrGkRtnTuuZmlfKjOFyMik\/640x408_ni-oui-ni-non-le-secretaire-national-du-parti-communiste-fabien-roussel-n-est-pas-encore-lance-vers-l-elysee-il-appelle-notamment-la-gauche-a-se-concentrer-sur-les-municipales-de-2026-mais-apres\" \/>Olivier Juszczak \/ Sipa\u2002\/\u00a0Sipa<\/p>\n<p>Ni oui, ni non. Le secr\u00e9taire national du Parti communiste, Fabien Roussel, n\u2019est pas encore lanc\u00e9 vers l\u2019Elys\u00e9e. Il appelle notamment la gauche \u00e0 se concentrer sur les municipales de\u00a02026. Mais apr\u00e8s\u2026<\/p>\n<p><img decoding=\"async\" alt=\"Fin septembre, Dominique de Villepin ne cachait pas ses envies de venir se bagarrer en\u00a02027. \u00ab\u00a0Je serai aux avant-postes\u00a0\u00bb, a-t-il d\u00e9clar\u00e9.\" class=\"mb-s@xs radius-0@xs radius-xxs@md c-img\" loading=\"eager\" width=\"640\" height=\"408\" src=\"https:\/\/img.20mn.fr\/rV-LHHAOTb6Je4FyAfz_1Ck\/640x408_fin-septembre-dominique-de-villepin-ne-cachait-pas-ses-envies-de-venir-se-bagarrer-en-2027-je-serai-aux-avant-postes-a-t-il-declare\" \/>Jeanne Accorsini \/ Sipa\u2002\/\u00a0Sipa<\/p>\n<p>Fin septembre, Dominique de Villepin ne cachait pas ses envies de venir se bagarrer en\u00a02027. \u00ab\u00a0Je serai aux avant-postes\u00a0\u00bb, a-t-il d\u00e9clar\u00e9.<\/p>\n<p><img decoding=\"async\" alt=\"Depuis plusieurs mois, David Lisnard frappe \u00e0 la porte de la comp\u00e9tition. Le maire de Cannes et pr\u00e9sident de l\u2019Association des Maires de France milite pour une primaire \u00e0 droite\u2026 avec lui.\" class=\"mb-s@xs radius-0@xs radius-xxs@md c-img\" loading=\"eager\" width=\"640\" height=\"408\" src=\"https:\/\/img.20mn.fr\/nnWkGaTGS2m4S1DLah5iYCk\/640x408_depuis-plusieurs-mois-david-lisnard-frappe-a-la-porte-de-la-competition-le-maire-de-cannes-et-president-de-l-association-des-maires-de-france-milite-pour-une-primaire-a-droite-avec-lui\" \/>Syspeo \/ Sipa\u2002\/\u00a0Sipa<\/p>\n<p>Depuis plusieurs mois, David Lisnard frappe \u00e0 la porte de la comp\u00e9tition. Le maire de Cannes et pr\u00e9sident de l\u2019Association des Maires de France milite pour une primaire \u00e0 droite\u2026 avec lui.<\/p>\n<p><img decoding=\"async\" alt=\"Son ancien rival de\u00a02002 est d\u00e9sormais en prison, la voie est libre\u00a0? Si une primaire est organis\u00e9e \u00e0 gauche, Segol\u00e8ne Royal ne dit pas non\u00a0: \u00ab\u00a0Je ne vais pas me d\u00e9rober, [\u2026] je serais candidate\u00a0\u00bb, a-t-elle indiqu\u00e9 en juillet.\" class=\"mb-s@xs radius-0@xs radius-xxs@md c-img\" loading=\"eager\" width=\"640\" height=\"408\" src=\"https:\/\/img.20mn.fr\/Wy9hnN85Tl2b8HJEFCgI0Ck\/640x408_son-ancien-rival-de-2002-est-desormais-en-prison-la-voie-est-libre-si-une-primaire-est-organisee-a-gauche-segolene-royal-ne-dit-pas-non-je-ne-vais-pas-me-derober-je-serais-candidate-a-t-elle-indique-en-juillet\" \/>S. Lemouton\/Sipa\u2002\/\u00a0Sipa<\/p>\n<p>Son ancien rival de\u00a02002 est d\u00e9sormais en prison, la voie est libre\u00a0? Si une primaire est organis\u00e9e \u00e0 gauche, Segol\u00e8ne Royal ne dit pas non\u00a0: \u00ab\u00a0Je ne vais pas me d\u00e9rober, [\u2026] je serais candidate\u00a0\u00bb, a-t-elle indiqu\u00e9 en juillet.<\/p>\n<p><img decoding=\"async\" alt=\"Se pr\u00e9sentant comme le d\u00e9fenseur de la \u00ab\u00a0souverainet\u00e9\u00a0\u00bb, de la \u00ab\u00a0libert\u00e9\u00a0\u00bb et de la \u00ab\u00a0paix\u00a0\u00bb, Nicolas Dupont-Aignan a annonc\u00e9 sa candidature en mars dernier. C\u2019est un \u00ab\u00a0devoir\u00a0\u00bb, a-t-il dit \u00e0 ses partisans.\" class=\"mb-s@xs radius-0@xs radius-xxs@md c-img\" loading=\"eager\" width=\"640\" height=\"408\" src=\"https:\/\/img.20mn.fr\/kzevXR9CRFeAOHFwUgUi2ik\/640x408_se-presentant-comme-le-defenseur-de-la-souverainete-de-la-liberte-et-de-la-paix-nicolas-dupont-aignan-a-annonce-sa-candidature-en-mars-dernier-c-est-un-devoir-a-t-il-dit-a-ses-partisans\" \/>Mael Garnier \/Sipa\u2002\/\u00a0Sipa<\/p>\n<p>Se pr\u00e9sentant comme le d\u00e9fenseur de la \u00ab\u00a0souverainet\u00e9\u00a0\u00bb, de la \u00ab\u00a0libert\u00e9\u00a0\u00bb et de la \u00ab\u00a0paix\u00a0\u00bb, Nicolas Dupont-Aignan a annonc\u00e9 sa candidature en mars dernier. C\u2019est un \u00ab\u00a0devoir\u00a0\u00bb, a-t-il dit \u00e0 ses partisans.<\/p>\n<p><img decoding=\"async\" alt=\"Fin septembre, le \u00ab\u00a0champion\u00a0\u00bb du Frexit Fran\u00e7ois Asselineau a pris date\u00a0: il faudra compter sur lui en\u00a02027.\" class=\"mb-s@xs radius-0@xs radius-xxs@md c-img\" loading=\"eager\" width=\"640\" height=\"408\" src=\"https:\/\/img.20mn.fr\/1B-UDue8TGWYneA91GwTvSk\/640x408_fin-septembre-le-champion-du-frexit-francois-asselineau-a-pris-date-il-faudra-compter-sur-lui-en-2027\" \/>Alain ROBERT\/SIPA\u2002\/\u00a0Sipa<\/p>\n<p>Fin septembre, le \u00ab\u00a0champion\u00a0\u00bb du Frexit Fran\u00e7ois Asselineau a pris date\u00a0: il faudra compter sur lui en\u00a02027.<\/p>\n<p><img decoding=\"async\" alt=\"D\u00e9couvrez les quatre meilleures souris gamer en\u00a02025\" class=\"c-img\" loading=\"lazy\" fetchpriority=\"auto\" width=\"480\" height=\"308\" src=\"https:\/\/img.20mn.fr\/NpCbESiLQ0Gy5An0H6hZqSk\/480x308_les-trois-meilleures-souris-gamer-en-2024\" \/><\/p>\n<p>comparatif\u20228 oct. 2025<\/p>\n<p>Le DirectActualit\u00e9DivertissementSportSportune <img decoding=\"async\" alt=\"Salaire. Combien gagne Wesley Fofana avec Chelsea ?\" class=\"c-img\" loading=\"lazy\" fetchpriority=\"auto\" width=\"480\" height=\"308\"  src=\"https:\/\/img.20mn.fr\/wAGRgj9wQ4KQlPNSMCK0CSk\/480x308_om-asse-salaire-combien-gagne-wesley-fofana-avec-chelsea\" \/>SPORT BUSINESSB\u00e9b\u00e9s et Mamans<img decoding=\"async\" alt=\"Autoris\u00e9 ou interdit pendant la grossesse ?\" class=\"c-img\" loading=\"lazy\" fetchpriority=\"auto\" width=\"480\" height=\"308\"  src=\"https:\/\/img.20mn.fr\/35ZTp_VvQHin0wkM_ZfiySk\/480x308_autorise-ou-interdit-pendant-la-grossesse\" \/>B\u00e9b\u00e9S Minutes Maison<img decoding=\"async\" alt=\"Cet objet d\u00e9tr\u00f4ne enfin le sapin de No\u00ebl traditionnel dans nos int\u00e9rieurs (et les d\u00e9corateurs l\u2019adorent)\" class=\"c-img\" loading=\"lazy\" fetchpriority=\"auto\" width=\"480\" height=\"308\"  src=\"https:\/\/img.20mn.fr\/AahpNQvhSeerASv1CXLwqSk\/480x308_cet-objet-detrone-enfin-le-sapin-de-noel-traditionnel-dans-nos-interieurs-et-les-decorateurs-l-adorent\" \/>Maison<\/p>\n","protected":false},"excerpt":{"rendered":"Moi, pr\u00e9sident\u2022La secr\u00e9taire nationale des \u00c9cologistes Marine Tondelier a annonc\u00e9 qu\u2019elle se lan\u00e7ait dans la course \u00e0 l\u2019\u00c9lys\u00e9e&hellip;\n","protected":false},"author":2,"featured_media":485199,"comment_status":"","ping_status":"","sticky":false,"template":"","format":"standard","meta":{"footnotes":""},"categories":[4],"tags":[11,6196,3080,3079,4527,1011,27,4410,3081,1077,4729,430,12,316,25],"class_list":{"0":"post-485198","1":"post","2":"type-post","3":"status-publish","4":"format-standard","5":"has-post-thumbnail","7":"category-france","8":"tag-actualites","9":"tag-diaporamas","10":"tag-edouard-philippe","11":"tag-election-presidentielle-2027","12":"tag-elysee","13":"tag-fr","14":"tag-france","15":"tag-gabriel-attal","16":"tag-jean-luc-melenchon","17":"tag-jordan-bardella","18":"tag-marine-tondelier","19":"tag-marine-le-pen","20":"tag-news","21":"tag-politique","22":"tag-republique-francaise"},"share_on_mastodon":{"url":"https:\/\/pubeurope.com\/@fr\/115425483555637185","error":""},"_links":{"self":[{"href":"https:\/\/www.europesays.com\/fr\/wp-json\/wp\/v2\/posts\/485198","targetHints":{"allow":["GET"]}}],"collection":[{"href":"https:\/\/www.europesays.com\/fr\/wp-json\/wp\/v2\/posts"}],"about":[{"href":"https:\/\/www.europesays.com\/fr\/wp-json\/wp\/v2\/types\/post"}],"author":[{"embeddable":true,"href":"https:\/\/www.europesays.com\/fr\/wp-json\/wp\/v2\/users\/2"}],"replies":[{"embeddable":true,"href":"https:\/\/www.europesays.com\/fr\/wp-json\/wp\/v2\/comments?post=485198"}],"version-history":[{"count":0,"href":"https:\/\/www.europesays.com\/fr\/wp-json\/wp\/v2\/posts\/485198\/revisions"}],"wp:featuredmedia":[{"embeddable":true,"href":"https:\/\/www.europesays.com\/fr\/wp-json\/wp\/v2\/media\/485199"}],"wp:attachment":[{"href":"https:\/\/www.europesays.com\/fr\/wp-json\/wp\/v2\/media?parent=485198"}],"wp:term":[{"taxonomy":"category","embeddable":true,"href":"https:\/\/www.europesays.com\/fr\/wp-json\/wp\/v2\/categories?post=485198"},{"taxonomy":"post_tag","embeddable":true,"href":"https:\/\/www.europesays.com\/fr\/wp-json\/wp\/v2\/tags?post=485198"}],"curies":[{"name":"wp","href":"https:\/\/api.w.org\/{rel}","templated":true}]}}