{"id":485214,"date":"2025-10-23T21:06:23","date_gmt":"2025-10-23T21:06:23","guid":{"rendered":"https:\/\/www.europesays.com\/fr\/485214\/"},"modified":"2025-10-23T21:06:23","modified_gmt":"2025-10-23T21:06:23","slug":"2-300-foyers-prives-delectricite-ce-jeudi","status":"publish","type":"post","link":"https:\/\/www.europesays.com\/fr\/485214\/","title":{"rendered":"2 300 foyers priv\u00e9s d&rsquo;\u00e9lectricit\u00e9 ce jeudi"},"content":{"rendered":"<p>            Par<br \/>\n        <strong><br \/>\n            <a href=\"https:\/\/actu.fr\/auteur\/adrien-filoche\" title=\"Consulter tous les articles de Adrien Filoche\" target=\"_blank\" rel=\"noopener\">Adrien Filoche<\/a><br \/>\n        <\/strong><\/p>\n<p>        Publi\u00e9 le<\/p>\n<p>            23 oct. 2025 \u00e0 14h57<br \/>\n        ; mis \u00e0 jour le 23 oct. 2025 \u00e0 16h34    <\/p>\n<p><strong>Mise \u00e0 jour le jeudi 23\u00a0octobre 2025 \u00e0 16h40.<\/strong> Depuis l\u2019arriv\u00e9e de la temp\u00eate Benjamin, 2\u2009300 foyers sont priv\u00e9s d\u2019\u00e9lectricit\u00e9 en Seine-Maritime, indique Enedis \u00e0 76actu. Le Havre, F\u00e9camp, Rouen et d\u2019autres communes du d\u00e9partement sont touch\u00e9es. \u00ab\u2009Nos techniciens sont sur le pont\u2009\u00bb, pr\u00e9cise le service communication.<\/p>\n<p class=\" wall-content\"><strong>La temp\u00eate Benjamin souffle sur la Seine-Maritime<\/strong>. En raison des conditions m\u00e9t\u00e9orologiques, <a href=\"https:\/\/actu.fr\/meteo\/meteo-la-tempete-benjamin-arrive-en-seine-maritime-a-quoi-faut-il-s-attendre_63334450.html\" target=\"_blank\" rel=\"noopener\">M\u00e9t\u00e9o France a plac\u00e9 ce jeudi 23\u00a0octobre 2025 le d\u00e9partement en vigilance orange vent et vagues-submersion.<\/a> T\u00f4t le matin, des rafales de vent \u00e0 161\u00a0km\/h \u00e0 F\u00e9camp et \u00e0 150\u00a0km\/h au\u00a0Havre ont \u00e9t\u00e9 constat\u00e9es. Depuis le d\u00e9but de cet \u00e9pisode d\u2019ampleur, les sapeurs-pompiers sont mobilis\u00e9s. On fait le point sur la situation.<\/p>\n<p>75 interventions des pompiers<\/p>\n<p class=\" wall-content\">Depuis le d\u00e9but de la temp\u00eate, les sapeurs-pompiers sont intervenus 75\u00a0fois sur le territoire, fait savoir le Sdis76 (service d\u00e9partemental d\u2019incendie et de secours de la Seine-Maritime) dans un communiqu\u00e9 adress\u00e9 \u00e0 14\u00a0heures. Pour l\u2019heure, aucun bless\u00e9 n\u2019est \u00e0 d\u00e9plorer.<\/p>\n<p class=\" wall-content\">Si la plupart des interventions sont caract\u00e9ris\u00e9es comme courantes, les secours notent un \u00ab\u2009\u00e9v\u00e8nement notable\u2009\u00bb sur la commune de Saint-L\u00e9onard. En effet, des arbres ont chut\u00e9, mena\u00e7ant de tomber sur des habitations. Six relogements ont \u00e9t\u00e9 effectu\u00e9s lors de cette intervention.<\/p>\n<blockquote class=\"ac-article-quote wall-content\">\n<p>La plupart des interventions, en lien avec l&rsquo;\u00e9v\u00e9nement m\u00e9t\u00e9o, concernent : des chutes d&rsquo;arbres ; des chutes de c\u00e2bles \u00e9lectriques ; des chutes d&rsquo;\u00e9l\u00e9ments de toiture ; quelques inondations de b\u00e2timents d&rsquo;habitation.<\/p>\n<p>    <strong>Le Service d\u00e9partemental d&rsquo;incendie et de secours de la Seine-Maritime<\/strong>\n            <\/p><\/blockquote>\n<p class=\" wall-content\">En raison de la temp\u00eate, de nombreuses dispositions ont \u00e9t\u00e9 prises, \u00e0 l\u2019instar de la <a href=\"https:\/\/actu.fr\/normandie\/le-havre_76351\/cimetieres-montgeon-jardins-suspendus-dechets-les-consequences-de-la-tempete-benjamin-au-havre_63338152.html\" target=\"_blank\" rel=\"noopener\">fermeture de parcs et jardins \u00e0 Rouen et au\u00a0Havre.<\/a> Par ailleurs, les conditions de circulation des trains sur <a href=\"https:\/\/actu.fr\/societe\/tempete-benjamin-en-normandie-le-trafic-sncf-fortement-perturbe-ce-jeudi-23-octobre_63338035.html\" target=\"_blank\" rel=\"noopener\">les lignes normandes sont fortement perturb\u00e9es.<\/a><\/p>\n<p class=\" wall-content\">\n<p class=\" wall-content\">De plus, <strong>le pont de Normandie est ferm\u00e9<\/strong> \u00e0 la circulation au moins jusqu\u2019en fin d\u2019apr\u00e8s-midi. \u00ab\u2009Sa r\u00e9ouverture est d\u00e9pendante de l\u2019am\u00e9lioration des conditions m\u00e9t\u00e9orologiques\u2009\u00bb, a fait savoir la pr\u00e9fecture de la Seine-Maritime.<\/p>\n<p>Votre r\u00e9gion, votre actu !<\/p>\n<p>Recevez chaque jour les infos qui comptent pour vous.<\/p>\n<p>\t<a href=\"https:\/\/actu.fr\/newsletter\" class=\"ac-btn ac-btn--corner ac-btn--medium ac-btn--blue800\" target=\"_blank\" rel=\"noopener\">S&rsquo;incrire<\/a><\/p>\n<p class=\" wall-content\">Dans un mail envoy\u00e9 \u00e0 1\u00e8h, les services de l\u2019\u00c9tat pr\u00e9cisent que \u00ab\u2009la fermeture du pont de Normandie est prolong\u00e9e jusqu\u2019\u00e0 vendredi 24\u00a0octobre \u00e0 6h [du matin]\u2009\u00bb. Ainsi, la circulation est d\u00e9vi\u00e9e par le pont de Tancarville. Les ponts de Tancarville et Normandie sont ferm\u00e9s \u00e0 la circulation des pi\u00e9tons et des deux roues toute la journ\u00e9e.<\/p>\n<p>Suivez l\u2019actualit\u00e9 de Rouen sur <a href=\"https:\/\/www.whatsapp.com\/channel\/0029VaKfnf99hXF2ddApFB1D\" target=\"_blank\" rel=\"noopener\">notre cha\u00eene WhatsApp<\/a> et sur <a href=\"https:\/\/www.tiktok.com\/@76actu.fr?lang=fr\" target=\"_blank\" rel=\"noopener\">notre compte TikTok<\/a>Suivez l\u2019actualit\u00e9 du\u00a0Havre sur <a href=\"https:\/\/www.whatsapp.com\/channel\/0029VaFqJYE8aKvLBwVrEe0o\" target=\"_blank\" rel=\"noopener\">notre cha\u00eene WhatsApp<\/a> et sur <a href=\"https:\/\/www.tiktok.com\/@76actu.fr?lang=fr\" target=\"_blank\" rel=\"noopener\">notre compte TikTok<\/a><\/p>\n<p class=\" wall-content\">Personnalisez votre actualit\u00e9 en ajoutant vos villes et m\u00e9dias en favori avec <a href=\"https:\/\/moncompte.actu.fr\" title=\"D\u00e9couvez Mon Actu\" rel=\"nofollow noopener\" data-trk=\"{&quot;cta&quot;:{&quot;action&quot;:&quot;https:\\\/\\\/moncompte.actu.fr&quot;,&quot;category&quot;:&quot;mon compte&quot;,&quot;from&quot;:&quot;article footer&quot;,&quot;name&quot;:&quot;Mon actu&quot;,&quot;type&quot;:&quot;cta&quot;}}\" target=\"_blank\">Mon Actu<\/a>.<\/p>\n<p>                    <script async src=\"\/\/www.tiktok.com\/embed.js\"><\/script><\/p>\n","protected":false},"excerpt":{"rendered":"Par Adrien Filoche Publi\u00e9 le 23 oct. 2025 \u00e0 14h57 ; mis \u00e0 jour le 23 oct. 2025&hellip;\n","protected":false},"author":2,"featured_media":485215,"comment_status":"","ping_status":"","sticky":false,"template":"","format":"standard","meta":{"footnotes":""},"categories":[9587],"tags":[1111,11,1777,674,118,1011,27,3059,2357,12,5161,25,9590],"class_list":{"0":"post-485214","1":"post","2":"type-post","3":"status-publish","4":"format-standard","5":"has-post-thumbnail","7":"category-rouen","8":"tag-actu","9":"tag-actualites","10":"tag-eu","11":"tag-europe","12":"tag-faits-divers","13":"tag-fr","14":"tag-france","15":"tag-intemperies","16":"tag-meteo-france","17":"tag-news","18":"tag-normandie","19":"tag-republique-francaise","20":"tag-rouen"},"share_on_mastodon":{"url":"https:\/\/pubeurope.com\/@fr\/115425521468683615","error":""},"_links":{"self":[{"href":"https:\/\/www.europesays.com\/fr\/wp-json\/wp\/v2\/posts\/485214","targetHints":{"allow":["GET"]}}],"collection":[{"href":"https:\/\/www.europesays.com\/fr\/wp-json\/wp\/v2\/posts"}],"about":[{"href":"https:\/\/www.europesays.com\/fr\/wp-json\/wp\/v2\/types\/post"}],"author":[{"embeddable":true,"href":"https:\/\/www.europesays.com\/fr\/wp-json\/wp\/v2\/users\/2"}],"replies":[{"embeddable":true,"href":"https:\/\/www.europesays.com\/fr\/wp-json\/wp\/v2\/comments?post=485214"}],"version-history":[{"count":0,"href":"https:\/\/www.europesays.com\/fr\/wp-json\/wp\/v2\/posts\/485214\/revisions"}],"wp:featuredmedia":[{"embeddable":true,"href":"https:\/\/www.europesays.com\/fr\/wp-json\/wp\/v2\/media\/485215"}],"wp:attachment":[{"href":"https:\/\/www.europesays.com\/fr\/wp-json\/wp\/v2\/media?parent=485214"}],"wp:term":[{"taxonomy":"category","embeddable":true,"href":"https:\/\/www.europesays.com\/fr\/wp-json\/wp\/v2\/categories?post=485214"},{"taxonomy":"post_tag","embeddable":true,"href":"https:\/\/www.europesays.com\/fr\/wp-json\/wp\/v2\/tags?post=485214"}],"curies":[{"name":"wp","href":"https:\/\/api.w.org\/{rel}","templated":true}]}}