{"id":485216,"date":"2025-10-23T21:07:17","date_gmt":"2025-10-23T21:07:17","guid":{"rendered":"https:\/\/www.europesays.com\/fr\/485216\/"},"modified":"2025-10-23T21:07:17","modified_gmt":"2025-10-23T21:07:17","slug":"apres-la-fin-darkea-b-b-hotels-swann-gloux-poursuivra-au-vc-rouen-76","status":"publish","type":"post","link":"https:\/\/www.europesays.com\/fr\/485216\/","title":{"rendered":"Apr\u00e8s la fin d\u2019Ark\u00e9a B &#038; B Hotels, Swann Gloux poursuivra au VC Rouen 76"},"content":{"rendered":"<p>Swann Gloux contraint de redescendre d\u2019un \u00e9tage. Avec la fin de l\u2019\u00e9quipe Ark\u00e9a B &amp; B Hotels, dont il avait rejoint l\u2019\u00e9quipe r\u00e9serve en ao\u00fbt 2024, le coureur de 21 ans \u00e9voluera chez les amateurs la saison prochaine. Le Rennais s\u2019est engag\u00e9 avec l\u2019\u00e9quipe continentale du VC Rouen 76.<\/p>\n<p>Sous les couleurs d\u2019Ark\u00e9a, il a remport\u00e9 cette ann\u00e9e une manche du Challenge Mayennais, \u00e0 Saint-Germain-d\u2019Anxure, en Elite Nationale. Chez les amateurs, il s\u2019\u00e9tait notamment impos\u00e9 sur la Manche-Oc\u00e9an 2023.<\/p>\n<p>\u00c0 Rouen, il retrouvera l\u2019un de ses co\u00e9quipiers d\u2019Ark\u00e9a, Donavan Grondin, qui s\u2019\u00e9tait lui-aussi engag\u00e9 avec le VCR76 en septembre dernier. Il retrouvera \u00e9galement <a href=\"https:\/\/www.letelegramme.fr\/sports\/cyclisme\/le-prometteur-ivann-ravaleu-rejoint-le-vc-rouen-en-n1-6893004.php\" target=\"_blank\" rel=\"nofollow noopener\">le jeune Costarmoricain Ivann Ravaleu<\/a> (ex-VCP Loud\u00e9ac).<\/p>\n","protected":false},"excerpt":{"rendered":"Swann Gloux contraint de redescendre d\u2019un \u00e9tage. Avec la fin de l\u2019\u00e9quipe Ark\u00e9a B &amp; B Hotels, dont&hellip;\n","protected":false},"author":2,"featured_media":485217,"comment_status":"","ping_status":"","sticky":false,"template":"","format":"standard","meta":{"footnotes":""},"categories":[9587],"tags":[1111,11,207,3166,1777,674,1011,27,12,5161,25,9590,60],"class_list":{"0":"post-485216","1":"post","2":"type-post","3":"status-publish","4":"format-standard","5":"has-post-thumbnail","7":"category-rouen","8":"tag-actu","9":"tag-actualites","10":"tag-cyclisme","11":"tag-en-continu-sports","12":"tag-eu","13":"tag-europe","14":"tag-fr","15":"tag-france","16":"tag-news","17":"tag-normandie","18":"tag-republique-francaise","19":"tag-rouen","20":"tag-sports"},"share_on_mastodon":{"url":"https:\/\/pubeurope.com\/@fr\/115425525498180256","error":""},"_links":{"self":[{"href":"https:\/\/www.europesays.com\/fr\/wp-json\/wp\/v2\/posts\/485216","targetHints":{"allow":["GET"]}}],"collection":[{"href":"https:\/\/www.europesays.com\/fr\/wp-json\/wp\/v2\/posts"}],"about":[{"href":"https:\/\/www.europesays.com\/fr\/wp-json\/wp\/v2\/types\/post"}],"author":[{"embeddable":true,"href":"https:\/\/www.europesays.com\/fr\/wp-json\/wp\/v2\/users\/2"}],"replies":[{"embeddable":true,"href":"https:\/\/www.europesays.com\/fr\/wp-json\/wp\/v2\/comments?post=485216"}],"version-history":[{"count":0,"href":"https:\/\/www.europesays.com\/fr\/wp-json\/wp\/v2\/posts\/485216\/revisions"}],"wp:featuredmedia":[{"embeddable":true,"href":"https:\/\/www.europesays.com\/fr\/wp-json\/wp\/v2\/media\/485217"}],"wp:attachment":[{"href":"https:\/\/www.europesays.com\/fr\/wp-json\/wp\/v2\/media?parent=485216"}],"wp:term":[{"taxonomy":"category","embeddable":true,"href":"https:\/\/www.europesays.com\/fr\/wp-json\/wp\/v2\/categories?post=485216"},{"taxonomy":"post_tag","embeddable":true,"href":"https:\/\/www.europesays.com\/fr\/wp-json\/wp\/v2\/tags?post=485216"}],"curies":[{"name":"wp","href":"https:\/\/api.w.org\/{rel}","templated":true}]}}