{"id":485218,"date":"2025-10-23T21:08:29","date_gmt":"2025-10-23T21:08:29","guid":{"rendered":"https:\/\/www.europesays.com\/fr\/485218\/"},"modified":"2025-10-23T21:08:29","modified_gmt":"2025-10-23T21:08:29","slug":"face-aux-vents-violents-la-ville-prend-des-mesures","status":"publish","type":"post","link":"https:\/\/www.europesays.com\/fr\/485218\/","title":{"rendered":"face aux vents violents, la Ville prend des mesures"},"content":{"rendered":"<p>            Par<br \/>\n        <strong><br \/>\n            <a href=\"https:\/\/actu.fr\/auteur\/lisa-rodrigues\" title=\"Consulter tous les articles de Lisa Rodrigues\" target=\"_blank\" rel=\"noopener\">Lisa Rodrigues<\/a><br \/>\n        <\/strong><\/p>\n<p>        Publi\u00e9 le<\/p>\n<p>            23 oct. 2025 \u00e0 9h21        <\/p>\n<p>Alors que la <a href=\"https:\/\/actu.fr\/meteo\/direct-fortes-rafales-transports-perturbes-la-tempete-benjamin-se-dechaine-sur-la-france-ce-jeudi_63334671.html\" target=\"_blank\" rel=\"noopener\">temp\u00eate Benjamin<\/a> a fait passer <a href=\"https:\/\/actu.fr\/meteo\/tempete-benjamin-presque-toute-la-france-en-vigilance-vent-ce-jeudi-des-rafales-jusqu-a-140-km-h-attendus_63334231.html\" target=\"_blank\" rel=\"noopener\">plusieurs d\u00e9partements en alerte<\/a> ces derni\u00e8res heures, les pr\u00e9cipitations et les vents violents commencent \u00e0 arriver sur l\u2019<a href=\"https:\/\/actu.fr\/auvergne-rhone-alpes\/isere_38\" target=\"_blank\" rel=\"noopener\">Is\u00e8re<\/a>.\u00a0Le territoire est en <strong>vigilance jaune<\/strong> vents et pluie-inondation toute la journ\u00e9e du jeudi 23 octobre.<\/p>\n<p class=\" wall-content\">D\u00e8s le d\u00e9but de matin\u00e9e, les rafales ont balay\u00e9 les terres is\u00e9roises, notamment sur la vall\u00e9e du Rh\u00f4ne et sur les Terres Froides, comme \u00e0 <a href=\"https:\/\/actu.fr\/auvergne-rhone-alpes\/bourgoin-jallieu_38053\" target=\"_blank\" rel=\"noopener\">Bourgoin-Jallieu<\/a> ou Saint-Sim\u00e9on de Bressieux. Le record est ce matin d\u00e9tenu par <a href=\"https:\/\/actu.fr\/auvergne-rhone-alpes\/chamrousse_38567\" target=\"_blank\" rel=\"noopener\">Chamrousse<\/a> o\u00f9 <strong>115 km\/h<\/strong> ont \u00e9t\u00e9 mesur\u00e9s.<\/p>\n<p>    <a href=\"https:\/\/www.facebook.com\/plugins\/post.php?href=https%3A%2F%2Fwww.facebook.com%2Fmeteocentreisere%2Fposts%2Fpfbid0AC411PgoWuMXAbiap111VCxBddeHBgYLvNayP5Xrbxnppd8NQ7ujBJTJxvPUYZ7Kl&amp;show_text=true&amp;width=350\" title=\"Ouvrie le lien\" target=\"_blank\" rel=\"noopener\">Cliquez ici pour visualiser le contenu<\/a><\/p>\n<p class=\" wall-content\">\u00c0 <a href=\"https:\/\/actu.fr\/auvergne-rhone-alpes\/grenoble_38185\" target=\"_blank\" rel=\"noopener\">Grenoble<\/a>, selon les derni\u00e8res pr\u00e9visions, des <strong>vents jusqu\u2019\u00e0 90 km\/h<\/strong> sont attendus ce jeudi.<\/p>\n<p>Aucun parc ouvert ce jeudi<\/p>\n<p class=\" wall-content\">En cons\u00e9quence, la Ville a proc\u00e9d\u00e9 \u00e0 la <strong>fermeture de ses parcs<\/strong> toute la journ\u00e9e.<\/p>\n<p>    <a href=\"https:\/\/www.facebook.com\/plugins\/post.php?href=https%3A%2F%2Fwww.facebook.com%2FVilledeGrenoble%2Fposts%2Fpfbid02YtMtUvcDitDXGKMQcLt6B8gxD4gGYYChr92amgR3PvVuwZssyPu9JfTLHKD1DvtCl&amp;show_text=true&amp;width=350\" title=\"Ouvrie le lien\" target=\"_blank\" rel=\"noopener\">Cliquez ici pour visualiser le contenu<\/a><\/p>\n<p class=\" wall-content\">Des pluies sont \u00e9galement attendues tout au long de la journ\u00e9e. Les plus fortes pr\u00e9cipitations sont annonc\u00e9es dans les hauteurs voisines de Chartreuse et de Belledonne, o\u00f9 des cumuls de pluie <strong>jusqu\u2019\u00e0 50 mm<\/strong> sont craints.<\/p>\n<p>Votre r\u00e9gion, votre actu !<\/p>\n<p>Recevez chaque jour les infos qui comptent pour vous.<\/p>\n<p>\t<a href=\"https:\/\/actu.fr\/newsletter\" class=\"ac-btn ac-btn--corner ac-btn--medium ac-btn--blue800\" target=\"_blank\" rel=\"noopener\">S&rsquo;incrire<\/a><br \/>\nSurveillance renforc\u00e9e<\/p>\n<p class=\" wall-content\">Car ce sont surtout en montagne que les ph\u00e9nom\u00e8nes les plus violents sont annonc\u00e9s.\u00a0 Selon <a href=\"https:\/\/www.facebook.com\/meteocentreisere\" target=\"_blank\" rel=\"noopener\">M\u00e9t\u00e9o-Centre Is\u00e8re<\/a>, des \u00ab\u00a0crues et coul\u00e9es de boue seront possibles\u00a0\u00bb sur certains secteurs en altitude.<\/p>\n<p class=\" wall-content\">La surveillance reste de mise pour la journ\u00e9e de jeudi, notamment concernant les cumuls de pr\u00e9cipitations qui pourraient \u00eatre particuli\u00e8rement importants dans le sud de l\u2019Is\u00e8re, ajoute <a href=\"https:\/\/actu.fr\/tag\/meteo-france\" target=\"_blank\" rel=\"noopener\">M\u00e9t\u00e9o-France<\/a> dans son dernier bulletin. \u00ab\u00a0En fonction de l\u2019\u00e9volution des pr\u00e9visions, une <strong>aggravation du niveau de vigilance pluie-inondation est possible<\/strong> sur Alpes du Nord.\u00a0\u00bb<\/p>\n<p class=\" wall-content\">Personnalisez votre actualit\u00e9 en ajoutant vos villes et m\u00e9dias en favori avec <a href=\"https:\/\/moncompte.actu.fr\" title=\"D\u00e9couvez Mon Actu\" rel=\"nofollow noopener\" data-trk=\"{&quot;cta&quot;:{&quot;action&quot;:&quot;https:\\\/\\\/moncompte.actu.fr&quot;,&quot;category&quot;:&quot;mon compte&quot;,&quot;from&quot;:&quot;article footer&quot;,&quot;name&quot;:&quot;Mon actu&quot;,&quot;type&quot;:&quot;cta&quot;}}\" target=\"_blank\">Mon Actu<\/a>.<\/p>\n","protected":false},"excerpt":{"rendered":"Par Lisa Rodrigues Publi\u00e9 le 23 oct. 2025 \u00e0 9h21 Alors que la temp\u00eate Benjamin a fait passer&hellip;\n","protected":false},"author":2,"featured_media":485219,"comment_status":"","ping_status":"","sticky":false,"template":"","format":"standard","meta":{"footnotes":""},"categories":[9566],"tags":[1111,11,2430,1777,674,1011,27,2731,2487,2357,12,4594,4459,25],"class_list":{"0":"post-485218","1":"post","2":"type-post","3":"status-publish","4":"format-standard","5":"has-post-thumbnail","7":"category-grenoble","8":"tag-actu","9":"tag-actualites","10":"tag-auvergne-rhone-alpes","11":"tag-eu","12":"tag-europe","13":"tag-fr","14":"tag-france","15":"tag-grenoble","16":"tag-meteo","17":"tag-meteo-france","18":"tag-news","19":"tag-orages","20":"tag-pluie","21":"tag-republique-francaise"},"share_on_mastodon":{"url":"https:\/\/pubeurope.com\/@fr\/115425529340552580","error":""},"_links":{"self":[{"href":"https:\/\/www.europesays.com\/fr\/wp-json\/wp\/v2\/posts\/485218","targetHints":{"allow":["GET"]}}],"collection":[{"href":"https:\/\/www.europesays.com\/fr\/wp-json\/wp\/v2\/posts"}],"about":[{"href":"https:\/\/www.europesays.com\/fr\/wp-json\/wp\/v2\/types\/post"}],"author":[{"embeddable":true,"href":"https:\/\/www.europesays.com\/fr\/wp-json\/wp\/v2\/users\/2"}],"replies":[{"embeddable":true,"href":"https:\/\/www.europesays.com\/fr\/wp-json\/wp\/v2\/comments?post=485218"}],"version-history":[{"count":0,"href":"https:\/\/www.europesays.com\/fr\/wp-json\/wp\/v2\/posts\/485218\/revisions"}],"wp:featuredmedia":[{"embeddable":true,"href":"https:\/\/www.europesays.com\/fr\/wp-json\/wp\/v2\/media\/485219"}],"wp:attachment":[{"href":"https:\/\/www.europesays.com\/fr\/wp-json\/wp\/v2\/media?parent=485218"}],"wp:term":[{"taxonomy":"category","embeddable":true,"href":"https:\/\/www.europesays.com\/fr\/wp-json\/wp\/v2\/categories?post=485218"},{"taxonomy":"post_tag","embeddable":true,"href":"https:\/\/www.europesays.com\/fr\/wp-json\/wp\/v2\/tags?post=485218"}],"curies":[{"name":"wp","href":"https:\/\/api.w.org\/{rel}","templated":true}]}}