{"id":485224,"date":"2025-10-23T21:11:18","date_gmt":"2025-10-23T21:11:18","guid":{"rendered":"https:\/\/www.europesays.com\/fr\/485224\/"},"modified":"2025-10-23T21:11:18","modified_gmt":"2025-10-23T21:11:18","slug":"trafic-important-prevu-ce-week-end-entre-rennes-et-le-mans","status":"publish","type":"post","link":"https:\/\/www.europesays.com\/fr\/485224\/","title":{"rendered":"trafic important pr\u00e9vu ce week-end entre Rennes et Le Mans"},"content":{"rendered":"<p>            Par<br \/>\n        <strong><br \/>\n            <a href=\"https:\/\/actu.fr\/auteur\/aurelien-burban\" title=\"Consulter tous les articles de Aur\u00e9lien Burban\" rel=\"nofollow noopener\" target=\"_blank\">Aur\u00e9lien Burban<\/a><br \/>\n        <\/strong><\/p>\n<p>        Publi\u00e9 le<\/p>\n<p>            23 oct. 2025 \u00e0 15h48        <\/p>\n<p>Qui dit <a href=\"https:\/\/actu.fr\/tag\/vacances-scolaires\" rel=\"nofollow noopener\" target=\"_blank\">vacances scolaires<\/a>, dit parfois <a href=\"https:\/\/actu.fr\/tag\/info-trafic\" rel=\"nofollow noopener\" target=\"_blank\">trafic<\/a> important le week-end. Ce sera encore le cas ce samedi 25\u00a0octobre 2025.<\/p>\n<p class=\" wall-content\">Parmi les routes \u00e0 \u00e9viter, l\u2019<b>A81, entre Rennes et Le\u00a0Mans<\/b> (<a href=\"https:\/\/actu.fr\/pays-de-la-loire\/sarthe_72\" rel=\"nofollow noopener\" target=\"_blank\">Sarthe<\/a>).<\/p>\n<p>Circulation dense sur l\u2019A81 entre Rennes et Le\u00a0Mans ce samedi<\/p>\n<p class=\" wall-content\"><a href=\"https:\/\/actu.fr\/tag\/bison-fute\" rel=\"nofollow noopener\" target=\"_blank\">Bison Fut\u00e9<\/a> pr\u00e9voit une <a href=\"https:\/\/actu.fr\/tag\/circulation\" rel=\"nofollow noopener\" target=\"_blank\">circulation<\/a> dense sur cette autoroute entre 11\u2009h et 19\u2009h, dans le sens des retours.<\/p>\n<p class=\" wall-content\">Si vous souhaitez emprunter cette voie mieux vaut attendre ce dimanche 26\u00a0octobre, o\u00f9 le trafic pr\u00e9voit d\u2019\u00eatre fluide dans l\u2019ensemble de l\u2019Hexagone.<\/p>\n<p class=\" wall-content\">Personnalisez votre actualit\u00e9 en ajoutant vos villes et m\u00e9dias en favori avec <a href=\"https:\/\/moncompte.actu.fr\" title=\"D\u00e9couvez Mon Actu\" rel=\"nofollow noopener\" data-trk=\"{&quot;cta&quot;:{&quot;action&quot;:&quot;https:\\\/\\\/moncompte.actu.fr&quot;,&quot;category&quot;:&quot;mon compte&quot;,&quot;from&quot;:&quot;article footer&quot;,&quot;name&quot;:&quot;Mon actu&quot;,&quot;type&quot;:&quot;cta&quot;}}\" target=\"_blank\">Mon Actu<\/a>.<\/p>\n","protected":false},"excerpt":{"rendered":"Par Aur\u00e9lien Burban Publi\u00e9 le 23 oct. 2025 \u00e0 15h48 Qui dit vacances scolaires, dit parfois trafic important&hellip;\n","protected":false},"author":2,"featured_media":485225,"comment_status":"","ping_status":"","sticky":false,"template":"","format":"standard","meta":{"footnotes":""},"categories":[2821],"tags":[1111,11,6427,829,3542,1777,674,1011,27,803,12,584,25,104],"class_list":{"0":"post-485224","1":"post","2":"type-post","3":"status-publish","4":"format-standard","5":"has-post-thumbnail","7":"category-rennes","8":"tag-actu","9":"tag-actualites","10":"tag-bison-fute","11":"tag-bretagne","12":"tag-circulation","13":"tag-eu","14":"tag-europe","15":"tag-fr","16":"tag-france","17":"tag-info-trafic","18":"tag-news","19":"tag-rennes","20":"tag-republique-francaise","21":"tag-societe"},"share_on_mastodon":{"url":"https:\/\/pubeurope.com\/@fr\/115425541202164082","error":""},"_links":{"self":[{"href":"https:\/\/www.europesays.com\/fr\/wp-json\/wp\/v2\/posts\/485224","targetHints":{"allow":["GET"]}}],"collection":[{"href":"https:\/\/www.europesays.com\/fr\/wp-json\/wp\/v2\/posts"}],"about":[{"href":"https:\/\/www.europesays.com\/fr\/wp-json\/wp\/v2\/types\/post"}],"author":[{"embeddable":true,"href":"https:\/\/www.europesays.com\/fr\/wp-json\/wp\/v2\/users\/2"}],"replies":[{"embeddable":true,"href":"https:\/\/www.europesays.com\/fr\/wp-json\/wp\/v2\/comments?post=485224"}],"version-history":[{"count":0,"href":"https:\/\/www.europesays.com\/fr\/wp-json\/wp\/v2\/posts\/485224\/revisions"}],"wp:featuredmedia":[{"embeddable":true,"href":"https:\/\/www.europesays.com\/fr\/wp-json\/wp\/v2\/media\/485225"}],"wp:attachment":[{"href":"https:\/\/www.europesays.com\/fr\/wp-json\/wp\/v2\/media?parent=485224"}],"wp:term":[{"taxonomy":"category","embeddable":true,"href":"https:\/\/www.europesays.com\/fr\/wp-json\/wp\/v2\/categories?post=485224"},{"taxonomy":"post_tag","embeddable":true,"href":"https:\/\/www.europesays.com\/fr\/wp-json\/wp\/v2\/tags?post=485224"}],"curies":[{"name":"wp","href":"https:\/\/api.w.org\/{rel}","templated":true}]}}