{"id":485226,"date":"2025-10-23T21:12:12","date_gmt":"2025-10-23T21:12:12","guid":{"rendered":"https:\/\/www.europesays.com\/fr\/485226\/"},"modified":"2025-10-23T21:12:12","modified_gmt":"2025-10-23T21:12:12","slug":"mon-mandat-a-ete-celui-de-la-transformation","status":"publish","type":"post","link":"https:\/\/www.europesays.com\/fr\/485226\/","title":{"rendered":"Mon mandat a \u00e9t\u00e9 celui de la transformation"},"content":{"rendered":"<p>            Par<br \/>\n        <strong><br \/>\n            <a href=\"https:\/\/actu.fr\/auteur\/ivan-capecchi\" title=\"Consulter tous les articles de Ivan CAPECCHI\" target=\"_blank\" rel=\"noopener\">Ivan CAPECCHI<\/a><br \/>\n        <\/strong><\/p>\n<p>        Publi\u00e9 le<\/p>\n<p>            23 oct. 2025 \u00e0 18h48        <\/p>\n<p>Venue d\u2019une commune de seconde couronne et sans \u00e9tiquette, <strong>Pia Imbs<\/strong> a pris la t\u00eate de l\u2019<a href=\"https:\/\/actu.fr\/tag\/eurometropole-de-strasbourg\" target=\"_blank\" rel=\"noopener\">Eurom\u00e9tropole de Strasbourg<\/a> en 2020. Cinq ans plus tard, <a href=\"https:\/\/actu.fr\/grand-est\/strasbourg_67482\/pia-imbs-presidente-de-l-eurometropole-de-strasbourg-ne-briguera-pas-de-nouveau-mandat-voici-pourquoi_62767929.html\" target=\"_blank\" rel=\"noopener\">elle s\u2019appr\u00eate \u00e0 quitter ses fonctions<\/a> apr\u00e8s un mandat marqu\u00e9 par une <a href=\"https:\/\/actu.fr\/grand-est\/strasbourg_67482\/strasbourg-7-projets-qui-vont-changer-vos-deplacements-quotidiens-expliques-en-5-minutes_46474704.html\" target=\"_blank\" rel=\"noopener\">r\u00e9volution des mobilit\u00e9s<\/a> (contrari\u00e9e par <a href=\"https:\/\/actu.fr\/grand-est\/strasbourg_67482\/tram-nord-a-strasbourg-la-commission-d-enquete-rend-un-avis-defavorable-un-coup-de-tonnerre_61982104.html\" target=\"_blank\" rel=\"noopener\">l\u2019arr\u00eat brutal du tram nord<\/a>), une <a href=\"https:\/\/actu.fr\/grand-est\/strasbourg_67482\/l-eurometropole-de-strasbourg-gere-t-elle-bien-l-argent-public-l-avis-de-ces-experts-vient-de-tomber_62231549.html\" target=\"_blank\" rel=\"noopener\">gestion rigoureuse des d\u00e9penses publiques<\/a> (salu\u00e9e par la chambre r\u00e9gionale des comptes) et un souci constant <strong>d\u2019\u00e9quit\u00e9 entre les 33 communes<\/strong>.\u00a0<\/p>\n<p>\u00ab\u00a0Mon mandat a \u00e9t\u00e9 un mandat de transformation du territoire\u00a0\u00bb<\/p>\n<p class=\"ac-article-content__question wall-content\"><strong class=\"color-primary\">Actu : <\/strong>Quelles sont vos plus grandes fiert\u00e9s au cours de ce mandat ?<\/p>\n<p class=\" wall-content\"><strong class=\"color-primary\">Pia Imbs : <\/strong>\u00c9tant maire d\u2019une commune de seconde couronne, je savais \u00e0 quel point les besoins d\u2019une offre de transport public adapt\u00e9e \u00e0 des populations de villages moins denses que le centre-ville \u00e9taient importants. Je suis tr\u00e8s heureuse d\u2019avoir pu d\u00e9velopper tous les outils de mobilit\u00e9 qui sont aujourd&rsquo;hui \u00e0 la disposition de tout un chacun, o\u00f9 qu\u2019il habite et selon ses besoins : R\u00e9seau express m\u00e9tropolitain europ\u00e9en (REME), tram ouest, Transport en site propre de l&rsquo;ouest strasbourgeois (TSPO), gare \u00e0 360 degr\u00e9s, la gratuit\u00e9 des trams et des bus pour les moins de 18 ans, l&rsquo;extension de la ligne G du Bus \u00e0 haut niveau de service (BHNS),\u00a0 le plan v\u00e9lo, le d\u00e9veloppement du transport \u00e0 la demande et du covoiturage&#8230;<\/p>\n<p>Deuxi\u00e8mement, au niveau de la gestion des d\u00e9chets, nous avons g\u00e9n\u00e9ralis\u00e9 la collecte et la valorisation des d\u00e9chets alimentaires.\u00a0<\/p>\n<p>Enfin, [entre autres nombreuses choses], nous avons lanc\u00e9, ou allons lancer, les travaux de r\u00e9novation des r\u00e9seaux de chaleur centre, ouest et nord. Mon mandat a \u00e9t\u00e9 un mandat de transformation du territoire de l&rsquo;Eurom\u00e9tropole.<\/p>\n<p>Convention citoyenne sur le tram nord : \u00ab\u00a0Nos habitants peuvent avoir droit au chapitre\u00a0\u00bb<\/p>\n<p class=\"ac-article-content__question wall-content\">En d\u00e9cembre 2024, le projet de tram nord a subi un violent coup d&rsquo;arr\u00eat, avec la publication de l&rsquo;avis d\u00e9favorable de la commission d&rsquo;enqu\u00eate publique. Avec le recul, y a-t-il une chose que vous auriez fait autrement ?\n<\/p>\n<p class=\" wall-content\"><strong class=\"color-primary\">P.I. : <\/strong>Nous avons pris acte du rapport de l&rsquo;enqu\u00eate publique et nous ne sommes pas pass\u00e9s outre. Nous avons enclench\u00e9 une nouvelle m\u00e9thode, avec la mise en place d&rsquo;une convention citoyenne et d&rsquo;un comit\u00e9 transpartisan. Lors du prochain conseil, les membres de la convention [qui ont rendu publiques leurs conclusions ce mois-ci, NDLR] pr\u00e9senteront, \u00e0 titre d&rsquo;information et de d\u00e9bat, leur rapport. Je me f\u00e9licite des r\u00e9sultats qui sont d\u00e9j\u00e0 connus.\u00a0C&rsquo;est dans le mandat futur qu&rsquo;il faudra poursuivre des \u00e9tudes de faisabilit\u00e9, des \u00e9valuations financi\u00e8res, des propositions de trac\u00e9.<\/p>\n<p class=\"ac-article-content__question wall-content\">Vos opposants ont critiqu\u00e9 cette nouvelle m\u00e9thode, regrettant que l&rsquo;avis de 100 citoyens tir\u00e9s au sort efface les plus de 7 000 contributions recueillies dans le cadre de l&rsquo;enqu\u00eate publique&#8230;\n<\/p>\n<p class=\" wall-content\"><strong class=\"color-primary\">P.I. : <\/strong>Nos habitants peuvent avoir droit au chapitre et sont parfois en capacit\u00e9 de nous apporter des solutions plus adapt\u00e9es, plus efficaces, peut-\u00eatre plus acceptables. La moiti\u00e9 des conventionnaires habite au nord ou travaille dans le nord. Cette expression peut \u00eatre tout \u00e0 fait pertinente. [&#8230;] Par ailleurs, nous avons choisi de phaser le projet et de nous concentrer sur la partie nord du trac\u00e9, au titre de l&rsquo;\u00e9quit\u00e9 territoriale qui est une valeur qui m&rsquo;est tr\u00e8s ch\u00e8re. C&rsquo;est une\u00a0fa\u00e7on de retravailler le dossier de mani\u00e8re plus simple.\u00a0<\/p>\n<p>\u00ab\u00a0Nous ne sommes plus consid\u00e9r\u00e9s comme un territoire ZFE\u00a0\u00bb<\/p>\n<p class=\"ac-article-content__question wall-content\">Le d\u00e9ploiement de la ZFE a \u00e9t\u00e9 frein\u00e9 par l\u2019absence de moyens de contr\u00f4le automatis\u00e9s promis par l\u2019\u00c9tat. Estimez-vous que celui-ci a \u00e9t\u00e9 \u00e0 la hauteur des enjeux climatiques sur ce dossier ?<\/p>\n<p class=\" wall-content\"><strong class=\"color-primary\">P.I. : <\/strong>L&rsquo;Etat n&rsquo;a pas mis en place les outils de communication suffisants pour faire comprendre les enjeux de sant\u00e9 publique de cette mesure et n&rsquo;a pas d\u00e9ploy\u00e9 les moyens de contr\u00f4le automatis\u00e9s. Il a par ailleurs fait reculer les aides*, quand nous avons fait le choix de les maintenir. A ce jour, 30 millions d&rsquo;euros ont \u00e9t\u00e9 consomm\u00e9s sur l&rsquo;enveloppe globale de 50 millions d&rsquo;euros. Je me f\u00e9licite d&rsquo;avoir maintenu un niveau d&rsquo;aide et d&rsquo;accompagnement cons\u00e9quents, tout en proposant des alternatives tr\u00e8s nombreuses \u00e0 la voiture individuelle. Aujourd&rsquo;hui, l&rsquo;objectif de l&rsquo;am\u00e9lioration de la qualit\u00e9 de l&rsquo;air a \u00e9t\u00e9 atteint, \u00e0 tel point que nous ne sommes plus consid\u00e9r\u00e9s comme un territoire ZFE**.<\/p>\n<p>Votre r\u00e9gion, votre actu !<\/p>\n<p>Recevez chaque jour les infos qui comptent pour vous.<\/p>\n<p>\t<a href=\"https:\/\/actu.fr\/newsletter\" class=\"ac-btn ac-btn--corner ac-btn--medium ac-btn--blue800\" target=\"_blank\" rel=\"noopener\">S&rsquo;incrire<\/a><br \/>\nREME : \u00ab\u00a0Nous en sommes \u00e0 750 trains suppl\u00e9mentaires par semaine\u00a0\u00bb<\/p>\n<p class=\"ac-article-content__question wall-content\">Concernant le\u00a0R\u00e9seau express m\u00e9tropolitain europ\u00e9en (REME) lanc\u00e9 fin 2022, la promesse initiale des 1 000 trains suppl\u00e9mentaires par semaine n&rsquo;a jamais \u00e9t\u00e9 atteinte. Qu&rsquo;a-t-il manqu\u00e9 ?\n<\/p>\n<p class=\" wall-content\"><strong class=\"color-primary\">P.I. : <\/strong>Je me souviens de cette promesse, \u00e0 laquelle nous avons tous cru et souscrit [\u00e0 l&rsquo;\u00e9poque]. [Avec le recul], il est clair que le pr\u00e9sident de la SNCF avait sous-estim\u00e9 la faisabilit\u00e9 technique d&rsquo;un cadencement aussi important. [Ceci \u00e9tant dit], sachons nous f\u00e9liciter de [ce qui a \u00e9t\u00e9 r\u00e9alis\u00e9]. Nous en sommes \u00e0 750 trains suppl\u00e9mentaires par semaine, avec des trains tous les quarts d&rsquo;heure aux heures de pointe. [\u00c0 c\u00f4t\u00e9 de \u00e7a], l&rsquo;Eurom\u00e9tropole porte, avec la R\u00e9gion et la SNCF, le projet d&rsquo;agrandissement de la gare de Strasbourg, aussi appel\u00e9 projet de \u00ab\u00a0gare \u00e0 360 degr\u00e9s\u00a0\u00bb, un des serpents de mer que nous avons [pris \u00e0 bras le corps].<\/p>\n<p class=\"ac-article-content__question wall-content\">Quel conseil donneriez-vous \u00e0 votre successeur(e) ?<\/p>\n<p class=\" wall-content\"><strong class=\"color-primary\">P.I. : <\/strong>Il faut avoir une vision, des valeurs, \u00eatre dans l\u2019\u00e9coute des habitants, des interlocuteurs, des parties prenantes et \u00eatre dans le dialogue afin de construire une feuille de route et une vision pour le territoire.<\/p>\n<p class=\" wall-content\">*Depuis d\u00e9cembre 2024, l\u2019\u00c9tat a supprim\u00e9 la prime \u00e0 la conversion, la surprime ZFE et r\u00e9duit progressivement le bonus \u00e9cologique, marquant un net recul des aides nationales \u00e0 la transition automobile.<\/p>\n<p class=\" wall-content\">**Le seuil r\u00e9glementaire de qualit\u00e9 de l\u2019air qui d\u00e9clenche l\u2019obligation de mettre en place une Zone \u00e0 Faibles \u00c9missions mobilit\u00e9 (ZFE-m) correspond \u00e0 un d\u00e9passement r\u00e9gulier de la valeur limite europ\u00e9enne de 40 \u00b5g\/m\u00b3 en moyenne annuelle de dioxyde d\u2019azote (NO\u2082). En 2023, l\u2019ensemble des stations de l\u2019Eurom\u00e9tropole de Strasbourg relevait un niveau inf\u00e9rieur \u00e0 ce seuil.<\/p>\n<p class=\" wall-content\">Personnalisez votre actualit\u00e9 en ajoutant vos villes et m\u00e9dias en favori avec <a href=\"https:\/\/moncompte.actu.fr\" title=\"D\u00e9couvez Mon Actu\" rel=\"nofollow noopener\" data-trk=\"{&quot;cta&quot;:{&quot;action&quot;:&quot;https:\\\/\\\/moncompte.actu.fr&quot;,&quot;category&quot;:&quot;mon compte&quot;,&quot;from&quot;:&quot;article footer&quot;,&quot;name&quot;:&quot;Mon actu&quot;,&quot;type&quot;:&quot;cta&quot;}}\" target=\"_blank\">Mon Actu<\/a>.<\/p>\n","protected":false},"excerpt":{"rendered":"Par Ivan CAPECCHI Publi\u00e9 le 23 oct. 2025 \u00e0 18h48 Venue d\u2019une commune de seconde couronne et sans&hellip;\n","protected":false},"author":2,"featured_media":485227,"comment_status":"","ping_status":"","sticky":false,"template":"","format":"standard","meta":{"footnotes":""},"categories":[2820],"tags":[1111,11,1777,5342,674,1011,27,775,12,25,104,640,56934,16227],"class_list":{"0":"post-485226","1":"post","2":"type-post","3":"status-publish","4":"format-standard","5":"has-post-thumbnail","7":"category-strasbourg","8":"tag-actu","9":"tag-actualites","10":"tag-eu","11":"tag-eurometropole-de-strasbourg","12":"tag-europe","13":"tag-fr","14":"tag-france","15":"tag-grand-est","16":"tag-news","17":"tag-republique-francaise","18":"tag-societe","19":"tag-strasbourg","20":"tag-tram-nord-strasbourg","21":"tag-tram-ouest-strasbourg"},"share_on_mastodon":{"url":"https:\/\/pubeurope.com\/@fr\/115425545035560847","error":""},"_links":{"self":[{"href":"https:\/\/www.europesays.com\/fr\/wp-json\/wp\/v2\/posts\/485226","targetHints":{"allow":["GET"]}}],"collection":[{"href":"https:\/\/www.europesays.com\/fr\/wp-json\/wp\/v2\/posts"}],"about":[{"href":"https:\/\/www.europesays.com\/fr\/wp-json\/wp\/v2\/types\/post"}],"author":[{"embeddable":true,"href":"https:\/\/www.europesays.com\/fr\/wp-json\/wp\/v2\/users\/2"}],"replies":[{"embeddable":true,"href":"https:\/\/www.europesays.com\/fr\/wp-json\/wp\/v2\/comments?post=485226"}],"version-history":[{"count":0,"href":"https:\/\/www.europesays.com\/fr\/wp-json\/wp\/v2\/posts\/485226\/revisions"}],"wp:featuredmedia":[{"embeddable":true,"href":"https:\/\/www.europesays.com\/fr\/wp-json\/wp\/v2\/media\/485227"}],"wp:attachment":[{"href":"https:\/\/www.europesays.com\/fr\/wp-json\/wp\/v2\/media?parent=485226"}],"wp:term":[{"taxonomy":"category","embeddable":true,"href":"https:\/\/www.europesays.com\/fr\/wp-json\/wp\/v2\/categories?post=485226"},{"taxonomy":"post_tag","embeddable":true,"href":"https:\/\/www.europesays.com\/fr\/wp-json\/wp\/v2\/tags?post=485226"}],"curies":[{"name":"wp","href":"https:\/\/api.w.org\/{rel}","templated":true}]}}