{"id":485230,"date":"2025-10-23T21:14:15","date_gmt":"2025-10-23T21:14:15","guid":{"rendered":"https:\/\/www.europesays.com\/fr\/485230\/"},"modified":"2025-10-23T21:14:15","modified_gmt":"2025-10-23T21:14:15","slug":"alpes-maritimes-la-vesubie-retrouve-son-cours-normal","status":"publish","type":"post","link":"https:\/\/www.europesays.com\/fr\/485230\/","title":{"rendered":"Alpes-Maritimes. La V\u00e9subie retrouve son cours normal&#8230;"},"content":{"rendered":"<p style=\"text-align: center;\"><img decoding=\"async\" src=\"https:\/\/www.europesays.com\/fr\/wp-content\/uploads\/2025\/10\/barrage-avant-minage.png\" title=\"\" alt=\"\"\/><br \/>&#8211; avant le minage &#8211;<\/p>\n<p>Entre 1952 et 2005, le barrage du Suquet, situ\u00e9 en limite des communes d\u2019Utelle et de Lantosque, \u00e9tait utilis\u00e9 pour disposer de l\u2019\u00e9nergie de la rivi\u00e8re la V\u00e9subie. Apr\u00e8s 15 ann\u00e9es d\u2019abandon du barrage et plusieurs arr\u00eat\u00e9s pr\u00e9fectoraux de mise en demeure de la soci\u00e9t\u00e9 d\u2019exploitation de produire un projet de travaux visant \u00e0 remettre en \u00e9tat le site, l\u2019\u00c9tat a ordonn\u00e9 la destruction du barrage du Suquet par arr\u00eat\u00e9 pr\u00e9fectoral en date du 29 octobre 2019.<\/p>\n<p>Faute de d\u00e9molition de l\u2019ouvrage par la soci\u00e9t\u00e9 exploitante, des travaux d\u2019ex\u00e9cution d\u2019office ont \u00e9t\u00e9 engag\u00e9s par la Direction d\u00e9partementale des territoires et de la mer des Alpes-Maritimes, plac\u00e9e sous l\u2019autorit\u00e9 du Pr\u00e9fet. L\u2019arasement de la premi\u00e8re partie du barrage, sur une hauteur de 1,50 m\u00e8tre, a eu lieu en septembre 2021 suite \u00e0 la temp\u00eate Alex. Les travaux de cette premi\u00e8re phase, d\u2019une dur\u00e9e d\u2019un mois, ont co\u00fbt\u00e9 environ 100 000 euros.<\/p>\n<p>La surveillance du cours d\u2019eau par un g\u00e9om\u00e8tre-expert a permis d\u2019observer un abaissement du niveau du lit mineur de la V\u00e9subie situ\u00e9 \u00e0 l\u2019amont du barrage, ce qui a conduit les services de l\u2019\u00c9tat \u00e0 proposer d\u2019ex\u00e9cuter en 2025 la seconde phase des travaux d\u2019arasement. Ces derniers travaux de d\u00e9molition ont \u00e9t\u00e9 r\u00e9alis\u00e9s par micro-minage et \u00e0 la pelle m\u00e9canique. Pour limiter l\u2019impact environnemental sur le cours d\u2019eau, les travaux se sont d\u00e9roul\u00e9s en concertation avec l\u2019ensemble des acteurs en p\u00e9riode estivale et avant d\u2019\u00e9ventuels \u00e9pisodes m\u00e9diterran\u00e9ens, du 2 septembre au 7 octobre 2025.<\/p>\n<p>Mille tonnes de gravats ont \u00e9t\u00e9 retir\u00e9es du cours d\u2019eau afin de rendre \u00e0 la V\u00e9subie son \u00e9tat naturel. Cette seconde phase de travaux de d\u00e9molition du barrage, repr\u00e9sentant un co\u00fbt de 160 000 euros, va permettre de r\u00e9tablir la continuit\u00e9 \u00e9cologique entre l\u2019aval et l\u2019amont du barrage et de r\u00e9duire le risque d\u2019inondations dans le lit majeur de la V\u00e9subie, soumise \u00e0 des crues torrentielles. Les services de l\u2019\u00c9tat continueront \u00e0 observer l\u2019\u00e9volution post-travaux de la rivi\u00e8re pendant 3 ans, en poursuivant les relev\u00e9s topographiques r\u00e9alis\u00e9s depuis 2021. CQFD\u00a0!<\/p>\n<p><img decoding=\"async\" src=\"https:\/\/www.europesays.com\/fr\/wp-content\/uploads\/2025\/10\/barrage-apres.png\" title=\"\" alt=\"\"\/><br \/>&#8211; retour \u00e0 la normale&#8230;<\/p>\n","protected":false},"excerpt":{"rendered":"&#8211; avant le minage &#8211; Entre 1952 et 2005, le barrage du Suquet, situ\u00e9 en limite des communes&hellip;\n","protected":false},"author":2,"featured_media":485231,"comment_status":"","ping_status":"","sticky":false,"template":"","format":"standard","meta":{"footnotes":""},"categories":[2819],"tags":[1111,47,11,1777,674,1011,27,1110,1031,12,2401,882,25],"class_list":{"0":"post-485230","1":"post","2":"type-post","3":"status-publish","4":"format-standard","5":"has-post-thumbnail","7":"category-nice","8":"tag-actu","9":"tag-actualite","10":"tag-actualites","11":"tag-eu","12":"tag-europe","13":"tag-fr","14":"tag-france","15":"tag-informations","16":"tag-magazine","17":"tag-news","18":"tag-nice","19":"tag-provence-alpes-cote-dazur","20":"tag-republique-francaise"},"share_on_mastodon":{"url":"https:\/\/pubeurope.com\/@fr\/115425553534577881","error":""},"_links":{"self":[{"href":"https:\/\/www.europesays.com\/fr\/wp-json\/wp\/v2\/posts\/485230","targetHints":{"allow":["GET"]}}],"collection":[{"href":"https:\/\/www.europesays.com\/fr\/wp-json\/wp\/v2\/posts"}],"about":[{"href":"https:\/\/www.europesays.com\/fr\/wp-json\/wp\/v2\/types\/post"}],"author":[{"embeddable":true,"href":"https:\/\/www.europesays.com\/fr\/wp-json\/wp\/v2\/users\/2"}],"replies":[{"embeddable":true,"href":"https:\/\/www.europesays.com\/fr\/wp-json\/wp\/v2\/comments?post=485230"}],"version-history":[{"count":0,"href":"https:\/\/www.europesays.com\/fr\/wp-json\/wp\/v2\/posts\/485230\/revisions"}],"wp:featuredmedia":[{"embeddable":true,"href":"https:\/\/www.europesays.com\/fr\/wp-json\/wp\/v2\/media\/485231"}],"wp:attachment":[{"href":"https:\/\/www.europesays.com\/fr\/wp-json\/wp\/v2\/media?parent=485230"}],"wp:term":[{"taxonomy":"category","embeddable":true,"href":"https:\/\/www.europesays.com\/fr\/wp-json\/wp\/v2\/categories?post=485230"},{"taxonomy":"post_tag","embeddable":true,"href":"https:\/\/www.europesays.com\/fr\/wp-json\/wp\/v2\/tags?post=485230"}],"curies":[{"name":"wp","href":"https:\/\/api.w.org\/{rel}","templated":true}]}}